{"id":15796,"date":"2017-06-30T12:00:37","date_gmt":"2017-06-30T11:00:37","guid":{"rendered":"http:\/\/www.cgt-lkn.org\/bizkaia\/?p=15796"},"modified":"2018-05-01T16:45:12","modified_gmt":"2018-05-01T15:45:12","slug":"epistolas-indignadas-contra-el-poder","status":"publish","type":"post","link":"https:\/\/www.cgt-lkn.org\/bizkaia\/archivos\/15796","title":{"rendered":"Ep\u00edstolas (indignadas) contra el poder"},"content":{"rendered":"<p><a href=\"https:\/\/www.cgt-lkn.org\/bizkaia\/archivos\/15796\/descarga-1-3\" rel=\"attachment wp-att-15797\"><img loading=\"lazy\" decoding=\"async\" class=\"alignleft size-full wp-image-15797\" src=\"https:\/\/www.cgt-lkn.org\/bizkaia\/wp-content\/uploads\/sites\/21\/2017\/06\/descarga-1.jpg\" alt=\"\" width=\"189\" height=\"267\" srcset=\"https:\/\/www.cgt-lkn.org\/bizkaia\/wp-content\/uploads\/sites\/21\/2017\/06\/descarga-1.jpg 189w, https:\/\/www.cgt-lkn.org\/bizkaia\/wp-content\/uploads\/sites\/21\/2017\/06\/descarga-1-177x250.jpg 177w\" sizes=\"auto, (max-width: 189px) 100vw, 189px\" \/><\/a><strong>Art\u00edculo de Enric Llopis publicado en Rebeli\u00f3n.<\/strong><\/p>\n<p><strong>El sindicalista de CGT Antonio P\u00e9rez Collado publica \u00abCartas desde m\u00e1s abajo\u00bb (C\u00edrculo Rojo)<\/strong><\/p>\n<p><span style=\"color: #222222;font-size: small\">Bancos, empresas de seguros y partidos pol\u00edticos en campa\u00f1a electoral remiten cartas en el formato tradicional. Tambi\u00e9n lo hac\u00eda Pablo de Tarso a las primeras comunidades cristianas. Con estos antecedentes, apuntados en las primeras p\u00e1ginas, el sindicalista Antonio P\u00e9rez Collado (El Picazo, Cuenca, 1953) acaba de publicar un libro <\/span><span style=\"font-size: small\"><strong><span style=\"color: #222222;font-family: Calibri\">\u2013\u00bbCartas desde m<\/span><\/strong><\/span><span style=\"color: #222222;font-size: small\"><strong>\u00e1s abajo\u00bb- que comenzar\u00e1 a presentarse en p\u00fablico el pr\u00f3ximo mes de septiembre.<\/strong> <\/span><\/p>\n<p><span style=\"color: #222222;font-size: small\">Integrado por una veintena de misivas abiertas, el texto de 105 p\u00e1ginas <strong>nace de la indignaci\u00f3n de la gente de a pie (entre ellos, P\u00e9rez Collado) frente a \u00ablas injusticias y el expolio de los de arriba\u00bb.<\/strong> La indignaci\u00f3n es el catalizador del libro, el elemento motriz, ya que el autor no se compara con \u00abtodas esas figuras de la curia, la realeza, la ciencia o la literatura que han dejado ingentes y maravillosos manojos de cartas\u00bb.<strong> Son destinatarios de los escritos Felipe Gonz\u00e1lez, Crist\u00f3bal Montoro, F\u00e1tima B\u00e1\u00f1ez, los Reyes Magos, Jos\u00e9 Ignacio Gorigolzarri, un obrero de clase media, un lector de buena voluntad, los id\u00f3latras de izquierdas y de derechas, y los libertarios dem\u00f3cratas y nacionalistas, entre otros.<\/strong><\/span><\/p>\n<p>Antonio P\u00e9rez Collado ha trabajado en la factor\u00eda de Ford en Almussafes (Valencia) desde su apertura en octubre de 1976 hasta su pr\u00f3xima jubilaci\u00f3n, en el mes de agosto. Desempe\u00f1\u00f3 la responsabilidad de <strong>secretario general de la CGT en el Pa\u00eds Valenciano y en Ford, militancia anarcosindicalista que mantiene hoy.<\/strong> <strong>Colabora actualmente en Radio Klara, forma parte del consejo editorial de la revista Libre Pensamiento y es activista y miembro fundador del Ateneo Libertario Al Margen<\/strong>, inaugurado hace tres d\u00e9cadas en Valencia. P\u00e9rez Collado adquiri\u00f3 conciencia libertaria en los primeros tiempos de la Ford, trabajando en almacenes y recambios. Entonces entr\u00f3 en contacto con los trabajadores que se organizaban en asambleas, con delegados revocables, y pon\u00edan en pr\u00e1ctica la autogesti\u00f3n. \u00abEra la gente que luchaba, antes de que se produjeran las primeras elecciones sindicales\u00bb, recuerda el activista.<\/p>\n<p><span style=\"color: #222222;font-size: small\">El libro ha visto la luz en mayo de 2017 en una corta edici\u00f3n lanzada por la editorial C\u00edrculo Rojo. Al autor se le ocurr\u00edan las cartas cuando <strong>el gobernador del Banco de Espa\u00f1a desde 2012, Luis Mar\u00eda Linde, quien percib\u00eda 185.000 euros en el cargo, ped\u00eda \u00abmoderaci\u00f3n salarial\u00bb<\/strong> a los trabajadores (su antecesor, Miguel \u00c1ngel Fern\u00e1ndez Ord\u00f3\u00f1ez, fue imputado el pasado mes de febrero en la Audiencia Nacional por la salida a bolsa de Bankia). O cuando se dirigi\u00f3 a una sucursal de Bankia, y encontr\u00f3 bloqueada la cuenta de 400 euros del Ateneo Libertario Al Margen.<strong> Tambi\u00e9n cuando escuchaba a cualquiera de los dirigentes de la patronal decir que el objetivo es cobrar menos y trabajar m\u00e1s. Y al presidente de Ford-Espa\u00f1a, quien afirmaba querer mucho a sus empleados.<\/strong> El sindicalista remiti\u00f3 las cartas en papel o correo electr\u00f3nico, y en una segunda fase las hizo p\u00fablicas. En algunos casos <\/span><span style=\"color: #222222;font-family: Open Sans;font-size: small\">\u2013<\/span><span style=\"color: #222222;font-size: small\">Bankia o Ford- le respondieron, aunque siempre de forma protocolaria y a trav\u00e9s de subalternos. As\u00ed, el jefe de recursos humanos de la multinacional estadounidense en Valencia le dej\u00f3 caer que, si tanto era su desagrado, otra gente \u00abmatar\u00eda por entrar en esta empresa, que genera mucho empleo\u00bb.<\/span><\/p>\n<p><strong>Al director de la planta de Ford en Almussafes, Antonio Ad\u00e9s, le recuerda al abandonar el cargo en 2015, tras 15 a\u00f1os al frente de la compa\u00f1\u00eda, que dirigi\u00f3 las riendas \u00abcon mano de hierro\u00bb.<\/strong> Adem\u00e1s de la eliminaci\u00f3n de derechos, en esta etapa \u00abculmin\u00f3 un proceso de discriminaci\u00f3n absoluta en lo sindical y represi\u00f3n a cualquier disidencia\u00bb. La carta tambi\u00e9n menciona la \u00ablarga y feliz convivencia o connivencia con los representantes de la UGT, que no s\u00f3lo han tenido todos los privilegios que han deseado para ellos, sino que han podido contratar a un centenar largo de parientes directos\u00bb. Fue el portavoz de UGT en Ford quien anunci\u00f3 ayer la contrataci\u00f3n de 160 personas en la f\u00e1brica de Almussafes para aumentar la producci\u00f3n entre el verano y finales de 2017. Perez Collado sostiene que en la filial espa\u00f1ola de la multinacional de Detroit ha aumentado el miedo y menguado la conciencia de clase, en comparaci\u00f3n con d\u00e9cadas anteriores.<\/p>\n<p><strong>Critica que los empleados j\u00f3venes entren a la factor\u00eda en condiciones mucho peores y con n\u00f3minas sustancialmente inferiores<\/strong>. <strong>Adem\u00e1s pone como ejemplo las numerosas horas extraordinarias (obligatorias), a las que se agregan ritmos mucho m\u00e1s duros en la cadena y la proliferaci\u00f3n de enfermedades profesionales. \u00abSe dan casos de un trato desp\u00f3tico en la cadena de montaje por parte de encargados y mandos intermedios; en los a\u00f1os 70 y 80 esto pod\u00eda suceder, pero hab\u00eda una clara respuesta\u00bb, destaca el activista. En 2016 la multinacional Ford obtuvo unos beneficios netos de 4.600 millones de d\u00f3lares.<\/strong><\/p>\n<p>En la<strong> misiva dirigida al expresidente del Gobierno, Felipe Gonz\u00e1lez, le reprocha el uso del lenguaje<\/strong> en unas declaraciones realizadas durante un almuerzo organizado por la Asociaci\u00f3n para la Defensa de la Transici\u00f3n (abril de 2013).<strong> \u00abHay una crisis institucional que galopa hacia la anarqu\u00eda\u00bb,<\/strong> dec\u00eda el titular. El texto agregaba el calificativo \u00abdisolvente\u00bb a la apelaci\u00f3n \u00e1crata. Adem\u00e1s de recomendarle la lectura de los cl\u00e1sicos del anarquismo, Antonio P\u00e9rez Collado se\u00f1ala <strong>al dirigente del PSOE la \u00abtraici\u00f3n\u00bb a las ilusiones de millones de espa\u00f1oles: el mantenimiento del pa\u00eds en la estructura de la OTAN, la \u00absalvaje\u00bb reconversi\u00f3n industrial, las privatizaciones del sector p\u00fablico, el GAL y las reformas laborales.<\/strong> Y as\u00ed, hasta la participaci\u00f3n como consejero en la empresa Gas Natural, de la que se retir\u00f3 despu\u00e9s de afirmar que se aburr\u00eda, y haberse embolsado m\u00e1s de 500.000 euros durante cuatro a\u00f1os y medio en el cargo.<\/p>\n<p>Otras veces las cartas proceden de experiencias personales. <strong>Como la remitida al ministro de Hacienda, Crist\u00f3bal Montoro, despu\u00e9s que la Agencia Tributaria le reclamara 70 euros por un error involuntario del autor del libro<\/strong>. El incidente no s\u00f3lo le supuso enfrentarse a colas, citaciones, cartas y tr\u00e1mites burocr\u00e1ticos, sino tambi\u00e9n asumir las noticias que circulaban esos d\u00edas sobre para\u00edsos fiscales y corrupci\u00f3n. La carta que el autor le dirigi\u00f3 a F\u00e1tima B\u00e1\u00f1ez, en mayo de 2016, fue la respuesta a otra de la \u00absupuesta\u00bb ministra de Empleo y Seguridad Social, en la que anunciaba una subida del 0,25% en las pensiones (un \u00abgeneroso incremento\u00bb, de dos euros netos). Antonio P\u00e9rez afirma que iniciativas m\u00e1s plausibles habr\u00eda sido la renta b\u00e1sica, la jornada de 35 horas semanales, la jubilaci\u00f3n a los 60 a\u00f1os o la prohibici\u00f3n de las horas extraordinarias. Le informa adem\u00e1s a la ministra de los 2.642 millones de euros de beneficio logrados por el BBVA en 2015, un 0,9% m\u00e1s que el a\u00f1o anterior.<\/p>\n<p><span style=\"color: #222222;font-size: small\">\u00bfEn qu\u00e9 estado de salud se hallan actualmente los movimientos sociales? \u00bfEs cierto <\/span><span style=\"color: #222222;font-family: Calibri;font-size: small\">\u2013como sostienen numerosos activistas- que en los <\/span><span style=\"color: #222222;font-size: small\">\u00faltimos tiempos se ha producido un repliegue de la calle? <strong>\u00abYo siempre veo alg\u00fan brote de esperanza\u00bb, matiza P\u00e9rez Collado, \u00abpero tras la implosi\u00f3n del 15-M hemos perdido terreno\u00bb. \u00abNo hemos recuperado el ambiente de los a\u00f1os 70\u00bb.<\/strong> En aquella \u00e9poca no eran tan frecuentes las cr\u00edticas del ciudadano a una huelga, s\u00f3lo porque coincidiera con un \u00abpuente\u00bb; el rechazo de los trabajadores aut\u00f3ctonos a la poblaci\u00f3n inmigrante o la falta de conciencia de clase. \u00abHoy muchos trabajadores piensan como el enemigo\u00bb.<\/span><\/p>\n<p><strong>\u00bfY en cuanto al anarcosindicalismo? \u00abNada a contracorriente, pero aguanta; aunque nos falta ser una referencia m\u00e1s clara para la gente; adem\u00e1s hemos mejorado en la cuesti\u00f3n de las rencillas familiares<\/strong>\u00ab. Destaca Antonio P\u00e9rez Collado que la CGT recibe a trabajadores frustrados con los sindicatos tradicionales, \u00abpero a\u00fan son pocos los que vienen; otros se han marchado a sindicatos a la izquierda de Comisiones Obreras y UGT\u00bb. En este proceso observa un inconveniente, la dispersi\u00f3n de fuerzas. En cuanto al movimiento libertario, constata la eclosi\u00f3n de nuevas editoriales, ateneos, casas Okupas y grupos que, con una u otra denominaci\u00f3n, despliegan pr\u00e1cticas libertarias.<\/p>\n<p>Los l\u00edderes sindicales han alargado durante los a\u00f1os su mandato. Ignacio Fern\u00e1ndez Toxo ha anunciado que no se presentar\u00e1 a una pr\u00f3xima reelecci\u00f3n, despu\u00e9s de permanecer al frente de Comisiones Obreras desde 2008. Josep Maria \u00c1lvarez sustituy\u00f3 a C\u00e1ndido M\u00e9ndez como secretario general de UGT, despu\u00e9s que \u00e9ste dirigiera el sindicato durante 22 a\u00f1os. Con los escritos pretendi\u00f3 algo \u00abcasi imposible\u00bb, aclara el autor de \u00abCartas desde m\u00e1s abajo\u00bb. Quiso<strong> \u00abquitar la careta a las burocracias de los dos sindicatos amamantados por el poder pol\u00edtico y empresarial\u00bb.<\/strong> Dudaba adem\u00e1s, que los viejos mentores Nicol\u00e1s Redondo y Marcelino Camacho \u00ablograsen nunca tanta unanimidad entre las castas rivales\u00bb. Otro de los textos tiene como destinataria a <strong>Nerea, ni\u00f1a llevada por sus padres a un mitin de Pablo Iglesias en Valencia y que tambi\u00e9n se acerc\u00f3 a saludar al dirigente de Podemos. A la vista de la evoluci\u00f3n del citado partido, opina P\u00e9rez Collado, \u00abes como si tus abuelos hubieran llevado a los pap\u00e1s a un acto de aclamaci\u00f3n de Felipe Gonz\u00e1lez\u00bb.<\/strong><\/p>\n<p>En otra de las cartas, a un obrero de clase media, <strong>lamenta la renuncia a la identidad proletaria \u00abpor parte de los currantes y sus familias; no digamos ya si el sujeto es un funcionario o un t\u00e9cnico\u00bb.<\/strong> Se trata del sexto libro del autor, despu\u00e9s de otros como \u00abQueridas cadenas\u00bb (2001), \u00abDe la ilusi\u00f3n a la indignaci\u00f3n\u00bb (2012) y \u00abVotar o decidir\u00bb (2014). Cierra \u00abCartas desde m\u00e1s abajo\u00bb un ep\u00edlogo \u00abtuitero\u00bb, lo que evidencia que tambi\u00e9n \u00e9l ha sucumbido ante el llamado progreso, ironiza. As\u00ed, <strong>\u00abMola un mont\u00f3n ser clase media, aunque no tengas donde caerte muerto. Es uno de los milagros neoliberales: que el obrero piense como el amo\u00bb;<\/strong> \u00ab\u00bfHacen falta tantos estudios que nos digan que somos m\u00e1s pobres y que tenemos menos derechos desde que empezaron con los recortes y las reformas?\u00bb; o tambi\u00e9n, \u00abExplicado crudamente, la Fiesta de la Democracia consiste en que t\u00fa votas a unos pol\u00edticos un d\u00eda y ellos deciden por ti durante cuatro a\u00f1os\u00bb.<\/p>\n<p><a href=\"http:\/\/rebelion.org\/noticia.php?id=228532\"><span lang=\"\">http:\/\/rebelion.org\/noticia.php?id=228532<\/span><\/a><\/p>\n<p>&nbsp;<\/p>\n<p>&nbsp;<\/p>\n<p>&nbsp;<\/p>\n","protected":false},"excerpt":{"rendered":"<p style=\"text-align: justify\"><strong>Art\u00edculo de Enric Llopis publicado en Rebeli\u00f3n.<\/strong><\/p>\n<p style=\"text-align: justify\"><strong>El sindicalista de CGT Antonio P\u00e9rez Collado publica \u00abCartas desde m\u00e1s abajo\u00bb (C\u00edrculo Rojo)<\/strong><\/p>\n<p style=\"text-align: justify\">Bancos, empresas de seguros y partidos pol\u00edticos en campa\u00f1a electoral remiten cartas en el formato tradicional. Tambi\u00e9n lo hac\u00eda Pablo de Tarso a las primeras comunidades cristianas. Con estos antecedentes, apuntados en las primeras p\u00e1ginas, el sindicalista Antonio P\u00e9rez Collado (El Picazo, Cuenca, 1953) acaba de publicar un libro <strong>\u2013\u00bbCartas desde m<\/strong><strong>\u00e1s abajo\u00bb- que comenzar\u00e1 a presentarse en p\u00fablico el pr\u00f3ximo mes de septiembre.<\/strong><\/p>\n<p style=\"text-align: justify\">Integrado por una veintena de misivas abiertas, el texto de 105 p\u00e1ginas <strong>nace de la indignaci\u00f3n de la gente de a pie (entre ellos, P\u00e9rez Collado) frente a \u00ablas injusticias y el expolio de los de arriba\u00bb.<\/strong> La indignaci\u00f3n es el catalizador del libro, el elemento motriz, ya que el autor no se compara con \u00abtodas esas figuras de la curia, la realeza, la ciencia o la literatura que han dejado ingentes y maravillosos manojos de cartas\u00bb.<strong> Son destinatarios de los escritos Felipe Gonz\u00e1lez, Crist\u00f3bal Montoro, F\u00e1tima B\u00e1\u00f1ez, los Reyes Magos, Jos\u00e9 Ignacio Gorigolzarri, un obrero de clase media, un lector de buena voluntad, los id\u00f3latras de izquierdas y de derechas, y los libertarios dem\u00f3cratas y nacionalistas, entre otros.<\/strong><\/p>\n","protected":false},"author":191,"featured_media":15797,"comment_status":"closed","ping_status":"closed","sticky":false,"template":"","format":"standard","meta":{"footnotes":"","_links_to":"","_links_to_target":""},"categories":[35],"tags":[],"class_list":["post-15796","post","type-post","status-publish","format-standard","has-post-thumbnail","hentry","category-libros"],"publishpress_future_action":{"enabled":false,"date":"2026-05-09 09:34:29","action":"change-status","newStatus":"draft","terms":[],"taxonomy":"category","extraData":[]},"publishpress_future_workflow_manual_trigger":{"enabledWorkflows":[]},"_links":{"self":[{"href":"https:\/\/www.cgt-lkn.org\/bizkaia\/wp-json\/wp\/v2\/posts\/15796","targetHints":{"allow":["GET"]}}],"collection":[{"href":"https:\/\/www.cgt-lkn.org\/bizkaia\/wp-json\/wp\/v2\/posts"}],"about":[{"href":"https:\/\/www.cgt-lkn.org\/bizkaia\/wp-json\/wp\/v2\/types\/post"}],"author":[{"embeddable":true,"href":"https:\/\/www.cgt-lkn.org\/bizkaia\/wp-json\/wp\/v2\/users\/191"}],"replies":[{"embeddable":true,"href":"https:\/\/www.cgt-lkn.org\/bizkaia\/wp-json\/wp\/v2\/comments?post=15796"}],"version-history":[{"count":0,"href":"https:\/\/www.cgt-lkn.org\/bizkaia\/wp-json\/wp\/v2\/posts\/15796\/revisions"}],"wp:featuredmedia":[{"embeddable":true,"href":"https:\/\/www.cgt-lkn.org\/bizkaia\/wp-json\/wp\/v2\/media\/15797"}],"wp:attachment":[{"href":"https:\/\/www.cgt-lkn.org\/bizkaia\/wp-json\/wp\/v2\/media?parent=15796"}],"wp:term":[{"taxonomy":"category","embeddable":true,"href":"https:\/\/www.cgt-lkn.org\/bizkaia\/wp-json\/wp\/v2\/categories?post=15796"},{"taxonomy":"post_tag","embeddable":true,"href":"https:\/\/www.cgt-lkn.org\/bizkaia\/wp-json\/wp\/v2\/tags?post=15796"}],"curies":[{"name":"wp","href":"https:\/\/api.w.org\/{rel}","templated":true}]}}