{"id":15730,"date":"2017-06-19T15:31:44","date_gmt":"2017-06-19T14:31:44","guid":{"rendered":"http:\/\/www.cgt-lkn.org\/bizkaia\/?p=15730"},"modified":"2018-05-01T16:45:12","modified_gmt":"2018-05-01T15:45:12","slug":"feministas-a-favor-de-un-sistema-de-seguridad-social-digno-y-publico-concentracion-22-de-junio-sede-del-gobierno-vasco-en-bilbao-1200-h","status":"publish","type":"post","link":"https:\/\/www.cgt-lkn.org\/bizkaia\/archivos\/15730","title":{"rendered":"FEMINISTAS A FAVOR DE UN SISTEMA DE SEGURIDAD SOCIAL DIGNO Y P\u00daBLICO: Concentraci\u00f3n 22 de Junio sede del Gobierno Vasco en Bilbao, 12:00 h."},"content":{"rendered":"<p><a href=\"https:\/\/www.cgt-lkn.org\/bizkaia\/archivos\/15730\/image001\" rel=\"attachment wp-att-15731\"><img loading=\"lazy\" decoding=\"async\" class=\"alignleft size-full wp-image-15731\" src=\"https:\/\/www.cgt-lkn.org\/bizkaia\/wp-content\/uploads\/sites\/21\/2017\/06\/image001.jpg\" alt=\"\" width=\"472\" height=\"266\" srcset=\"https:\/\/www.cgt-lkn.org\/bizkaia\/wp-content\/uploads\/sites\/21\/2017\/06\/image001.jpg 472w, https:\/\/www.cgt-lkn.org\/bizkaia\/wp-content\/uploads\/sites\/21\/2017\/06\/image001-300x169.jpg 300w, https:\/\/www.cgt-lkn.org\/bizkaia\/wp-content\/uploads\/sites\/21\/2017\/06\/image001-250x141.jpg 250w, https:\/\/www.cgt-lkn.org\/bizkaia\/wp-content\/uploads\/sites\/21\/2017\/06\/image001-400x225.jpg 400w\" sizes=\"auto, (max-width: 472px) 100vw, 472px\" \/><\/a>Recortes, recortes y m\u00e1s recortes. Esa es la soluci\u00f3n que el gobierno vasco ha pensado para las m\u00e1s de 69.000 personas que se encuentran en situaci\u00f3n de pobreza en la CAV. Recortes y m\u00e1s pobreza. El pasado 31 de Mayo, los departamentos de pol\u00edticas sociales de Araba, Bizkaia y Gipuzkoa anunciaron las medidas para la reformas que se aplicar\u00e1n en el sistema de prestaciones sociales.<\/p>\n<p>Entre ellas, siguiendo a la reforma anterior, se blinda cada vez m\u00e1s el acceso a prestaciones sociales modificando las condiciones. El ataque contra el sistema de seguridad social en los \u00faltimos a\u00f1os ha sido constante:<\/p>\n<p>&#8211; Desde el a\u00f1o 2012, se ha recortado un 7% en presupuestos destinados en materia de ayudas sociales. \uf0b7<\/p>\n<p>&#8211; Blindaje de las condiciones para acceder a las prestaciones.<\/p>\n<p>-La reciente decisi\u00f3n de no aplicar la subida del 8% del SMI en las prestaciones que gestiona Lanbide.<\/p>\n<p>Adem\u00e1s de todo esto, seg\u00fan hemos sabido recientemente, otro de los puntos de la nueva reforma del RGI ser\u00e1 que unicamente se podr\u00e1 recibir una prestaci\u00f3n por domicilio. Esto aparte de limitar el derecho a la vivienda de las personas que trabajan en precario, es una clara apuesta por un modelo de familia normativa, dejando de lado las muchas y diversas unidades de convivencia actuales y reduciendo, claramente, sus oportunidades.<\/p>\n<p>El pasado 1 de abril miles de ciudadanas salimos a la calle para denunciar estas medidas. Queremos rechazar los constantes ataques al sistema de seguridad social, as\u00ed como la campa\u00f1a de criminalizaci\u00f3n que el departamento dirigido por Beatriz Artolazabal y los diferentes medios de comunicaci\u00f3n. As\u00ed mismo el imponer la huella digital a las personas que reciban prestaciones sociales es inaceptable.<\/p>\n<p>Los constantes recortes que estamos padeciendo en el \u00e1mbito laboral han aumentado la brecha social y el colectivo de personas trabajadoras en situaci\u00f3n de pobreza es cada vez mayor. Muchas personas trabajadoras a trav\u00e9s del trabajo no logran los ingresos suficientes y se ven obligadas a pedir prestaciones sociales para poder garantizar el tener las necesidades b\u00e1sicas cubiertas.<\/p>\n<p>En este contexto, las mujeres somos las m\u00e1s perjudicadas. Por poner un ejemplo, nosotras somos el 30,8% que tienen un contrato a tiempo parcial. Y por si fuera poco, el desempleo, la precarizaci\u00f3n, la brecha salarial, la desvalorizaci\u00f3n de los trabajos feminizados, no podemos olvidar todos aquellos trabajos que hacemos gratis las mujeres. Sobre nosotras recaen los trabajos de cuidados que este sistema necesita para producir.<\/p>\n<p>Sobre nosotras recaen los trabajos necesarios para cubrir las necesidades b\u00e1sicas cuando el estado no asume sus responsabilidades. Es por ello que todos los recortes que llevan a cabo, suponen una gran carga sobre nuestras espaldas. No lo admitimos. Nos hemos cansado de llevar estas mochilas tan pesadas. Las medidas de protecci\u00f3n social no son un lujo, son nuestros derechos.<\/p>\n<p>Somos mujeres trabajadoras a las que trabajo nos sobra pero nos falta empleo digno. Las pol\u00edticas antisociales del Gobierno Vasco nos condenan a situaciones de exclusi\u00f3n social. Pero las feministas bien sabemos que hay alternativas: un sistema de protecci\u00f3n social p\u00fablico y de calidad que garantice una vida digna y soberana.<\/p>\n<p>De este modo hacemos llamamiento a diferentes agentes feministas para difundir y participar el pr\u00f3ximo 22 de junio en la acci\u00f3n que llevaremos a cabo frente a la sede del gobierno vasco en Bilbao las 12.00. Traed vuestras mochilas pues vamos a dejarlas en la puerta del edificio como s\u00edmbolo del peso que acarreamos las mujeres. \u00a1Por una vida soberana de pleno derecho! \u00a1No m\u00e1s recortes! \u00a1No m\u00e1s pobreza! \u00a1Gora borroka feminista!!<\/p>\n<p>&nbsp;<\/p>\n","protected":false},"excerpt":{"rendered":"<p style=\"text-align: justify\">Recortes, recortes y m\u00e1s recortes. Esa es la soluci\u00f3n que el gobierno vasco ha pensado para las m\u00e1s de 69.000 personas que se encuentran en situaci\u00f3n de pobreza en la CAV. Recortes y m\u00e1s pobreza. El pasado 31 de Mayo, los departamentos de pol\u00edticas sociales de Araba, Bizkaia y Gipuzkoa anunciaron las medidas para la reformas que se aplicar\u00e1n en el sistema de prestaciones sociales.<\/p>\n<p style=\"text-align: justify\">Entre ellas, siguiendo a la reforma anterior, se blinda cada vez m\u00e1s el acceso a prestaciones sociales modificando las condiciones. El ataque contra el sistema de seguridad social en los \u00faltimos a\u00f1os ha sido constante:<\/p>\n","protected":false},"author":20,"featured_media":15731,"comment_status":"closed","ping_status":"closed","sticky":false,"template":"","format":"standard","meta":{"footnotes":"","_links_to":"","_links_to_target":""},"categories":[16,38,8,15],"tags":[],"class_list":["post-15730","post","type-post","status-publish","format-standard","has-post-thumbnail","hentry","category-emakume-mujer","category-leyes-y-normas-leyes-y-normas","category-movilizaciones","category-social"],"publishpress_future_action":{"enabled":false,"date":"2026-05-09 03:54:29","action":"change-status","newStatus":"draft","terms":[],"taxonomy":"category","extraData":[]},"publishpress_future_workflow_manual_trigger":{"enabledWorkflows":[]},"_links":{"self":[{"href":"https:\/\/www.cgt-lkn.org\/bizkaia\/wp-json\/wp\/v2\/posts\/15730","targetHints":{"allow":["GET"]}}],"collection":[{"href":"https:\/\/www.cgt-lkn.org\/bizkaia\/wp-json\/wp\/v2\/posts"}],"about":[{"href":"https:\/\/www.cgt-lkn.org\/bizkaia\/wp-json\/wp\/v2\/types\/post"}],"author":[{"embeddable":true,"href":"https:\/\/www.cgt-lkn.org\/bizkaia\/wp-json\/wp\/v2\/users\/20"}],"replies":[{"embeddable":true,"href":"https:\/\/www.cgt-lkn.org\/bizkaia\/wp-json\/wp\/v2\/comments?post=15730"}],"version-history":[{"count":0,"href":"https:\/\/www.cgt-lkn.org\/bizkaia\/wp-json\/wp\/v2\/posts\/15730\/revisions"}],"wp:featuredmedia":[{"embeddable":true,"href":"https:\/\/www.cgt-lkn.org\/bizkaia\/wp-json\/wp\/v2\/media\/15731"}],"wp:attachment":[{"href":"https:\/\/www.cgt-lkn.org\/bizkaia\/wp-json\/wp\/v2\/media?parent=15730"}],"wp:term":[{"taxonomy":"category","embeddable":true,"href":"https:\/\/www.cgt-lkn.org\/bizkaia\/wp-json\/wp\/v2\/categories?post=15730"},{"taxonomy":"post_tag","embeddable":true,"href":"https:\/\/www.cgt-lkn.org\/bizkaia\/wp-json\/wp\/v2\/tags?post=15730"}],"curies":[{"name":"wp","href":"https:\/\/api.w.org\/{rel}","templated":true}]}}