{"id":15703,"date":"2017-06-15T09:55:37","date_gmt":"2017-06-15T08:55:37","guid":{"rendered":"http:\/\/www.cgt-lkn.org\/bizkaia\/?p=15703"},"modified":"2018-05-01T16:45:12","modified_gmt":"2018-05-01T15:45:12","slug":"concentracion-en-el-antiguo-hotel-avenida-hoy-a-las-1230-y-manana-a-las-8-00-por-la-renovacion-del-convenio-colectivo","status":"publish","type":"post","link":"https:\/\/www.cgt-lkn.org\/bizkaia\/archivos\/15703","title":{"rendered":"Concentraci\u00f3n en el antiguo Hotel Avenida ma\u00f1ana Viernes a las 8.00 por la renovaci\u00f3n del convenio colectivo"},"content":{"rendered":"<p><a href=\"https:\/\/www.cgt-lkn.org\/bizkaia\/archivos\/15703\/cropped-cgt_hazte_valer1-e1471524229258\" rel=\"attachment wp-att-15707\"><img loading=\"lazy\" decoding=\"async\" class=\"size-full wp-image-15707 aligncenter\" src=\"https:\/\/www.cgt-lkn.org\/bizkaia\/wp-content\/uploads\/sites\/21\/2017\/06\/cropped-cgt_Hazte_valer1-e1471524229258.jpg\" alt=\"\" width=\"600\" height=\"228\" srcset=\"https:\/\/www.cgt-lkn.org\/bizkaia\/wp-content\/uploads\/sites\/21\/2017\/06\/cropped-cgt_Hazte_valer1-e1471524229258.jpg 600w, https:\/\/www.cgt-lkn.org\/bizkaia\/wp-content\/uploads\/sites\/21\/2017\/06\/cropped-cgt_Hazte_valer1-e1471524229258-300x114.jpg 300w, https:\/\/www.cgt-lkn.org\/bizkaia\/wp-content\/uploads\/sites\/21\/2017\/06\/cropped-cgt_Hazte_valer1-e1471524229258-250x95.jpg 250w, https:\/\/www.cgt-lkn.org\/bizkaia\/wp-content\/uploads\/sites\/21\/2017\/06\/cropped-cgt_Hazte_valer1-e1471524229258-400x152.jpg 400w\" sizes=\"auto, (max-width: 600px) 100vw, 600px\" \/><\/a><\/p>\n","protected":false},"excerpt":{"rendered":"<p><!-- x-tinymce\/html --><a href=\"https:\/\/www.cgt-lkn.org\/bizkaia\/archivos\/15703\/cropped-cgt_hazte_valer1-e1471524229258\" rel=\"attachment wp-att-15707\"><img loading=\"lazy\" decoding=\"async\" class=\"size-full wp-image-15707 aligncenter\" src=\"https:\/\/www.cgt-lkn.org\/bizkaia\/wp-content\/uploads\/sites\/21\/2017\/06\/cropped-cgt_Hazte_valer1-e1471524229258.jpg\" alt=\"\" width=\"600\" height=\"228\" srcset=\"https:\/\/www.cgt-lkn.org\/bizkaia\/wp-content\/uploads\/sites\/21\/2017\/06\/cropped-cgt_Hazte_valer1-e1471524229258.jpg 600w, https:\/\/www.cgt-lkn.org\/bizkaia\/wp-content\/uploads\/sites\/21\/2017\/06\/cropped-cgt_Hazte_valer1-e1471524229258-300x114.jpg 300w, https:\/\/www.cgt-lkn.org\/bizkaia\/wp-content\/uploads\/sites\/21\/2017\/06\/cropped-cgt_Hazte_valer1-e1471524229258-250x95.jpg 250w, https:\/\/www.cgt-lkn.org\/bizkaia\/wp-content\/uploads\/sites\/21\/2017\/06\/cropped-cgt_Hazte_valer1-e1471524229258-400x152.jpg 400w\" sizes=\"auto, (max-width: 600px) 100vw, 600px\" \/><\/a><\/p>\n","protected":false},"author":57,"featured_media":0,"comment_status":"closed","ping_status":"closed","sticky":false,"template":"","format":"standard","meta":{"footnotes":"","_links_to":"","_links_to_target":""},"categories":[37,8],"tags":[],"class_list":["post-15703","post","type-post","status-publish","format-standard","hentry","category-convenios","category-movilizaciones"],"publishpress_future_action":{"enabled":false,"date":"2026-05-09 00:55:00","action":"change-status","newStatus":"draft","terms":[],"taxonomy":"category","extraData":[]},"publishpress_future_workflow_manual_trigger":{"enabledWorkflows":[]},"_links":{"self":[{"href":"https:\/\/www.cgt-lkn.org\/bizkaia\/wp-json\/wp\/v2\/posts\/15703","targetHints":{"allow":["GET"]}}],"collection":[{"href":"https:\/\/www.cgt-lkn.org\/bizkaia\/wp-json\/wp\/v2\/posts"}],"about":[{"href":"https:\/\/www.cgt-lkn.org\/bizkaia\/wp-json\/wp\/v2\/types\/post"}],"author":[{"embeddable":true,"href":"https:\/\/www.cgt-lkn.org\/bizkaia\/wp-json\/wp\/v2\/users\/57"}],"replies":[{"embeddable":true,"href":"https:\/\/www.cgt-lkn.org\/bizkaia\/wp-json\/wp\/v2\/comments?post=15703"}],"version-history":[{"count":0,"href":"https:\/\/www.cgt-lkn.org\/bizkaia\/wp-json\/wp\/v2\/posts\/15703\/revisions"}],"wp:attachment":[{"href":"https:\/\/www.cgt-lkn.org\/bizkaia\/wp-json\/wp\/v2\/media?parent=15703"}],"wp:term":[{"taxonomy":"category","embeddable":true,"href":"https:\/\/www.cgt-lkn.org\/bizkaia\/wp-json\/wp\/v2\/categories?post=15703"},{"taxonomy":"post_tag","embeddable":true,"href":"https:\/\/www.cgt-lkn.org\/bizkaia\/wp-json\/wp\/v2\/tags?post=15703"}],"curies":[{"name":"wp","href":"https:\/\/api.w.org\/{rel}","templated":true}]}}