{"id":15121,"date":"2017-03-16T11:53:32","date_gmt":"2017-03-16T10:53:32","guid":{"rendered":"http:\/\/www.cgt-lkn.org\/bizkaia\/?p=15121"},"modified":"2018-05-01T16:45:15","modified_gmt":"2018-05-01T15:45:15","slug":"jornada-preparatoria-para-el-segundo-encuentro-internacional-sobre-ecologia-social-y-municipalismo-libertario-euskal-herria-otono-2017-sabado-18-de-marzo-de-2017-en-bilbao-en-zir","status":"publish","type":"post","link":"https:\/\/www.cgt-lkn.org\/bizkaia\/archivos\/15121","title":{"rendered":"Jornada preparatoria para el \u201cSegundo Encuentro Internacional sobre Ecolog\u00eda Social y Municipalismo Libertario\u201d (Euskal Herria Oto\u00f1o 2017): S\u00e1bado 18 de Marzo de 2017 en Bilbao, en Zirika, C\/ Ronda , 12"},"content":{"rendered":"<p><a href=\"https:\/\/www.cgt-lkn.org\/bizkaia\/archivos\/15121\/imagen-5-3\" rel=\"attachment wp-att-15122\"><img loading=\"lazy\" decoding=\"async\" class=\"alignleft wp-image-15122\" src=\"https:\/\/www.cgt-lkn.org\/bizkaia\/wp-content\/uploads\/sites\/21\/2017\/03\/Imagen-5.png\" width=\"299\" height=\"400\" srcset=\"https:\/\/www.cgt-lkn.org\/bizkaia\/wp-content\/uploads\/sites\/21\/2017\/03\/Imagen-5.png 536w, https:\/\/www.cgt-lkn.org\/bizkaia\/wp-content\/uploads\/sites\/21\/2017\/03\/Imagen-5-224x300.png 224w, https:\/\/www.cgt-lkn.org\/bizkaia\/wp-content\/uploads\/sites\/21\/2017\/03\/Imagen-5-149x200.png 149w, https:\/\/www.cgt-lkn.org\/bizkaia\/wp-content\/uploads\/sites\/21\/2017\/03\/Imagen-5-400x536.png 400w\" sizes=\"auto, (max-width: 299px) 100vw, 299px\" \/><\/a>Ante el \u00e9xito inesperado en cuanto a participaci\u00f3n y calidad de debates en el primer encuentro el a\u00f1o pasado, se decidi\u00f3 organizar un segundo encuentro en uno de los pa\u00edses de la geograf\u00eda ib\u00e9rica. Ya no cabe duda de que <strong>el capitalismo arrasa tanto con la sociedad que ha forjado a su medida como con la naturaleza que la cobija.<\/strong><\/p>\n<p>No se necesita ser un experto para prever en los a\u00f1os venideros un <strong>colapso generalizado de ese capitalismo por su propia l\u00f3gica productivista<\/strong> que le lleva a una incapacidad progresiva en cuanto a la valorizaci\u00f3n del valor -pese a que los descalabros ecol\u00f3gicos que provoca, a su vez generen un mercado verde en ascenso- y por el paulatino agotamiento de la energ\u00eda y de las materias primas.<\/p>\n<p>Por consiguiente, el Estado moderno, como categor\u00eda n\u00famero uno del capital para abrir nuevos mercados y apaciguar las guerras de clases subyacentes que genera, se ver\u00e1 mermado para mantener el \u201cestado de bienestar\u201d, por lo que<strong> tendr\u00e1 que incrementar la violencia de su fuerza represiva<\/strong>. Hace tiempo que Bookchin advert\u00eda que de no hacer lo imposible, nos enfrentar\u00edamos a lo inconcebible.<\/p>\n<p>Si bien es sabido que las derechas est\u00e1n por mantener el statu quo <strong>\u00bfqu\u00e9 podemos esperar de las izquierdas aunque se autoproclamen anticapitalistas, municipalistas, ecosocialistas, las tres a la vez o bien de aquellas personas que abogan por una estrategia dual?<\/strong> No se trata de fustigar a las personas que participen en esos procesos colaboracionistas con buena fe, sino m\u00e1s bien invitarles a reflexionar desde una radicalidad bien entendida (que no de un extremismo, como el del capitalismo o sus avatares religiosos o pol\u00edticos), o sea partiendo de la ra\u00edz del problema para extirparlo y no volver a reproducirlo.<\/p>\n<p>A fin de cuentas como nos dice el soci\u00f3logo Barrington Moore: <strong>\u201cHay que decirlo, la moderaci\u00f3n ha engendrado tantas atrocidades como la revoluci\u00f3n y sin duda m\u00e1s todav\u00eda\u201d.<\/strong> En todo caso, podemos afirmar objetivamente que toda frustraci\u00f3n de cambio no hace m\u00e1s que desanimar y retrasar el cambio verdadero a la vez que le da fuelle a la maquinaria capitalista.<\/p>\n<p>Esta radicalidad la necesitamos tanto para el an\u00e1lisis y el deshacer como para las estrategias de <strong>reconstruir un movimiento de movimientos audaces<\/strong>, capaz de emprender una din\u00e1mica contraria para alcanzar una sociedad aut\u00f3noma, auto-gestionada, autosuficiente y en medida de integrarse en los ecosistemas, en busca de la felicidad y la realizaci\u00f3n de todas y de cada una de nosotras.<\/p>\n<p>Partiendo de esta realidad palpable, os invitamos a participar en la organizaci\u00f3n del Segundo Encuentro Internacional sobre Ecolog\u00eda Social para reflexionar y actuar sobre c\u00f3mo crear estrategias unificadoras en el respeto de las diversidades de alternativas concretas y esperanzadoras. Para ayudarnos en esta tarea colectiva, invitaremos, entre otras, a militantes tanto zapatistas como las del Rojava kurdo.<\/p>\n<p>Para ello proponemos los actos siguientes para el <strong>S\u00e1bado 18 de Marzo de 2017 en\u00a0Bilbao, en Zirika, C\/ Ronda , 12. <\/strong><strong>Para participar llamar a Unai: 685733180<\/strong><\/p>\n<p><strong>Por la ma\u00f1ana a las 10:30 <\/strong><\/p>\n<p>1\u00ba Presentaci\u00f3n de los libros \u201cMurray Bookchin. Por una Ecolog\u00eda Social y Radical\u201d de Floreal M. Romero y \u201cBookchin y la Ecolog\u00eda Social\u201d de \u00c0lex Alfaro Blanco. Utilizando las herramientas que nos dan dichos trabajos, los autores de los mismos har\u00e1n una breve aproximaci\u00f3n a los aspectos fundamentales de la Ecolog\u00eda Social.<\/p>\n<p>2\u00ba Introducci\u00f3n al Municipalismo Libertario y el Confederalismo democr\u00e1tico y la actualidad de Rojava y Chiapas.<\/p>\n<p>3\u00ba Debate y charla en donde l@s participantes podr\u00e1n aportar su visi\u00f3n sobre la Ecolog\u00eda Social con el fin de enriquecernos mutuamente. 4\u00ba Estableceremos un listado de las personas que se apunten para la organizaci\u00f3n del encuentro de la tarde o de aquellas que no puedan asistir esa misma tarde pero se comprometan a ayudar.<\/p>\n<p><strong>Por la tarde a las 16:30<\/strong><\/p>\n<p>Organizaci\u00f3n del encuentro: \u00bfQu\u00e9 se espera del encuentro? \u00bfCon qu\u00e9 fuerzas contamos? \u00bfCon qu\u00e9 medios contamos? Fechas, lugar, traductoras, salas, cocina, hospedaje\u2026 Estrategias de informaci\u00f3n, a nivel de las provincias, internacionalmente\u2026 \u00bfA qui\u00e9nes invitaremos? Establecimiento de los puntos que vamos a tratar durante el encuentro.<\/p>\n","protected":false},"excerpt":{"rendered":"<p style=\"text-align: justify\"><a href=\"https:\/\/www.cgt-lkn.org\/bizkaia\/?attachment_id=15122\" rel=\"attachment wp-att-15122\"><img loading=\"lazy\" decoding=\"async\" class=\"alignleft wp-image-15122\" src=\"https:\/\/www.cgt-lkn.org\/bizkaia\/wp-content\/uploads\/sites\/21\/2017\/03\/Imagen-5.png\" width=\"224\" height=\"300\" srcset=\"https:\/\/www.cgt-lkn.org\/bizkaia\/wp-content\/uploads\/sites\/21\/2017\/03\/Imagen-5.png 536w, https:\/\/www.cgt-lkn.org\/bizkaia\/wp-content\/uploads\/sites\/21\/2017\/03\/Imagen-5-224x300.png 224w, https:\/\/www.cgt-lkn.org\/bizkaia\/wp-content\/uploads\/sites\/21\/2017\/03\/Imagen-5-149x200.png 149w, https:\/\/www.cgt-lkn.org\/bizkaia\/wp-content\/uploads\/sites\/21\/2017\/03\/Imagen-5-400x536.png 400w\" sizes=\"auto, (max-width: 224px) 100vw, 224px\" \/><\/a>Ante el \u00e9xito inesperado en cuanto a participaci\u00f3n y calidad de debates en el primer encuentro el a\u00f1o pasado, se decidi\u00f3 organizar un segundo encuentro en uno de los pa\u00edses de la geograf\u00eda ib\u00e9rica. Ya no cabe duda de que <strong>el capitalismo arrasa tanto con la sociedad que ha forjado a su medida como con la naturaleza que la cobija.<\/strong><\/p>\n<p style=\"text-align: justify\">No se necesita ser un experto para prever en los a\u00f1os venideros un <strong>colapso generalizado de ese capitalismo por su propia l\u00f3gica productivista<\/strong> que le lleva a una incapacidad progresiva en cuanto a la valorizaci\u00f3n del valor -pese a que los descalabros ecol\u00f3gicos que provoca, a su vez generen un mercado verde en ascenso- y por el paulatino agotamiento de la energ\u00eda y de las materias primas.<\/p>\n<p style=\"text-align: justify\">Por consiguiente, el Estado moderno, como categor\u00eda n\u00famero uno del capital para abrir nuevos mercados y apaciguar las guerras de clases subyacentes que genera, se ver\u00e1 mermado para mantener el \u201cestado de bienestar\u201d, por lo que<strong> tendr\u00e1 que incrementar la violencia de su fuerza represiva<\/strong>. Hace tiempo que Bookchin advert\u00eda que de no hacer lo imposible, nos enfrentar\u00edamos a lo inconcebible<\/p>\n","protected":false},"author":12,"featured_media":0,"comment_status":"closed","ping_status":"closed","sticky":false,"template":"","format":"standard","meta":{"footnotes":"","_links_to":"","_links_to_target":""},"categories":[126,110],"tags":[],"class_list":["post-15121","post","type-post","status-publish","format-standard","hentry","category-debates","category-movimiento-libertario"],"publishpress_future_action":{"enabled":false,"date":"2026-05-07 13:01:10","action":"change-status","newStatus":"draft","terms":[],"taxonomy":"category","extraData":[]},"publishpress_future_workflow_manual_trigger":{"enabledWorkflows":[]},"_links":{"self":[{"href":"https:\/\/www.cgt-lkn.org\/bizkaia\/wp-json\/wp\/v2\/posts\/15121","targetHints":{"allow":["GET"]}}],"collection":[{"href":"https:\/\/www.cgt-lkn.org\/bizkaia\/wp-json\/wp\/v2\/posts"}],"about":[{"href":"https:\/\/www.cgt-lkn.org\/bizkaia\/wp-json\/wp\/v2\/types\/post"}],"author":[{"embeddable":true,"href":"https:\/\/www.cgt-lkn.org\/bizkaia\/wp-json\/wp\/v2\/users\/12"}],"replies":[{"embeddable":true,"href":"https:\/\/www.cgt-lkn.org\/bizkaia\/wp-json\/wp\/v2\/comments?post=15121"}],"version-history":[{"count":0,"href":"https:\/\/www.cgt-lkn.org\/bizkaia\/wp-json\/wp\/v2\/posts\/15121\/revisions"}],"wp:attachment":[{"href":"https:\/\/www.cgt-lkn.org\/bizkaia\/wp-json\/wp\/v2\/media?parent=15121"}],"wp:term":[{"taxonomy":"category","embeddable":true,"href":"https:\/\/www.cgt-lkn.org\/bizkaia\/wp-json\/wp\/v2\/categories?post=15121"},{"taxonomy":"post_tag","embeddable":true,"href":"https:\/\/www.cgt-lkn.org\/bizkaia\/wp-json\/wp\/v2\/tags?post=15121"}],"curies":[{"name":"wp","href":"https:\/\/api.w.org\/{rel}","templated":true}]}}