{"id":14427,"date":"2016-12-16T12:59:16","date_gmt":"2016-12-16T11:59:16","guid":{"rendered":"http:\/\/www.cgt-lkn.org\/bizkaia\/?p=14427"},"modified":"2018-05-01T16:45:21","modified_gmt":"2018-05-01T15:45:21","slug":"por-que-es-necesario-luchar-tanto-ls-mayores-como-ls-jovenes-por-un-sistema-publico-que-garantice-pensiones-dignas","status":"publish","type":"post","link":"https:\/\/www.cgt-lkn.org\/bizkaia\/archivos\/14427","title":{"rendered":"Por qu\u00e9 es necesario luchar, tanto l@s mayores como l@s j\u00f3venes, por un sistema p\u00fablico que garantice pensiones dignas"},"content":{"rendered":"<p><a href=\"https:\/\/www.cgt-lkn.org\/bizkaia\/archivos\/14427\/descarga-6\" rel=\"attachment wp-att-14429\"><img loading=\"lazy\" decoding=\"async\" class=\"alignleft wp-image-14429\" src=\"https:\/\/www.cgt-lkn.org\/bizkaia\/wp-content\/uploads\/sites\/21\/2016\/12\/descarga.jpg\" width=\"350\" height=\"233\" srcset=\"https:\/\/www.cgt-lkn.org\/bizkaia\/wp-content\/uploads\/sites\/21\/2016\/12\/descarga.jpg 275w, https:\/\/www.cgt-lkn.org\/bizkaia\/wp-content\/uploads\/sites\/21\/2016\/12\/descarga-200x133.jpg 200w\" sizes=\"auto, (max-width: 350px) 100vw, 350px\" \/><\/a>Porque no solo est\u00e1n afectados las personas pensionistas sino que <strong>el recorte de las pensiones amenaza a las futuras generaciones de pensionistas.<\/strong><\/p>\n<p>As\u00ed, en el 2019 se aplicar\u00e1 <strong>el factor de sostenibilidad<\/strong> (la patronal est\u00e1 presionando para que se aplique ya) y se a\u00f1adir\u00e1n dos nuevas variables al calcular la pensi\u00f3n a las ya existentes. En primer lugar, <strong>la esperanza de vida en dicho momento <\/strong>y en segundo lugar <strong>la evoluci\u00f3n de los ingresos y gastos de las arcas p\u00fablicas<\/strong>, por lo que solamente subir\u00e1n las pensiones si aumentan los ingresos del sistema por encima de la tasa de crecimiento del n\u00famero de pensiones, esto va a suponer <strong>una reducci\u00f3n del 15% al 25% del c\u00e1lculo que actualmente se realiza.<\/strong><\/p>\n<p>Las pensiones p\u00fablicas constituyen una de las principales piezas de la pol\u00edtica social y es la partida principal del gasto p\u00fablico en bienestar social y afecta a m\u00e1s de 9 millones de personas. <strong>El sistema p\u00fablico de previsi\u00f3n actual toma en cuenta una multitud de riesgos como la enfermedad, la invalidez, la seguridad de los conyugues supervivientes, la incapacidad de contribuir a los sistemas de pensiones por el paro, el cuidado de familiares, etc<\/strong>,. Esto supone la solidaridad social frente al individualismo, la desigualdad material, la desigualdad f\u00edsica y la protecci\u00f3n de las personas m\u00e1s vulnerables.<\/p>\n<p>En la \u00e9poca actual de paro estructural, de precariedad y de eventualidad, muchas personas no pueden acceder a los planes de pensiones privadas y solamente se lo pueden permitir las personas con rentas y salarios altos, por lo que estas personas pueden quedar instaladas en la pobreza, sino existe un sistema de protecci\u00f3n social que garantice recursos suficientes para mantener un vida digna. <strong>Los sistemas privados de pensiones afectan a la desigualdad de g\u00e9nero, tienen consecuencias en la pobreza, distribuci\u00f3n de la renta, no desarrollan valores de cohesi\u00f3n social e inclusi\u00f3n<\/strong>. Las personas que trabajan en precario o a tiempo parcial no pueden pagar las primas.<\/p>\n<p>Nos dicen que los sistemas de reparto p\u00fablico de pensiones est\u00e1n en bancarrota, por la demograf\u00eda y el mercado laboral y el coste de las pensiones. Ahora bien si aumenta la demograf\u00eda y el mercado laboral es menor, lo que es necesario es una pol\u00edtica de promoci\u00f3n del empleo. En cuanto a la edad de jubilaci\u00f3n los empresarios son los que quieren emplear m\u00e1s personas j\u00f3venes porque resulta m\u00e1s baratas.<\/p>\n<p>En cuanto al coste de las pensiones,<strong> la capacidad de financiar un sistema no depende del n\u00famero de personas empleadas sino de la producci\u00f3n de riqueza y de su distribuci\u00f3n<\/strong>. Si una parte de la riqueza social debe ir a los pensionistas.<strong> \u00bfPor qu\u00e9 se considera que las pensiones deben salir solo del ingreso de las personas trabajadoras y no de la riqueza social en general?<\/strong><\/p>\n","protected":false},"excerpt":{"rendered":"<p style=\"text-align: justify\">Porque no solo est\u00e1n afectados las personas pensionistas sino que <strong>el recorte de las pensiones amenaza a las futuras generaciones de pensionistas.<\/strong><\/p>\n<p style=\"text-align: justify\">As\u00ed, en el 2019 se aplicar\u00e1 <strong>el factor de sostenibilidad<\/strong> (la patronal est\u00e1 presionando para que se aplique ya) y se a\u00f1adir\u00e1n dos nuevas variables al calcular la pensi\u00f3n a las ya existentes. En primer lugar, <strong>la esperanza de vida en dicho momento <\/strong>y en segundo lugar <strong>la evoluci\u00f3n de los ingresos y gastos de las arcas p\u00fablicas<\/strong>, por lo que solamente subir\u00e1n las pensiones si aumentan los ingresos del sistema por encima de la tasa de crecimiento del n\u00famero de pensiones, esto va a suponer <strong>una reducci\u00f3n del 15% al 25% del c\u00e1lculo que actualmente se realiza.<\/strong><\/p>\n","protected":false},"author":12,"featured_media":14429,"comment_status":"closed","ping_status":"closed","sticky":false,"template":"","format":"standard","meta":{"footnotes":"","_links_to":"","_links_to_target":""},"categories":[26,15],"tags":[],"class_list":["post-14427","post","type-post","status-publish","format-standard","has-post-thumbnail","hentry","category-opinion","category-social"],"publishpress_future_action":{"enabled":false,"date":"2026-05-07 13:01:19","action":"change-status","newStatus":"draft","terms":[],"taxonomy":"category","extraData":[]},"publishpress_future_workflow_manual_trigger":{"enabledWorkflows":[]},"_links":{"self":[{"href":"https:\/\/www.cgt-lkn.org\/bizkaia\/wp-json\/wp\/v2\/posts\/14427","targetHints":{"allow":["GET"]}}],"collection":[{"href":"https:\/\/www.cgt-lkn.org\/bizkaia\/wp-json\/wp\/v2\/posts"}],"about":[{"href":"https:\/\/www.cgt-lkn.org\/bizkaia\/wp-json\/wp\/v2\/types\/post"}],"author":[{"embeddable":true,"href":"https:\/\/www.cgt-lkn.org\/bizkaia\/wp-json\/wp\/v2\/users\/12"}],"replies":[{"embeddable":true,"href":"https:\/\/www.cgt-lkn.org\/bizkaia\/wp-json\/wp\/v2\/comments?post=14427"}],"version-history":[{"count":0,"href":"https:\/\/www.cgt-lkn.org\/bizkaia\/wp-json\/wp\/v2\/posts\/14427\/revisions"}],"wp:featuredmedia":[{"embeddable":true,"href":"https:\/\/www.cgt-lkn.org\/bizkaia\/wp-json\/wp\/v2\/media\/14429"}],"wp:attachment":[{"href":"https:\/\/www.cgt-lkn.org\/bizkaia\/wp-json\/wp\/v2\/media?parent=14427"}],"wp:term":[{"taxonomy":"category","embeddable":true,"href":"https:\/\/www.cgt-lkn.org\/bizkaia\/wp-json\/wp\/v2\/categories?post=14427"},{"taxonomy":"post_tag","embeddable":true,"href":"https:\/\/www.cgt-lkn.org\/bizkaia\/wp-json\/wp\/v2\/tags?post=14427"}],"curies":[{"name":"wp","href":"https:\/\/api.w.org\/{rel}","templated":true}]}}