{"id":1351,"date":"2011-10-10T10:06:22","date_gmt":"2011-10-10T09:06:22","guid":{"rendered":"http:\/\/www.cgt-lkn.org\/bizkaia\/?p=1351"},"modified":"2012-06-13T22:37:44","modified_gmt":"2012-06-13T21:37:44","slug":"el-sabado-15-de-octubre-a-las-630-de-la-tarde-toma-la-calle-desde-el-sagrado-corazon-de-bilbao-con-la-consigna-unidos-por-un-cambio-global-101011","status":"publish","type":"post","link":"https:\/\/www.cgt-lkn.org\/bizkaia\/archivos\/1351","title":{"rendered":"El S\u00e1bado 15 de Octubre, a las 6,30 de la tarde, \u201cTOMA LA CALLE\u201d, desde el Sagrado Coraz\u00f3n de Bilbao, con la consigna \u201cUNIDOS POR UN CAMBIO GLOBAL\u201d."},"content":{"rendered":"<p><a href=\"https:\/\/www.cgt-lkn.org\/bizkaia\/wp-content\/uploads\/sites\/21\/2011\/10\/15-O2.jpg\"><img loading=\"lazy\" decoding=\"async\" class=\"alignleft size-thumbnail wp-image-1354\" style=\"margin-top: 5px;margin-bottom: 5px\" src=\"https:\/\/www.cgt-lkn.org\/bizkaia\/wp-content\/uploads\/sites\/21\/2011\/10\/15-O2-150x150.jpg\" alt=\"\" width=\"150\" height=\"150\" \/><\/a><span style=\"font-family: tahoma,arial,helvetica,sans-serif;font-size: small\">CGT-LKN Bizkaia apoya la primera manifestaci\u00f3n masiva de la historia a nivel global, contra la globalizaci\u00f3n neoliberal y para mostrar nuestra indignaci\u00f3n por la p\u00e9rdida de nuestros derechos a manos de una alianza entre los poderes financieros y los estados, por la imposici\u00f3n unas determinadas pol\u00edticas econ\u00f3micas que significan un nuevo giro de tuerca sobre las condiciones de vida de la mayor\u00eda.<\/span><\/p>\n<p><span style=\"font-family: tahoma,arial,helvetica,sans-serif;font-size: small\">Este pacto puesto ya en marcha, implica a los salarios el vincularlos a la productividad por lo que se deben cambiar las reglas de la Negociaci\u00f3n Colectiva, la reforma laboral que aborda la flexibilidad y la disponibilidad unilateral del contrato por parte del empresario, el aumento de la edad de jubilaci\u00f3n y la disminuci\u00f3n de la cuant\u00eda de las pensiones, la disminuci\u00f3n de la deuda p\u00fablica, en detrimento de servicios p\u00fablicos (sanidad, educaci\u00f3n, etc.) y disminuci\u00f3n de salarios , reordenaci\u00f3n del sector bancario y bancarizaci\u00f3n de las Cajas de Ahorros.<\/span><\/p>\n<p><span style=\"font-family: tahoma,arial,helvetica,sans-serif;font-size: small\">Bajo el control del poder financiero, los pol\u00edticos en poder est\u00e1n trabajando para el beneficio de unos pocos, ellos incluidos, que se est\u00e1n dedicando al saqueo de las arcas p\u00fablicas, sin que les importe el coste social, humano o medioambiental que esto puede generar. Promoviendo guerras con fines econ\u00f3micos y llevando la miseria a pueblos enteros.<\/span><\/p>\n<p><span style=\"font-family: tahoma,arial,helvetica,sans-serif;font-size: small\">Por que es importante movilizarse, se invita a todas las personas a participar en esta manifestaci\u00f3n ya que juntos somos capaces de cambiar esta intolerable situaci\u00f3n. Tomemos las calles el 15 de Octubre. Es hora de que se nos escuche. \u00a1Unidos haremos o\u00edr nuestras voces!<\/span><\/p>\n","protected":false},"excerpt":{"rendered":"<p style=\"text-align: justify\"><a href=\"https:\/\/www.cgt-lkn.org\/bizkaia\/wp-content\/uploads\/sites\/21\/2011\/10\/15-O2.jpg\"><img loading=\"lazy\" decoding=\"async\" class=\"alignleft size-thumbnail wp-image-1354\" style=\"margin-top: 5px;margin-bottom: 5px\" src=\"https:\/\/www.cgt-lkn.org\/bizkaia\/wp-content\/uploads\/sites\/21\/2011\/10\/15-O2-150x150.jpg\" alt=\"\" width=\"150\" height=\"150\" \/><\/a><\/p>\n<p style=\"text-align: justify\">\u00a0\u00a0\u00a0 <span style=\"font-family: tahoma,arial,helvetica,sans-serif;font-size: small\">CGT-LKN Bizkaia apoya la primera manifestaci\u00f3n masiva de la historia a nivel global, contra la globalizaci\u00f3n neoliberal y para mostrar nuestra indignaci\u00f3n por la p\u00e9rdida de nuestros derechos a manos de una alianza entre los poderes financieros y los estados, por la imposici\u00f3n unas determinadas pol\u00edticas econ\u00f3micas que significan un nuevo giro de tuerca sobre las condiciones de vida de la mayor\u00eda.<\/span><\/p>\n<p style=\"text-align: justify\">\u00a0<\/p>\n","protected":false},"author":12,"featured_media":0,"comment_status":"open","ping_status":"closed","sticky":false,"template":"","format":"standard","meta":{"footnotes":"","_links_to":"","_links_to_target":""},"categories":[13],"tags":[],"class_list":["post-1351","post","type-post","status-publish","format-standard","hentry","category-temas"],"publishpress_future_action":{"enabled":false,"date":"2026-05-07 13:01:11","action":"change-status","newStatus":"draft","terms":[],"taxonomy":"category","extraData":[]},"publishpress_future_workflow_manual_trigger":{"enabledWorkflows":[]},"_links":{"self":[{"href":"https:\/\/www.cgt-lkn.org\/bizkaia\/wp-json\/wp\/v2\/posts\/1351","targetHints":{"allow":["GET"]}}],"collection":[{"href":"https:\/\/www.cgt-lkn.org\/bizkaia\/wp-json\/wp\/v2\/posts"}],"about":[{"href":"https:\/\/www.cgt-lkn.org\/bizkaia\/wp-json\/wp\/v2\/types\/post"}],"author":[{"embeddable":true,"href":"https:\/\/www.cgt-lkn.org\/bizkaia\/wp-json\/wp\/v2\/users\/12"}],"replies":[{"embeddable":true,"href":"https:\/\/www.cgt-lkn.org\/bizkaia\/wp-json\/wp\/v2\/comments?post=1351"}],"version-history":[{"count":0,"href":"https:\/\/www.cgt-lkn.org\/bizkaia\/wp-json\/wp\/v2\/posts\/1351\/revisions"}],"wp:attachment":[{"href":"https:\/\/www.cgt-lkn.org\/bizkaia\/wp-json\/wp\/v2\/media?parent=1351"}],"wp:term":[{"taxonomy":"category","embeddable":true,"href":"https:\/\/www.cgt-lkn.org\/bizkaia\/wp-json\/wp\/v2\/categories?post=1351"},{"taxonomy":"post_tag","embeddable":true,"href":"https:\/\/www.cgt-lkn.org\/bizkaia\/wp-json\/wp\/v2\/tags?post=1351"}],"curies":[{"name":"wp","href":"https:\/\/api.w.org\/{rel}","templated":true}]}}