{"id":1342,"date":"2011-10-08T12:15:34","date_gmt":"2011-10-08T11:15:34","guid":{"rendered":"http:\/\/www.cgt-lkn.org\/bizkaia\/?p=1342"},"modified":"2012-06-13T22:37:44","modified_gmt":"2012-06-13T21:37:44","slug":"la-convocatoria-del-15-octubre-se-extiende-a-45-paises-con-mas-de-300-convocatorias","status":"publish","type":"post","link":"https:\/\/www.cgt-lkn.org\/bizkaia\/archivos\/1342","title":{"rendered":"La convocatoria del 15-Octubre se extiende a 45 pa\u00edses, con m\u00e1s de 300 convocatorias."},"content":{"rendered":"<p><a href=\"https:\/\/www.cgt-lkn.org\/bizkaia\/wp-content\/uploads\/sites\/21\/2011\/10\/0528-wallstreet_full_6001.jpg\"><img loading=\"lazy\" decoding=\"async\" class=\"alignleft size-thumbnail wp-image-1344\" style=\"margin-top: 5px;margin-bottom: 5px\" src=\"https:\/\/www.cgt-lkn.org\/bizkaia\/wp-content\/uploads\/sites\/21\/2011\/10\/0528-wallstreet_full_6001-150x150.jpg\" alt=\"\" width=\"150\" height=\"150\" \/><\/a>La fecha la puso sobre la mesa el pasado 30 de mayo la plataforma Democracia Real Ya (DRY). Pero ahora la cita ya no tiene un propietario, se ha convertido en la primera movilizaci\u00f3n masiva a nivel global de la historia.<\/p>\n<p>Con el eslogan \u201cPOR EL CAMBIO GLOBAL\u201d Se quiere lanzar un \u00fanico mensaje : \u201dEs hora de que nos escuchen\u201d.<\/p>\n<p>Los d\u00edas 7 y 8 de octubre se celebrar\u00e1n \u201creuniones locales\u201d en todos los pa\u00edses cuyas discusiones se pondr\u00e1n en com\u00fan mediante chats multitudinarios y documentos colaborativos en la Red. El d\u00eda 8, adem\u00e1s, las Marchas a Bruselas, que partieron hace semanas desde varios puntos de Europa, llegar\u00e1n a la capital belga para dar comienzo a una semana de \u201cacciones, debates y charlas\u201d que desembocar\u00e1n en el 15-O.<\/p>\n<p>Para M15M es importante ofrecer una imagen de unidad. Una de las caracter\u00edsticas del 15-M es su car\u00e1cter plural y abierto. Se reivindica \u201cla democracia directa, la gesti\u00f3n por y para el bien com\u00fan\u201d y la lucha contra un sistema de partidos \u201cal servicio del mercado financiero\u201d. Se lucha por la \u201cnecesidad de mejorar las condiciones sociales\u201d, el fin de los recortes y el \u201ccumplimiento de la declaraci\u00f3n universal de los derechos humanos\u201d. Los v\u00eddeos que llaman a acudir el 15-O lo resumen as\u00ed: la situaci\u00f3n es \u201cintolerable\u201d.\u00a0<\/p>\n<p>&nbsp;<\/p>\n","protected":false},"excerpt":{"rendered":"<p><a href=\"https:\/\/www.cgt-lkn.org\/bizkaia\/wp-content\/uploads\/sites\/21\/2011\/10\/0528-wallstreet_full_6001.jpg\"><img loading=\"lazy\" decoding=\"async\" class=\"alignleft size-thumbnail wp-image-1344\" style=\"margin-top: 5px;margin-bottom: 5px\" src=\"https:\/\/www.cgt-lkn.org\/bizkaia\/wp-content\/uploads\/sites\/21\/2011\/10\/0528-wallstreet_full_6001-150x150.jpg\" alt=\"\" width=\"150\" height=\"150\" \/><\/a>La fecha la puso sobre la mesa el pasado 30 de mayo la plataforma Democracia Real Ya (DRY). Pero ahora la cita ya no tiene un propietario, se ha convertido en la primera movilizaci\u00f3n masiva a nivel global de la historia.<\/p>\n<p>Con el eslogan \u201cPOR EL CAMBIO GLOBAL\u201d Se quiere lanzar un \u00fanico mensaje : \u201dEs hora de que nos escuchen\u201d.<\/p>\n<p>Los d\u00edas 7 y 8 de octubre se celebrar\u00e1n \u201creuniones locales\u201d en todos los pa\u00edses cuyas discusiones se pondr\u00e1n en com\u00fan mediante chats multitudinarios y documentos colaborativos en la Red. El d\u00eda 8, adem\u00e1s, las Marchas a Bruselas, que partieron hace semanas desde varios puntos de Europa, llegar\u00e1n a la capital belga para dar comienzo a una semana de \u201cacciones, debates y charlas\u201d que desembocar\u00e1n en el 15-O.<\/p>\n","protected":false},"author":12,"featured_media":0,"comment_status":"open","ping_status":"closed","sticky":false,"template":"","format":"standard","meta":{"footnotes":"","_links_to":"","_links_to_target":""},"categories":[13],"tags":[],"class_list":["post-1342","post","type-post","status-publish","format-standard","hentry","category-temas"],"publishpress_future_action":{"enabled":false,"date":"2026-05-07 12:56:40","action":"change-status","newStatus":"draft","terms":[],"taxonomy":"category","extraData":[]},"publishpress_future_workflow_manual_trigger":{"enabledWorkflows":[]},"_links":{"self":[{"href":"https:\/\/www.cgt-lkn.org\/bizkaia\/wp-json\/wp\/v2\/posts\/1342","targetHints":{"allow":["GET"]}}],"collection":[{"href":"https:\/\/www.cgt-lkn.org\/bizkaia\/wp-json\/wp\/v2\/posts"}],"about":[{"href":"https:\/\/www.cgt-lkn.org\/bizkaia\/wp-json\/wp\/v2\/types\/post"}],"author":[{"embeddable":true,"href":"https:\/\/www.cgt-lkn.org\/bizkaia\/wp-json\/wp\/v2\/users\/12"}],"replies":[{"embeddable":true,"href":"https:\/\/www.cgt-lkn.org\/bizkaia\/wp-json\/wp\/v2\/comments?post=1342"}],"version-history":[{"count":0,"href":"https:\/\/www.cgt-lkn.org\/bizkaia\/wp-json\/wp\/v2\/posts\/1342\/revisions"}],"wp:attachment":[{"href":"https:\/\/www.cgt-lkn.org\/bizkaia\/wp-json\/wp\/v2\/media?parent=1342"}],"wp:term":[{"taxonomy":"category","embeddable":true,"href":"https:\/\/www.cgt-lkn.org\/bizkaia\/wp-json\/wp\/v2\/categories?post=1342"},{"taxonomy":"post_tag","embeddable":true,"href":"https:\/\/www.cgt-lkn.org\/bizkaia\/wp-json\/wp\/v2\/tags?post=1342"}],"curies":[{"name":"wp","href":"https:\/\/api.w.org\/{rel}","templated":true}]}}