{"id":1294,"date":"2011-09-14T22:50:53","date_gmt":"2011-09-14T21:50:53","guid":{"rendered":"http:\/\/www.cgt-lkn.org\/bizkaia\/?p=1294"},"modified":"2019-02-08T08:13:19","modified_gmt":"2019-02-08T07:13:19","slug":"barakaldo-contra-los-recortes-sociales-del-gobierno-psoe-pp","status":"publish","type":"post","link":"https:\/\/www.cgt-lkn.org\/bizkaia\/archivos\/1294","title":{"rendered":"Barakaldo contra los recortes sociales del gobierno PSOE-PP"},"content":{"rendered":"<div>\n<p>&nbsp;<\/p>\n<p><strong>EL PARO y LOS RECORTES SOCIALES SON UNA MIERDA <\/strong><\/p>\n<p>Tambi\u00e9n, se han repartido rollos de papel higi\u00e9nico como forma de denuncia de los recortes introducidos en educaci\u00f3n, vivienda, sanidad y en materia de protecci\u00f3n social por el Gobierno Vasco a lo largo de esta legislatura: en las Ayudas de Emergencia Social, en el acceso a una vivienda; y, sobre todo como hace dos d\u00edas, con el endurecimiento en el acceso a la Renta de Garant\u00eda de Ingresos&#8230;<\/p>\n<p>En definitiva, se ha reclamado una pol\u00edtica social que ampl\u00ede los derechos sociales en lugar de recortarlos a trav\u00e9s de reformas laborales o constitucionales: ya sea el atraso de la edad de jubilaci\u00f3n de 65 a 67 a\u00f1os; la ampliaci\u00f3n de la precariedad en sus diversas modalidades; o una Reforma Constitucional que pone techo al gasto p\u00fablico y supone el fin del llamado \u201cestado del bienestar\u201d y a pol\u00edticas econ\u00f3micas basadas en la justicia social, en el desarrollo del sector p\u00fablico y de los servicios sociales.<\/p>\n<p><strong>SOS EZKERRALDEA<\/strong><\/p>\n<p>Adem\u00e1s, se ha exigido al Lehendakari Patxi L\u00f3pez, de Portugalete y que tanto alardea de ser vecino de la Margen Izquierda, una mayor cobertura social y medidas reales que den repuesta a las alarmantes tasas de desempleo y amplias bolsas de pobreza existentes en la comarca de Ezkerraldea, las m\u00e1s altas de Euskal Herria.<\/p>\n<p>Con esta iniciativa se ha querido denunciar el total desmantelamiento industrial de Barakaldo, y de la Margen izquierda, mediante el cierre, despidos, rescisiones de contrato y Expedientes de Regulaci\u00f3n de Empleo de las \u00fanicas empresas que quedan en pie en los alrededores de la localidad, conocida anta\u00f1o como fabril.<\/p>\n<p><strong><em>COLECTIVOS SOCIALES y SINDICALES DE BARAKALDO:<\/em><\/strong><\/p>\n<ul>\n<li>Asociaciones de Vecinos y Vecinas de Barakaldo, Asamblea de Parad@s de Barakaldo, Barakaldoko Gazte Asanblada, Berri-Otxoak, Centro Asesor de la Mujer \u201cArgitan\u201d, JOC.<\/li>\n<li>ELA, LAB, ESK, STEE-EILAS, CGT y CNT.<\/li>\n<\/ul>\n<\/div>\n","protected":false},"excerpt":{"rendered":"<div>\n<div>\n<div>\n<div>\n<div><img loading=\"lazy\" decoding=\"async\" src=\"http:\/\/www.rojoynegro.info\/sites\/default\/files\/imagecache\/nodo_logo_150\/DSCN1481_0.JPG\" alt=\"\" width=\"150\" height=\"89\" \/><\/div>\n<\/div>\n<\/div>\n<\/div>\n<div>\n<p>Esta ma\u00f1ana FAMILIAS AFECTADAS POR LA ACTUAL CRISIS ECON\u00d3MICA y PERSONAS DESEMPLEADAS O PERTENECIENTES A EMPRESAS EN CRISIS DE LA MARGEN IZQUIERDA como Babcock, La Naval -y sus empresas auxiliares-, ABB, Nervacero, GAM Aldaiturriaga, MediaPost, IKEA y Bide Onera, y eventuales despedidos de la acer\u00eda ACB, se han concentrado a las puertas del BEC mientras el Lehendakari Patxi Lopez inauguraba el \u201cForo Emprende 2011\u201d.<\/p>\n<p>A lo largo de esta movilizaci\u00f3n, se han instalado varios bid\u00e9s, con su correspondiente cisterna, y j\u00f3venes \u201cemprendedores\u201d han \u201crepresentado\u201d el lema \u201cPARO y RECORTES SOCIALES: FUTURO DE MIERDA PARA EZKERRALDEA\u201d.<\/p>\n<\/div>\n<\/div>\n","protected":false},"author":57,"featured_media":0,"comment_status":"open","ping_status":"closed","sticky":false,"template":"","format":"standard","meta":{"footnotes":"","_links_to":"","_links_to_target":""},"categories":[4,8,13],"tags":[111],"class_list":["post-1294","post","type-post","status-publish","format-standard","hentry","category-crisis","category-movilizaciones","category-temas","tag-crisis"],"publishpress_future_action":{"enabled":false,"date":"2026-05-04 00:38:46","action":"change-status","newStatus":"draft","terms":[],"taxonomy":"category","extraData":[]},"publishpress_future_workflow_manual_trigger":{"enabledWorkflows":[]},"_links":{"self":[{"href":"https:\/\/www.cgt-lkn.org\/bizkaia\/wp-json\/wp\/v2\/posts\/1294","targetHints":{"allow":["GET"]}}],"collection":[{"href":"https:\/\/www.cgt-lkn.org\/bizkaia\/wp-json\/wp\/v2\/posts"}],"about":[{"href":"https:\/\/www.cgt-lkn.org\/bizkaia\/wp-json\/wp\/v2\/types\/post"}],"author":[{"embeddable":true,"href":"https:\/\/www.cgt-lkn.org\/bizkaia\/wp-json\/wp\/v2\/users\/57"}],"replies":[{"embeddable":true,"href":"https:\/\/www.cgt-lkn.org\/bizkaia\/wp-json\/wp\/v2\/comments?post=1294"}],"version-history":[{"count":1,"href":"https:\/\/www.cgt-lkn.org\/bizkaia\/wp-json\/wp\/v2\/posts\/1294\/revisions"}],"predecessor-version":[{"id":17786,"href":"https:\/\/www.cgt-lkn.org\/bizkaia\/wp-json\/wp\/v2\/posts\/1294\/revisions\/17786"}],"wp:attachment":[{"href":"https:\/\/www.cgt-lkn.org\/bizkaia\/wp-json\/wp\/v2\/media?parent=1294"}],"wp:term":[{"taxonomy":"category","embeddable":true,"href":"https:\/\/www.cgt-lkn.org\/bizkaia\/wp-json\/wp\/v2\/categories?post=1294"},{"taxonomy":"post_tag","embeddable":true,"href":"https:\/\/www.cgt-lkn.org\/bizkaia\/wp-json\/wp\/v2\/tags?post=1294"}],"curies":[{"name":"wp","href":"https:\/\/api.w.org\/{rel}","templated":true}]}}