{"id":12932,"date":"2016-04-27T13:03:23","date_gmt":"2016-04-27T12:03:23","guid":{"rendered":"http:\/\/www.cgt-lkn.org\/bizkaia\/?p=12932"},"modified":"2016-04-27T13:14:58","modified_gmt":"2016-04-27T12:14:58","slug":"bizkaia-es-la-provincia-que-mas-aumentaron-los-accidentes-de-trabajo-689","status":"publish","type":"post","link":"https:\/\/www.cgt-lkn.org\/bizkaia\/archivos\/12932","title":{"rendered":"Bizkaia es la provincia que m\u00e1s aumentaron los accidentes de trabajo en el 2015 (68,9%)"},"content":{"rendered":"<p><strong><a href=\"https:\/\/www.cgt-lkn.org\/bizkaia\/?attachment_id=12933\" rel=\"attachment wp-att-12933\"><img loading=\"lazy\" decoding=\"async\" class=\"alignleft wp-image-12933\" src=\"https:\/\/www.cgt-lkn.org\/bizkaia\/wp-content\/uploads\/sites\/21\/2016\/04\/Cartel-28Abrilanim_0.gif\" alt=\"Cartel 28Abril(anim)_0\" width=\"212\" height=\"300\" \/><\/a>CGT denuncia que el aumento de los accidentes de trabajo representa el fracaso de las pol\u00edticas de prevenci\u00f3n de la Administraci\u00f3n y los pactos de los llamados agentes sociales, por la precarizaci\u00f3n de contratos y condiciones de trabajo.<\/strong><\/p>\n<p>En una fecha tan simb\u00f3lica como la del 28 de abril (Jornada Internacional de la Salud y la Seguridad en el Trabajo) la Confederaci\u00f3n General del Trabajo (CGT) lamenta que durante<strong> el \u00faltimo a\u00f1o entero contabilizado (enero\/diciembre de 2015) se registraran 449.223 accidentes laborales<\/strong>, <strong>lo que supone una subida del 5,8% respecto a la registrada durante 2014,<\/strong> cuando ya se incrementaron un 5% con respecto a 2013. Los accidentes laborales en Espa\u00f1a acumulan dos ejercicios consecutivos de incremento.<\/p>\n<p>Seg\u00fan los datos facilitados por el Ministerio de Empleo y Seguridad Social, los accidentes hab\u00edan descendido desde 2007 (m\u00e1s de 924.000) hasta 2013, pero desde entonces no han cesado de incrementarse; tanto en cifras absolutas como en <strong>la tasa de incidencia, que ha pasado de 2.942 accidentes por cada 100.000 personas empleadas en 2012 a 3.190 en 2015<\/strong>, lo que representa un 8\u00b42% de aumento.<\/p>\n<p>Por sectores ha sido <strong>el agr\u00edcola el de mayor subida (6\u00b46%).<\/strong> Le siguen industria (+5,1%), construcci\u00f3n (+4,1%) y servicios (+1,1%). En cuanto a los datos por comunidades hay que se\u00f1alar que todas ellas han experimentado incrementos, aunque son La Rioja y Murcia los territorios que mayor aumento de accidentes en jornada laboral registran, un 15% y un 13,3% respectivamente.<\/p>\n<p>Arag\u00f3n, Comunidad Valenciana y Baleares crecen en torno al 10%. A continuaci\u00f3n se sit\u00faan Extremadura, Castilla-La Mancha, Castilla y Le\u00f3n, Cantabria y Andaluc\u00eda. Todas ellas muestran un aumento superior al de la media nacional (+5,8%). En el caso contrario est\u00e1n Canarias, Catalunya y Asturias, con un incremento menor al 4%. En el caso de las provincias<strong>,\u00a0Bizkaia es la que m\u00e1s crece el n\u00famero de accidentes, concretamente un 68,9%<\/strong>. Seguida de Guadalajara (+24,1%), Castell\u00f3n (+16,7%) y Valladolid (+16,6%).<\/p>\n<p>Para la CGT estas cifras no hacen sino<strong> poner en evidencia que las pol\u00edticas de prevenci\u00f3n que lentamente se van introduciendo en las empresas y la gran inversi\u00f3n que suponen los cursillos y subvenciones concedidos a patronal y sindicatos institucionales, no sirven de mucho<\/strong> <strong>si, por otro lado, se contin\u00faan precarizando las modalidades de contrataci\u00f3n y las condiciones de trabajo<\/strong> a las que se han de enfrentar los trabajadores; especialmente los temporales, los cedidos por ETT, los de las subcontratas, los j\u00f3venes o los inmigrantes sin experiencia laboral en el sector y sin formaci\u00f3n previa en materia de prevenci\u00f3n de riesgos laborales.<\/p>\n<p><strong>Sin una estabilidad laboral y sin unas leyes que protejan al trabajador frente a los frecuentes abusos de sus patronos, es muy dif\u00edcil que una persona con empleo precario (que actualmente son el 92%\u00a0 de los nuevos contratos) pueda exigir que se cumplan en su entorno laboral las normas de seguridad o que se entreguen las prendas de protecci\u00f3n personal.<\/strong><\/p>\n<p>Por otro lado, la CGT quiere recordar en esta jornada por la seguridad y la salud en el \u00e1mbito laboral que los <strong>trabajadores siguen sometidos a graves riesgos de contraer enfermedades profesionales;<\/strong> muchas de las cuales no est\u00e1n todav\u00eda reconocidas como tales, pero cuyo origen tiene un claro detonante relacionado con el ambiente y las condiciones en que se desarrolla el trabajo. En esa situaci\u00f3n se encuentran muchas dolencias cardiovasculares, digestivas, mentales o respiratorias cuya relaci\u00f3n con la vida laboral no siempre es reconocida por la seguridad social o los tribunales.<\/p>\n<p>Como caso m\u00e1s evidente y lamentable se ha de mencionar en este d\u00eda el de las <strong>miles de v\u00edctimas que ha ocasionado el uso del amianto y cuyas reparaciones todav\u00eda no se han concedido en su totalidad a las familias afectadas<\/strong>. La peligrosidad de este material ya se conoc\u00eda desde 1940, pero a pesar de ello se ha seguido utilizando \u2013sin informar ni proteger a los trabajadores- durante d\u00e9cadas y en numerosos sectores. Incluso hoy d\u00eda, la CGT y otras organizaciones venimos denunciando la existencia de amianto en instalaciones escolares, deportivas, industriales, etc.<\/p>\n<p><strong>Nuestro sindicato tiene en la prevenci\u00f3n de riesgos laborales y en la mejora constante de las condiciones de trabajo uno de sus grandes ejes de actuaci\u00f3n<\/strong>, por lo que va a seguir peleando por la implantaci\u00f3n de pol\u00edticas eficaces de lucha contra los accidentes y las enfermedades laborales, exigiendo en los centros de trabajo el cumplimiento de todas las normas en materia de seguridad y prevenci\u00f3n y recordando a los empresarios y a la Administraci\u00f3n que la vida y la salud de las personas est\u00e1n muy por encima de la producci\u00f3n y los beneficios.<\/p>\n<p>&nbsp;<\/p>\n","protected":false},"excerpt":{"rendered":"<p style=\"text-align: justify\"><strong><a href=\"https:\/\/www.cgt-lkn.org\/bizkaia\/?attachment_id=12933\" rel=\"attachment wp-att-12933\"><img loading=\"lazy\" decoding=\"async\" class=\"alignleft wp-image-12933\" src=\"https:\/\/www.cgt-lkn.org\/bizkaia\/wp-content\/uploads\/sites\/21\/2016\/04\/Cartel-28Abrilanim_0.gif\" alt=\"Cartel 28Abril(anim)_0\" width=\"212\" height=\"300\" \/><\/a>CGT denuncia que el aumento de los accidentes de trabajo representa el fracaso de las pol\u00edticas de prevenci\u00f3n de la Administraci\u00f3n y los pactos de los llamados agentes sociales, por la precarizaci\u00f3n de contratos y condiciones de trabajo.<\/strong><\/p>\n<p style=\"text-align: justify\">En una fecha tan simb\u00f3lica como la del 28 de abril (Jornada Internacional de la Salud y la Seguridad en el Trabajo) la Confederaci\u00f3n General del Trabajo (CGT) lamenta que durante<strong> el \u00faltimo a\u00f1o entero contabilizado (enero\/diciembre de 2015) se registraran 449.223 accidentes laborales<\/strong>,<strong> lo que supone una subida del 5,8% respecto a la registrada durante 2014,<\/strong> cuando ya se incrementaron un 5% con respecto a 2013. Los accidentes laborales en Espa\u00f1a acumulan dos ejercicios consecutivos de incremento.<\/p>\n<p style=\"text-align: justify\">Seg\u00fan los datos facilitados por el Ministerio de Empleo y Seguridad Social, los accidentes hab\u00edan descendido desde 2007 (m\u00e1s de 924.000) hasta 2013, pero desde entonces no han cesado de incrementarse; tanto en cifras absolutas como en <strong>la tasa de incidencia, que ha pasado de 2.942 accidentes por cada 100.000 personas empleadas en 2012 a 3.190 en 2015<\/strong>, lo que representa un 8\u00b42% de aumento.<\/p>\n<p style=\"text-align: justify\">Por sectores ha sido <strong>el agr\u00edcola el de mayor subida (6\u00b46%).<\/strong> Le siguen industria (+5,1%), construcci\u00f3n (+4,1%) y servicios (+1,1%). En cuanto a los datos por comunidades hay que se\u00f1alar que todas ellas han experimentado incrementos, aunque son La Rioja y Murcia los territorios que mayor aumento de accidentes en jornada laboral registran, un 15% y un 13,3% respectivamente.<\/p>\n","protected":false},"author":57,"featured_media":0,"comment_status":"open","ping_status":"closed","sticky":false,"template":"","format":"standard","meta":{"footnotes":"","_links_to":"","_links_to_target":""},"categories":[123],"tags":[],"class_list":["post-12932","post","type-post","status-publish","format-standard","hentry","category-accidentes-laborales-lan-istripuak"],"publishpress_future_action":{"enabled":false,"date":"2026-05-09 10:47:36","action":"change-status","newStatus":"draft","terms":[],"taxonomy":"category","extraData":[]},"publishpress_future_workflow_manual_trigger":{"enabledWorkflows":[]},"_links":{"self":[{"href":"https:\/\/www.cgt-lkn.org\/bizkaia\/wp-json\/wp\/v2\/posts\/12932","targetHints":{"allow":["GET"]}}],"collection":[{"href":"https:\/\/www.cgt-lkn.org\/bizkaia\/wp-json\/wp\/v2\/posts"}],"about":[{"href":"https:\/\/www.cgt-lkn.org\/bizkaia\/wp-json\/wp\/v2\/types\/post"}],"author":[{"embeddable":true,"href":"https:\/\/www.cgt-lkn.org\/bizkaia\/wp-json\/wp\/v2\/users\/57"}],"replies":[{"embeddable":true,"href":"https:\/\/www.cgt-lkn.org\/bizkaia\/wp-json\/wp\/v2\/comments?post=12932"}],"version-history":[{"count":0,"href":"https:\/\/www.cgt-lkn.org\/bizkaia\/wp-json\/wp\/v2\/posts\/12932\/revisions"}],"wp:attachment":[{"href":"https:\/\/www.cgt-lkn.org\/bizkaia\/wp-json\/wp\/v2\/media?parent=12932"}],"wp:term":[{"taxonomy":"category","embeddable":true,"href":"https:\/\/www.cgt-lkn.org\/bizkaia\/wp-json\/wp\/v2\/categories?post=12932"},{"taxonomy":"post_tag","embeddable":true,"href":"https:\/\/www.cgt-lkn.org\/bizkaia\/wp-json\/wp\/v2\/tags?post=12932"}],"curies":[{"name":"wp","href":"https:\/\/api.w.org\/{rel}","templated":true}]}}