{"id":12931,"date":"2016-04-27T14:30:29","date_gmt":"2016-04-27T13:30:29","guid":{"rendered":"http:\/\/www.cgt-lkn.org\/bizkaia\/?p=12931"},"modified":"2017-10-23T07:17:53","modified_gmt":"2017-10-23T06:17:53","slug":"1o-de-mayo-manifestacion-unitaria-de-cgt-lkn-esk-steilas-en-bilbao-1130-h-gran-via-56-cafeteria-toledo","status":"publish","type":"post","link":"https:\/\/www.cgt-lkn.org\/bizkaia\/archivos\/12931","title":{"rendered":"1\u00ba de Mayo, Manifestaci\u00f3n unitaria de CGT-LKN, ESK, STEILAS, en Bilbao, 11,30 h. Gran V\u00eda 56 (Cafeter\u00eda Toledo)"},"content":{"rendered":"<p style=\"text-align: right;\"><a href=\"https:\/\/www.cgt-lkn.org\/bizkaia\/cartel-unitario-1-mayo-16-2\" rel=\"attachment wp-att-12920\"><img loading=\"lazy\" decoding=\"async\" class=\"alignleft wp-image-12920\" src=\"https:\/\/www.cgt-lkn.org\/bizkaia\/wp-content\/uploads\/sites\/21\/2016\/04\/Cartel-unitario-1-mayo-16-1.jpg\" alt=\"Cartel unitario 1 mayo-16\" width=\"246\" height=\"350\" srcset=\"https:\/\/www.cgt-lkn.org\/bizkaia\/wp-content\/uploads\/sites\/21\/2016\/04\/Cartel-unitario-1-mayo-16-1.jpg 540w, https:\/\/www.cgt-lkn.org\/bizkaia\/wp-content\/uploads\/sites\/21\/2016\/04\/Cartel-unitario-1-mayo-16-1-211x300.jpg 211w, https:\/\/www.cgt-lkn.org\/bizkaia\/wp-content\/uploads\/sites\/21\/2016\/04\/Cartel-unitario-1-mayo-16-1-141x200.jpg 141w, https:\/\/www.cgt-lkn.org\/bizkaia\/wp-content\/uploads\/sites\/21\/2016\/04\/Cartel-unitario-1-mayo-16-1-400x569.jpg 400w\" sizes=\"auto, (max-width: 246px) 100vw, 246px\" \/><\/a><span style=\"text-decoration: underline;\"><strong>Comunicado conjunto de CGT-LKN, STEILAS y ESK<\/strong><\/span><\/p>\n<p><em>Abajo en Castellano.<\/em><\/p>\n<p align=\"center\"><b><span style=\"color: #000000; font-family: Times New Roman;\">Langileen askatasuna eta eskubideen alde.\u00a0 LUCHA OBRERA!! <\/span><\/b><\/p>\n<p>\u00abAkabo krisia\u00bb. Horixe behin eta berriro errepikatzen digutena, krisi horren ondorioak\u00a0 oraindik orain geuk pairatzen ditugun bitartean. Prekarietatea eta prekarietatea. Prekarietatea besterik ez digute eskaini 8 urte itogarri hauen buruan.<\/p>\n<p>Egindako lan-erreformek lan-baldintzak okertzea besterik ez digite ekarri. Are gehiago, hain zuzen ere. Hori gutxi balitz, etenik ez duen langabeziari gaur egun lana dutenen egoera ere ez da askoz ere erosoagoa. Izan ere, lana badute ere, ez dute bizitza duina izateko eskubidea bermaturik. Lanpostu egonkorra eta kalitateduna (lan baldintzei dagokienez) zientzia fikzioa da herritarren gehiengoarentzat.<\/p>\n<p>Lan eta lanpostu sortuberriak gero eta motzagoak dira, soldatak eskasagoak, eta lan-baldintzek gero eta antz handiagoa hartzen diote esklabotzari berari. Zelan ahaztuko dugu lan-prekarietateak emakumea duela jomugan? Gu gara, emakumeok, lan-baldintzarik kaskarrenak sufritzen ditugunak. Gu gara, gu, emakumeok, behin-behineko kontratu gehien sinatu behar ditugunak, soldatan izugarrizko desberdintasuna pairatzen dugunak, lanposturik eskasenak kubritu eta soldatarik miserableenak jasotzen ditugunak; baita lanaldi bikoitza edota hirukoitzak ditugunak inposatzen dizkigute sistema publikoa suntsitu nahi dituzten erreforma zein legeak. Hala nabarmentzen da Osakidetzan edota hezkuntza-sisteman, LOMCE eta Heziberrirekin legez.<\/p>\n<p>Hori guztia dela-eta, exijitzen dugu lan-erreforma edota egoera hau jasangaitz bihurtu dituzten lege guztiak bertan behera uztea, ezeztatzea behingoz eta betiko. Lan prekarietatea bai, baita gizartearena ere. Gure egunerokoan soinean dugun prekarietatea, eta sistema kapitalistak eta hetero-patriarkalak edozein gauza egingo du egoera horri eusteko. Nahikorik ez omen dute lan-baldintza eskasetan eskasenak gu mendean hartzeko.<\/p>\n<p>Are gehiago, saiatzen ari dira gizartearen erantzuna kriminalizatzen. SAT sindikatuko gure lagun Andr\u00e9s B\u00f3dalo eta beste hainbeste langileren atxiloketak horren froga argigarria besterik ez da. Hori bai, ez da mozalik ez legerik gure eskubideak aldarrikatzea eragotziko duenik. Lege absurdo horien gainetik gaude gu, langileok, gurea dena berreskuratze lanean sutsu borrokatuz.<\/p>\n<p>Horiek hala, lan prekarietatea euren mugetatik harago eraman nahi du Europar Batasunak, Lotsagabetarren Europa bihurtzen ari direlarik. Milaka eta milaka pertsona dago EBren mugetan, atxikita. Egoera lazgarrian eta errefuxiatuak beste biderik ez dute alternatibak bilatu, batzuetan euren bizia galtzera eramaten dituztena. Ez da bidezkoa euren herriak eta hiriak guk bonbardatzea, euren herrialdeak suntsitu eta gero elkartasuna ez eskaintzea&#8230; Gure gobernuei exijitu behar diegu mugak irekitzea eta errefuxiatu statusa aitortzea gizaki horiei. Hala, politika horiek aldarrikatzen dituzten eskuin-muturreko jarrera xenofoboak gelditzeko kapaz izan behar dugu, nola edo hala. ONGI ETORRI, ERREFUXIATUAK!<\/p>\n<p>Ezinbestekoa da, beraz, inposatzen diguten ereduari amaiera ematea. Bada ordua gure ongizatea eta bizitzak eztabaidaren erdia ekartzea. Inoiz baino ezinbestekoa lana banatzea, den-denok, nahi izatekotan, lan egin ahal izateko. Hori ez ezik, enplegua banatzea da kontua, eta ez miseria; hortaz, lana ez ezik aberastasuna ere banatu beharra dago. Ez dago onartzerik munduko biztanleen %1ek aberastasunaren gehiengoa metatzea.<\/p>\n<p>Jendarte eta bizitzaren zaintza eredu berri bat behar dugu: jarduera ekonomikoaren erdigunean pertsonak kokatu behar dira, eta lehentasuna eman behar zaio jendartearen interes kolektiboari, ez interes partikularrei eta merkatuaren logikari. Hots, finean egungo metatze kapitalista beste produkzio,banaketa, kontsumo eta zaintza eredu bat bihurtu behar dugu, gure beharrizanak asetzeko, betiere aintzat hartuta ezin duela ondoko belaunaldien, ez da beste herrien edota planetaren erregenerazio ahalmenaren kaltetan izan. Azken finean, ingurumena errespetatzen dituzten alternatibak topatzea, Garo\u00f1a behin betiko itxiko duten politika ekonomikoak edota gure herrialderako aurreikusten diren fracking planekin bukatzea.<\/p>\n<p>Azkenik, eta aurten bereziki, nabarmendu beharra dago TTIP, TISA eta CETA tratatuak deuseztatuko dituzten borrokak bere horretan jarraitu behar dutela.. AEB eta EBren arteko ituna. Enpresa handiei mesede egingo dieten itunak. Izan ere, euren interesen kontrako neurriak hartuz gero, gobernuei salatzeko aukera ematen diete akordio horiek. Herritarrok ezabatzen dituzten itunak, gure egunerokoarekin saleroskeria egiten dutenak. Ezinbestekoa da orain arte TTIPren aurka egindako borrokek etenik ez izatea, EB osotik zabaltzea, modu koordinatu batez. Horrek egingo du transnazionalen asmoak ekiditzea eta ez beste ezerk.<\/p>\n<p>Maiatzaren 1arekin batera, festa, topaketa, aldarrikapena eta langile klasearen ospakizuna bada ere, pilak kargatzeko momentua izan behar du. Esan bezala, aurrean ditugun erronkak asko dira, askotarikoak eta oso larriak. Horregatik ari gara kalea hartzen, eta horrexegatik jarraituko dugu kaleak hartzen, gizarte justuago eta solidarioagoa l<span style=\"color: #000000; font-family: Times New Roman;\">ortu arte.<\/span><\/p>\n<p>&#8212;&#8212;&#8212;&#8212;&#8212;&#8212;&#8212;&#8212;&#8212;&#8212;&#8212;&#8212;&#8212;&#8212;&#8212;&#8212;&#8212;&#8212;&#8212;&#8212;&#8212;&#8212;&#8212;&#8212;&#8212;&#8212;&#8212;&#8212;&#8212;&#8212;&#8212;&#8212;&#8212;&#8212;&#8212;&#8212;&#8212;&#8212;&#8212;&#8212;&#8212;&#8212;&#8212;&#8212;&#8212;&#8212;&#8212;&#8212;&#8212;&#8212;-<\/p>\n<p><span style=\"color: #000000; font-family: Times New Roman;\">\u00a0<\/span><strong>Langileen askatasuna eta eskubideen alde. LUCHA OBRERA!! <\/strong><\/p>\n<p>Su crisis ha terminado. Eso es lo que nos repiten sin cesar una y otra vez pero quienes pagamos esa crisis seguiremos pagando ahora sus consecuencias. Precariedad y m\u00e1s precariedad eso es lo \u00fanico que nos han dejado tras 8 largos a\u00f1os de asfixia.<\/p>\n<p>Sus sucesivas reformas laborales no han hecho m\u00e1s que precarizar nuestras condiciones laborales. Por si fuera poco, al desempleo masivo ahora tenemos que sumarle esa lista infinita de personas que a pesar de tener empleo tienen garantizada una vida digna. El trabajo estable y con derechos es ciencia ficci\u00f3n para la mayor\u00eda de la ciudadan\u00eda.<\/p>\n<p>Los nuevos empleos son cada vez m\u00e1s cortos, los salarios m\u00e1s miserables y las condiciones laborales m\u00e1s esclavistas. Tampoco podemos olvidar que la precariedad laboral tiene rostro de mujer, somos nosotras las que padecemos peores condiciones laborales, nosotras quienes firmamos m\u00e1s contratos parciales, quienes sufrimos la asfixiante brecha salarial que hace que sigamos cobrando menos que nuestros compa\u00f1eros, quienes ocupamos los peores puestos y peor pagados y quienes seguimos teniendo dobles e incluso triples jornadas .<\/p>\n<p>Nos imponen unas reformas y leyes que pretenden acabar con el sistema p\u00fablico como se est\u00e1 demostrando en Osakidetza y en el sistema educativo con la LOMCE y Heziberri.<\/p>\n<p>Por todo ello exigimos que, de una vez por todas, se deroguen inmediatamente la reforma laboral y otras leyes que han permitido y favorecido esta situaci\u00f3n insostenible.<\/p>\n<p>Precariedad laboral s\u00ed, pero tambi\u00e9n social. Precariedad que se ha instalado en nuestras vidas y que este sistema capitalista y hetero-patriarcal har\u00e1 lo posible para que se quede. No tienen suficiente con someternos a condiciones laborales p\u00e9simas sino que adem\u00e1s pretenden criminalizar la respuesta de la sociedad. La detenci\u00f3n de nuestro compa\u00f1ero del SAT Andr\u00e9s B\u00f3dalo y de otros trabajadores y trabajadoras es buena prueba de ello. no habr\u00e1 mordaza ni ley que nos impida seguir exigiendo nuestros derechos, por encima de sus absurdas leyes estamos nosotras, trabajadores y trabajadoras dispuestas a recuperar lo que es nuestro.<\/p>\n<p>Precariedad social que la Uni\u00f3n Europea quiere llevar m\u00e1s all\u00e1 de sus fronteras, convirti\u00e9ndose as\u00ed en la Europa de la verg\u00fcenza. Miles y miles de personas est\u00e1n retenidas en las fronteras de la UE en condiciones infrahumanas y oblig\u00e1ndolas a buscar alternativas que, en muchos casos , terminan con sus vidas. No es justo que bombardeemos sus pueblos y ciudades, destruyamos sus pa\u00edses y luego nos comportemos de manera insolidaria. Tenemos que exigir a nuestros gobiernos la apertura de las fronteras y el reconocimiento del status de refugiadas a estas personas, tenemos que ser capaces de frenar las actitudes xen\u00f3fobas de extrema derecha que sustentan estas pol\u00edticas. ERREFUXIATUAK ONGI ETORRI\u00a1<\/p>\n<p>Necesitamos un nuevo modelo de sociedad y cuidado de la vida que coloque a las personas en el centro de la actividad econ\u00f3mica y sit\u00fae el inter\u00e9s colectivo de la sociedad por encima de los intereses particulares y de la l\u00f3gica del mercado. Se trata, en definitiva, de transformar el actual modo de acumulaci\u00f3n capitalista por otro modelo de producci\u00f3n, distribuci\u00f3n, consumo y preservaci\u00f3n que permita satisfacer nuestras necesidades sin comprometer las de generaciones futuras, ni las de otros pueblos , ni la capacidad de regeneraci\u00f3n del planeta ( Carta social)<\/p>\n<p>Se trata de buscar alternativas que respeten el medio ambiente, de buscar pol\u00edticas econ\u00f3micas que conlleven el cierre definitivo de Garo\u00f1a y el fin de los planes de fracking que tienen para nuestro pa\u00eds.<\/p>\n<p>Por \u00faltimo, se\u00f1alar que en este a\u00f1o es de vital importancia continuar con la lucha contra el TTIP, TISA y CETA. Acuerdos que dar\u00e1n capacidad legal a las grandes empresas para denunciar a los pa\u00edses cuando crean que las legislaciones perjudican sus intereses. Acuerdos que ningunean a la ciudadan\u00eda, permitiendo a las grandes empresas mercadear con todos los \u00e1mbitos de nuestras vidas. Es necesario que la lucha llevada hasta ahora contra el TTIP contin\u00fae y se extienda de manera coordinada para frenar las intenciones de las transnacionales<\/p>\n<p>La fecha del 1 de mayo es una fecha de fiesta, de encuentro, de reivindicaci\u00f3n y de celebraci\u00f3n de la clase de trabajadora, pero tambi\u00e9n tiene que ser un momento para recargar las pilas. Los retos que tenemos por delante son muchos y muy graves, y por ello todos y todas las que estamos aqu\u00ed seguiremos ocupando las calles hasta conseguir una sociedad m\u00e1s justa y solidaria.<\/p>\n<p>&nbsp;<\/p>\n","protected":false},"excerpt":{"rendered":"<p style=\"text-align: right;\"><span style=\"text-decoration: underline;\"><strong><a href=\"https:\/\/www.cgt-lkn.org\/bizkaia\/?attachment_id=12920\" rel=\"attachment wp-att-12920\"><img loading=\"lazy\" decoding=\"async\" class=\"alignleft wp-image-12920\" src=\"https:\/\/www.cgt-lkn.org\/bizkaia\/wp-content\/uploads\/sites\/21\/2016\/04\/Cartel-unitario-1-mayo-16-1.jpg\" alt=\"Cartel unitario 1 mayo-16\" width=\"246\" height=\"350\" srcset=\"https:\/\/www.cgt-lkn.org\/bizkaia\/wp-content\/uploads\/sites\/21\/2016\/04\/Cartel-unitario-1-mayo-16-1.jpg 540w, https:\/\/www.cgt-lkn.org\/bizkaia\/wp-content\/uploads\/sites\/21\/2016\/04\/Cartel-unitario-1-mayo-16-1-211x300.jpg 211w, https:\/\/www.cgt-lkn.org\/bizkaia\/wp-content\/uploads\/sites\/21\/2016\/04\/Cartel-unitario-1-mayo-16-1-141x200.jpg 141w, https:\/\/www.cgt-lkn.org\/bizkaia\/wp-content\/uploads\/sites\/21\/2016\/04\/Cartel-unitario-1-mayo-16-1-400x569.jpg 400w\" sizes=\"auto, (max-width: 246px) 100vw, 246px\" \/><\/a>Comunicado conjunto de CGT-LKN, STEILAS y ESK<\/strong><\/span><\/p>\n<p style=\"text-align: justify;\" align=\"center\"><b><span style=\"color: #000000; font-family: Times New Roman;\">Langileen askatasuna eta eskubideen alde.\u00a0 LUCHA OBRERA!! <\/span><\/b><\/p>\n<p style=\"text-align: justify;\">\u00abAkabo krisia\u00bb. Horixe behin eta berriro errepikatzen digutena, krisi horren ondorioak\u00a0 oraindik orain geuk pairatzen ditugun bitartean. Prekarietatea eta prekarietatea. Prekarietatea besterik ez digute eskaini 8 urte itogarri hauen buruan.<\/p>\n<p style=\"text-align: justify;\">Egindako lan-erreformek lan-baldintzak okertzea besterik ez digite ekarri. Are gehiago, hain zuzen ere. Hori gutxi balitz, etenik ez duen langabeziari gaur egun lana dutenen egoera ere ez da askoz ere erosoagoa. Izan ere, lana badute ere, ez dute bizitza duina izateko eskubidea bermaturik. Lanpostu egonkorra eta kalitateduna (lan baldintzei dagokienez) zientzia fikzioa da herritarren gehiengoarentzat.<\/p>\n<hr \/>\n<p style=\"text-align: justify;\"><span style=\"color: #000000; font-family: Times New Roman;\">\u00a0<\/span><strong>Langileen askatasuna eta eskubideen alde. LUCHA OBRERA!! <\/strong><\/p>\n<p style=\"text-align: justify;\">Su crisis ha terminado. Eso es lo que nos repiten sin cesar una y otra vez pero quienes pagamos esa crisis seguiremos pagando ahora sus consecuencias. Precariedad y m\u00e1s precariedad eso es lo \u00fanico que nos han dejado tras 8 largos a\u00f1os de asfixia.<\/p>\n<p style=\"text-align: justify;\">Sus sucesivas reformas laborales no han hecho m\u00e1s que precarizar nuestras condiciones laborales. Por si fuera poco, al desempleo masivo ahora tenemos que sumarle esa lista infinita de personas que a pesar de tener empleo tienen garantizada una vida digna. El trabajo estable y con derechos es ciencia ficci\u00f3n para la mayor\u00eda de la ciudadan\u00eda.<\/p>\n","protected":false},"author":57,"featured_media":0,"comment_status":"open","ping_status":"closed","sticky":false,"template":"","format":"standard","meta":{"footnotes":"","_links_to":"","_links_to_target":""},"categories":[131,99,46,8,136],"tags":[],"class_list":["post-12931","post","type-post","status-publish","format-standard","hentry","category-1-de-mayo","category-comunicados","category-laboral","category-movilizaciones","category-refugiados"],"publishpress_future_action":{"enabled":false,"date":"2026-05-09 12:15:45","action":"change-status","newStatus":"draft","terms":[],"taxonomy":"category","extraData":[]},"publishpress_future_workflow_manual_trigger":{"enabledWorkflows":[]},"_links":{"self":[{"href":"https:\/\/www.cgt-lkn.org\/bizkaia\/wp-json\/wp\/v2\/posts\/12931","targetHints":{"allow":["GET"]}}],"collection":[{"href":"https:\/\/www.cgt-lkn.org\/bizkaia\/wp-json\/wp\/v2\/posts"}],"about":[{"href":"https:\/\/www.cgt-lkn.org\/bizkaia\/wp-json\/wp\/v2\/types\/post"}],"author":[{"embeddable":true,"href":"https:\/\/www.cgt-lkn.org\/bizkaia\/wp-json\/wp\/v2\/users\/57"}],"replies":[{"embeddable":true,"href":"https:\/\/www.cgt-lkn.org\/bizkaia\/wp-json\/wp\/v2\/comments?post=12931"}],"version-history":[{"count":0,"href":"https:\/\/www.cgt-lkn.org\/bizkaia\/wp-json\/wp\/v2\/posts\/12931\/revisions"}],"wp:attachment":[{"href":"https:\/\/www.cgt-lkn.org\/bizkaia\/wp-json\/wp\/v2\/media?parent=12931"}],"wp:term":[{"taxonomy":"category","embeddable":true,"href":"https:\/\/www.cgt-lkn.org\/bizkaia\/wp-json\/wp\/v2\/categories?post=12931"},{"taxonomy":"post_tag","embeddable":true,"href":"https:\/\/www.cgt-lkn.org\/bizkaia\/wp-json\/wp\/v2\/tags?post=12931"}],"curies":[{"name":"wp","href":"https:\/\/api.w.org\/{rel}","templated":true}]}}