{"id":12747,"date":"2016-04-07T13:07:21","date_gmt":"2016-04-07T12:07:21","guid":{"rendered":"http:\/\/www.cgt-lkn.org\/bizkaia\/?p=12747"},"modified":"2016-04-08T18:44:54","modified_gmt":"2016-04-08T17:44:54","slug":"cgt-se-persona-como-acusacion-popular-en-el-caso-bankia","status":"publish","type":"post","link":"https:\/\/www.cgt-lkn.org\/bizkaia\/archivos\/12747","title":{"rendered":"CGT SE PERSONA COMO ACUSACI\u00d3N POPULAR EN EL CASO BANKIA"},"content":{"rendered":"<p><span style=\"color: #000000;font-family: Calibri\"><a href=\"https:\/\/www.cgt-lkn.org\/bizkaia\/?attachment_id=12748\" rel=\"attachment wp-att-12748\"><img loading=\"lazy\" decoding=\"async\" class=\"alignleft size-full wp-image-12748\" src=\"https:\/\/www.cgt-lkn.org\/bizkaia\/wp-content\/uploads\/sites\/21\/2016\/04\/RATO.jpg\" alt=\"RATO\" width=\"258\" height=\"196\" srcset=\"https:\/\/www.cgt-lkn.org\/bizkaia\/wp-content\/uploads\/sites\/21\/2016\/04\/RATO.jpg 258w, https:\/\/www.cgt-lkn.org\/bizkaia\/wp-content\/uploads\/sites\/21\/2016\/04\/RATO-200x152.jpg 200w, https:\/\/www.cgt-lkn.org\/bizkaia\/wp-content\/uploads\/sites\/21\/2016\/04\/RATO-80x60.jpg 80w\" sizes=\"auto, (max-width: 258px) 100vw, 258px\" \/><\/a><\/span>Tras la retirada de UPyD como acusaci\u00f3n popular en el procedimiento contra BANKIA y sus directivos, en el que el juez de la Audiencia Nacional Fernando Andreu, nos obligaba a comparecer bajo la direcci\u00f3n letrada y representaci\u00f3n del referido partido pol\u00edtico, finalmente se ha aceptado que <strong>la Confederaci\u00f3n General del Trabajo (CGT) pueda actuar como acusaci\u00f3n popular en esta causa, bajo representaci\u00f3n y direcci\u00f3n letrada propia<\/strong>, que ser\u00e1 asumida por el letrado del gabinete jur\u00eddico confederal Ra\u00fal Ma\u00edllo.<\/p>\n<p><strong>CGT tiene representaci\u00f3n e implantaci\u00f3n en las entidades donde se han producido los hechos objeto del procedimiento<\/strong>, siendo las personas trabajadoras de dichas entidades, perjudicadas en un doble sentido, como empleados y empleadas que sufrieron las consecuencias de la <strong>reestructuraci\u00f3n del sector con m\u00faltiples despidos y bajo duras condiciones, y como ciudadanos y ciudadanas, que forman parte de la sociedad<\/strong> que, por parte de una minor\u00eda, ha sido objeto de conductas carentes de toda \u00e9tica, antisociales y delictivas hacia el resto una sociedad que reclama, cuanto menos, un resarcimiento de todo el da\u00f1o causado.<\/p>\n<p>Tras la aportaci\u00f3n de la exorbitada fianza impuesta por el magistrado de la Audiencia Nacional y la retirada de la acusaci\u00f3n popular de UPyD, termina ahora la lucha por la exigencia de nuestro derecho para comparecer en la causa y comienza el ejercicio real de la acci\u00f3n penal, por nosotros mismos con nuestros medios, como CGT, al objeto<strong> de exigir que de alg\u00fan modo se repare el da\u00f1o causado, que los responsables no eludan la acci\u00f3n penal y que se desenmascare a quienes han llevado a que toda la sociedad haya pagado colectivamente las deudas generadas<\/strong> por sectores minoritarios, adem\u00e1s de defender los derechos de las y los trabajadores que fueron despedidos en una salvaje reestructuraci\u00f3n del sector financiero.<\/p>\n<p>COMUNICADO DEL SP CONFEDERAL<\/p>\n<p>&nbsp;<\/p>\n","protected":false},"excerpt":{"rendered":"<p style=\"text-align: justify\"><a href=\"https:\/\/www.cgt-lkn.org\/bizkaia\/?attachment_id=12748\" rel=\"attachment wp-att-12748\"><img loading=\"lazy\" decoding=\"async\" class=\"alignleft size-full wp-image-12748\" src=\"https:\/\/www.cgt-lkn.org\/bizkaia\/wp-content\/uploads\/sites\/21\/2016\/04\/RATO.jpg\" alt=\"RATO\" width=\"258\" height=\"196\" srcset=\"https:\/\/www.cgt-lkn.org\/bizkaia\/wp-content\/uploads\/sites\/21\/2016\/04\/RATO.jpg 258w, https:\/\/www.cgt-lkn.org\/bizkaia\/wp-content\/uploads\/sites\/21\/2016\/04\/RATO-200x152.jpg 200w, https:\/\/www.cgt-lkn.org\/bizkaia\/wp-content\/uploads\/sites\/21\/2016\/04\/RATO-80x60.jpg 80w\" sizes=\"auto, (max-width: 258px) 100vw, 258px\" \/><\/a>Tras la retirada de UPyD como acusaci\u00f3n popular en el procedimiento contra BANKIA y sus directivos, en el que el juez de la Audiencia Nacional Fernando Andreu, nos obligaba a comparecer bajo la direcci\u00f3n letrada y representaci\u00f3n del referido partido pol\u00edtico, finalmente se ha aceptado que <strong>la Confederaci\u00f3n General del Trabajo (CGT) pueda actuar como acusaci\u00f3n popular en esta causa, bajo representaci\u00f3n y direcci\u00f3n letrada propia<\/strong>, que ser\u00e1 asumida por el letrado del gabinete jur\u00eddico confederal Ra\u00fal Ma\u00edllo.<\/p>\n<p style=\"text-align: justify\"><strong>CGT tiene representaci\u00f3n e implantaci\u00f3n en las entidades donde se han producido los hechos objeto del procedimiento<\/strong>, siendo las personas trabajadoras de dichas entidades, perjudicadas en un doble sentido, como empleados y empleadas que sufrieron las consecuencias de la <strong>reestructuraci\u00f3n del sector con m\u00faltiples despidos y bajo duras condiciones, y como ciudadanos y ciudadanas, que forman parte de la sociedad<\/strong> que, por parte de una minor\u00eda, ha sido objeto de conductas carentes de toda \u00e9tica, antisociales y delictivas hacia el resto una sociedad que reclama, cuanto menos, un resarcimiento de todo el da\u00f1o causado.<\/p>\n","protected":false},"author":57,"featured_media":0,"comment_status":"open","ping_status":"closed","sticky":false,"template":"","format":"standard","meta":{"footnotes":"","_links_to":"","_links_to_target":""},"categories":[99,46,15],"tags":[],"class_list":["post-12747","post","type-post","status-publish","format-standard","hentry","category-comunicados","category-laboral","category-social"],"publishpress_future_action":{"enabled":false,"date":"2026-05-08 14:20:33","action":"change-status","newStatus":"draft","terms":[],"taxonomy":"category","extraData":[]},"publishpress_future_workflow_manual_trigger":{"enabledWorkflows":[]},"_links":{"self":[{"href":"https:\/\/www.cgt-lkn.org\/bizkaia\/wp-json\/wp\/v2\/posts\/12747","targetHints":{"allow":["GET"]}}],"collection":[{"href":"https:\/\/www.cgt-lkn.org\/bizkaia\/wp-json\/wp\/v2\/posts"}],"about":[{"href":"https:\/\/www.cgt-lkn.org\/bizkaia\/wp-json\/wp\/v2\/types\/post"}],"author":[{"embeddable":true,"href":"https:\/\/www.cgt-lkn.org\/bizkaia\/wp-json\/wp\/v2\/users\/57"}],"replies":[{"embeddable":true,"href":"https:\/\/www.cgt-lkn.org\/bizkaia\/wp-json\/wp\/v2\/comments?post=12747"}],"version-history":[{"count":0,"href":"https:\/\/www.cgt-lkn.org\/bizkaia\/wp-json\/wp\/v2\/posts\/12747\/revisions"}],"wp:attachment":[{"href":"https:\/\/www.cgt-lkn.org\/bizkaia\/wp-json\/wp\/v2\/media?parent=12747"}],"wp:term":[{"taxonomy":"category","embeddable":true,"href":"https:\/\/www.cgt-lkn.org\/bizkaia\/wp-json\/wp\/v2\/categories?post=12747"},{"taxonomy":"post_tag","embeddable":true,"href":"https:\/\/www.cgt-lkn.org\/bizkaia\/wp-json\/wp\/v2\/tags?post=12747"}],"curies":[{"name":"wp","href":"https:\/\/api.w.org\/{rel}","templated":true}]}}