{"id":12605,"date":"2016-03-21T14:09:05","date_gmt":"2016-03-21T13:09:05","guid":{"rendered":"http:\/\/www.cgt-lkn.org\/bizkaia\/?p=12605"},"modified":"2017-10-23T07:17:50","modified_gmt":"2017-10-23T06:17:50","slug":"s-o-s-refugiados-contra-el-acuerdo-ue-turquia-sobre-refugiadosas","status":"publish","type":"post","link":"https:\/\/www.cgt-lkn.org\/bizkaia\/archivos\/12605","title":{"rendered":"\u201cS.O.S. Refugiados\u201d (Contra el acuerdo UE-Turqu\u00eda sobre refugiados\/as)"},"content":{"rendered":"<p><a href=\"https:\/\/www.cgt-lkn.org\/bizkaia\/?attachment_id=12606\" rel=\"attachment wp-att-12606\"><img loading=\"lazy\" decoding=\"async\" class=\"alignleft wp-image-12606\" src=\"https:\/\/www.cgt-lkn.org\/bizkaia\/wp-content\/uploads\/sites\/21\/2016\/03\/Refugiados-5.jpg\" alt=\"Refugiados 5\" width=\"300\" height=\"169\" srcset=\"https:\/\/www.cgt-lkn.org\/bizkaia\/wp-content\/uploads\/sites\/21\/2016\/03\/Refugiados-5.jpg 480w, https:\/\/www.cgt-lkn.org\/bizkaia\/wp-content\/uploads\/sites\/21\/2016\/03\/Refugiados-5-300x169.jpg 300w, https:\/\/www.cgt-lkn.org\/bizkaia\/wp-content\/uploads\/sites\/21\/2016\/03\/Refugiados-5-200x113.jpg 200w, https:\/\/www.cgt-lkn.org\/bizkaia\/wp-content\/uploads\/sites\/21\/2016\/03\/Refugiados-5-400x225.jpg 400w\" sizes=\"auto, (max-width: 300px) 100vw, 300px\" \/><\/a><\/p>\n<p>El drama de las personas que intentan buscar refugio en Europa, huyendo de las guerras, la muerte, el dolor y la miseria, no cesa.<\/p>\n<p>Evitando analizar las circunstancias que han generado estas situaciones en sus pa\u00edses de origen, all\u00ed donde igual que nosotras trabajaban, dorm\u00edan, amaban, criaban a sus hijos, compart\u00edan la vida con familiares y amigos.<\/p>\n<p>Evitando entrar a valorar el grado de responsabilidad de los dirigentes de nuestro primer mundo en los acontecimientos que han generado que miles y miles de personas abandonen todo aquello que les hacia tan iguales o parecidos a nosotros, que ha obligado a tantas y tantos arriesgar su vida en inciertas traves\u00edas por mar y por tierra, y lo m\u00e1s terrible, arriesgando la de sus hijos y seres queridos, obviando como digo todo esto, constatamos que Europa nuestra Europa, les cierra las puertas sin m\u00e1s miramientos, los echa, los apalea, los insulta, les abandona en su desesperaci\u00f3n.<\/p>\n<p>\u00bfNos imaginamos por un momento estar en su piel? \u00bfpodemos tan solo, intuir el sufrimiento de nuestros cong\u00e9neres, viendo frustradas sus esperanzas de recuperar una vida m\u00e1s o menos digna? \u00bfpodemos vislumbrar levemente el padecimiento de ver a tus hijos pasando fr\u00edo, enfermos, sin atenci\u00f3n m\u00e9dica, sin comida suficiente, sin futuro posible, e incluso tener que ver c\u00f3mo perecen ante la inacci\u00f3n de los pa\u00edses que supuestamente enarbolan la bandera de la democracia y de los derechos humanos? \u00bfLo vemos!?, \u00bfo nos hemos vueltos ciegos de principios, de humanidad?<\/p>\n<p>Lo cierto es que la poca esperanza que nos queda, que le queda a Europa, son todas aquellas personas que al margen de los \u00abest\u00f3magos agradecidos\u00bb de nuestros gobernantes, est\u00e1n acogiendo, apoyando, salvando, atendiendo, haciendo todo lo que est\u00e1 en sus manos para paliar el sufrimiento de los que llegan a nuestra supuesta \u201cItaca\u201d. Estas personas son tambi\u00e9n nuestra salvaci\u00f3n, son ellas las que hoy ponen freno a la deriva totalitaria de nuestro continente.<\/p>\n<p>Porque o cambiamos de rumbo, o recuperamos los m\u00e1s elementales principios de solidaridad, de humanidad, o vamos derechos al abismo, que es lo mismo que repetir el pasado, estamos condenando no solo a los sirios, kurdos, Iraqu\u00edes, etc que buscan un posible ma\u00f1ana en sus vidas, nos estamos condenados a sufrir en nuestras propias casas y pa\u00edses, en nuestros propios padres, hijos y parejas, padecimientos que cre\u00edamos desterrados.<\/p>\n<p>No nos creamos que es posible rodearnos de muros que nos protejan de \u201clo de fuera\u201d, porque lo de fuera tambi\u00e9n somos nosotros, son nuestros hermanos, nuestros iguales. Y porque no hay pared ni alambrada que pare el anhelo de las personas a tener un futuro. A exigir tambi\u00e9n un ma\u00f1ana para \u00e9l y los suyos. Y sino preguntate qu\u00e9 har\u00edas t\u00fa en su situaci\u00f3n, qu\u00e9 no estar\u00edas dispuesta a arriesgar.<\/p>\n<p>La ignominiosa actuaci\u00f3n de los Dirigentes de la UE, no solo es inmoral e indecente, es adem\u00e1s camino sembrado al desastre. No podemos ser sus c\u00f3mplices aunque sea por la inacci\u00f3n, debemos rebelarnos, debemos actuar, y debemos hacerlo ya.<\/p>\n<p>A las personas de buena voluntad les pido que unamos esfuerzos para hacer que otro mundo sea posible, no esperemos nada de aquellos que acuerdan deportaciones en lujosos banquetes, no esperamos nada de quienes permitieron y permiten que con sus pol\u00edticas impuestas se arroje al umbral de pobreza a centenares de miles de sus conciudadanos, y que incluso la desnutrici\u00f3n infantil vuelva a aparecer en Europa. Siendo as\u00ed \u00bfqu\u00e9 esperamos que hagan por aquellos que no tienen ni derecho a votar?<\/p>\n<p>Debemos enfocar bien qui\u00e9n nos debe preocupar, qui\u00e9n pone en riesgo nuestras vidas m\u00e1s o menos tranquilas y apacibles, qui\u00e9nes son los que promueven que gran parte de las poblaciones europeas vean a los refugiados como un peligro, promueven que los no ricos teman al m\u00e1s pobre, mientras ellos lo miran satisfechos desde la barrera, convencidos que no les va a salpicar la sangre.<\/p>\n<p>Por humanidad, por solidaridad, ayudemos a los damnificados, que con ello tambi\u00e9n nos ayudamos a nosotros mismos.<\/p>\n<p>El Ser humano ha avanzado de verdad, ha sido capaz de superar graves situaciones cuando ha tenido como valor, como principio el Apoyo Mutuo. Pero claro, eso va en contra de un sistema pol\u00edtico \/ econ\u00f3mico que preconiza la ley de la selva, que promueve la acumulaci\u00f3n de la riqueza en pocas manos, en lugar del reparto justo y solidario de los recursos de este planeta, que se creen sin duda suyo.<\/p>\n<p>O le damos la vuelta, o asumimos nuestra cuota de responsabilidad y la exigimos, o estamos perdidos, lo estamos como humanidad, como especie. Hoy quiz\u00e1s t\u00fa te salves, pero ma\u00f1ana tus hijos pueden ser los refugiados, pueden ser los efectos colaterales para mantener un mundo de ricos cada vez m\u00e1s ricos y m\u00e1s pobres cada vez m\u00e1s pobres.<\/p>\n<p>\u201cHagamos posible un mundo para todas\u201d<\/p>\n<p>Salud y solidaridad<\/p>\n<p>Enric Tarrida<\/p>\n<p>Secretario General del Sector Mar y Puertos<\/p>\n<p>Confederaci\u00f3n General del Trabajo (CGT)<\/p>\n","protected":false},"excerpt":{"rendered":"<p style=\"text-align: justify\"><a href=\"https:\/\/www.cgt-lkn.org\/bizkaia\/?attachment_id=12606\" rel=\"attachment wp-att-12606\"><img loading=\"lazy\" decoding=\"async\" class=\"alignleft wp-image-12606\" src=\"https:\/\/www.cgt-lkn.org\/bizkaia\/wp-content\/uploads\/sites\/21\/2016\/03\/Refugiados-5.jpg\" alt=\"Refugiados 5\" width=\"300\" height=\"169\" srcset=\"https:\/\/www.cgt-lkn.org\/bizkaia\/wp-content\/uploads\/sites\/21\/2016\/03\/Refugiados-5.jpg 480w, https:\/\/www.cgt-lkn.org\/bizkaia\/wp-content\/uploads\/sites\/21\/2016\/03\/Refugiados-5-300x169.jpg 300w, https:\/\/www.cgt-lkn.org\/bizkaia\/wp-content\/uploads\/sites\/21\/2016\/03\/Refugiados-5-200x113.jpg 200w, https:\/\/www.cgt-lkn.org\/bizkaia\/wp-content\/uploads\/sites\/21\/2016\/03\/Refugiados-5-400x225.jpg 400w\" sizes=\"auto, (max-width: 300px) 100vw, 300px\" \/><\/a>El drama de las personas que intentan buscar refugio en Europa, huyendo de las guerras, la muerte, el dolor y la miseria, no cesa.<\/p>\n<p style=\"text-align: justify\">Evitando analizar las circunstancias que han generado estas situaciones en sus pa\u00edses de origen, all\u00ed donde igual que nosotras trabajaban, dorm\u00edan, amaban, criaban a sus hijos, compart\u00edan la vida con familiares y amigos.<\/p>\n<p style=\"text-align: justify\">Evitando entrar a valorar el grado de responsabilidad de los dirigentes de nuestro primer mundo en los acontecimientos que han generado que miles y miles de personas abandonen todo aquello que les hacia tan iguales o parecidos a nosotros, que ha obligado a tantas y tantos arriesgar su vida en inciertas traves\u00edas por mar y por tierra, y lo m\u00e1s terrible, arriesgando la de sus hijos y seres queridos, obviando como digo todo esto, constatamos que Europa nuestra Europa, les cierra las puertas sin m\u00e1s miramientos, los echa, los apalea, los insulta, les abandona en su desesperaci\u00f3n.<\/p>\n<p style=\"text-align: justify\">\u00bfNos imaginamos por un momento estar en su piel? \u00bfpodemos tan solo, intuir el sufrimiento de nuestros cong\u00e9neres, viendo frustradas sus esperanzas de recuperar una vida m\u00e1s o menos digna? \u00bfpodemos vislumbrar levemente el padecimiento de ver a tus hijos pasando fr\u00edo, enfermos, sin atenci\u00f3n m\u00e9dica, sin comida suficiente, sin futuro posible, e incluso tener que ver c\u00f3mo perecen ante la inacci\u00f3n de los pa\u00edses que supuestamente enarbolan la bandera de la democracia y de los derechos humanos? \u00bfLo vemos!?, \u00bfo nos hemos vueltos ciegos de principios, de humanidad?<\/p>\n","protected":false},"author":191,"featured_media":0,"comment_status":"open","ping_status":"closed","sticky":false,"template":"","format":"standard","meta":{"footnotes":"","_links_to":"","_links_to_target":""},"categories":[45,26,117,136,15],"tags":[],"class_list":["post-12605","post","type-post","status-publish","format-standard","hentry","category-internacional","category-opinion","category-politica","category-refugiados","category-social"],"publishpress_future_action":{"enabled":false,"date":"2026-05-09 08:14:25","action":"change-status","newStatus":"draft","terms":[],"taxonomy":"category","extraData":[]},"publishpress_future_workflow_manual_trigger":{"enabledWorkflows":[]},"_links":{"self":[{"href":"https:\/\/www.cgt-lkn.org\/bizkaia\/wp-json\/wp\/v2\/posts\/12605","targetHints":{"allow":["GET"]}}],"collection":[{"href":"https:\/\/www.cgt-lkn.org\/bizkaia\/wp-json\/wp\/v2\/posts"}],"about":[{"href":"https:\/\/www.cgt-lkn.org\/bizkaia\/wp-json\/wp\/v2\/types\/post"}],"author":[{"embeddable":true,"href":"https:\/\/www.cgt-lkn.org\/bizkaia\/wp-json\/wp\/v2\/users\/191"}],"replies":[{"embeddable":true,"href":"https:\/\/www.cgt-lkn.org\/bizkaia\/wp-json\/wp\/v2\/comments?post=12605"}],"version-history":[{"count":0,"href":"https:\/\/www.cgt-lkn.org\/bizkaia\/wp-json\/wp\/v2\/posts\/12605\/revisions"}],"wp:attachment":[{"href":"https:\/\/www.cgt-lkn.org\/bizkaia\/wp-json\/wp\/v2\/media?parent=12605"}],"wp:term":[{"taxonomy":"category","embeddable":true,"href":"https:\/\/www.cgt-lkn.org\/bizkaia\/wp-json\/wp\/v2\/categories?post=12605"},{"taxonomy":"post_tag","embeddable":true,"href":"https:\/\/www.cgt-lkn.org\/bizkaia\/wp-json\/wp\/v2\/tags?post=12605"}],"curies":[{"name":"wp","href":"https:\/\/api.w.org\/{rel}","templated":true}]}}