{"id":12269,"date":"2016-01-10T11:51:58","date_gmt":"2016-01-10T10:51:58","guid":{"rendered":"http:\/\/www.cgt-lkn.org\/bizkaia\/?p=12269"},"modified":"2016-01-10T11:51:58","modified_gmt":"2016-01-10T10:51:58","slug":"ya-lo-han-visto-ls-anticapitalistas-de-la-cup-salvando-los-muebles-de-los-convergentes","status":"publish","type":"post","link":"https:\/\/www.cgt-lkn.org\/bizkaia\/archivos\/12269","title":{"rendered":"Ya lo han visto: l@s anticapitalistas de la CUP salvando los muebles de los convergentes."},"content":{"rendered":"<p><a href=\"https:\/\/www.cgt-lkn.org\/bizkaia\/?attachment_id=12270\" rel=\"attachment wp-att-12270\"><img loading=\"lazy\" decoding=\"async\" class=\"alignleft size-full wp-image-12270\" src=\"https:\/\/www.cgt-lkn.org\/bizkaia\/wp-content\/uploads\/sites\/21\/2016\/01\/Carles-Puigdemont.jpg\" alt=\"Carles Puigdemont\" width=\"245\" height=\"206\" srcset=\"https:\/\/www.cgt-lkn.org\/bizkaia\/wp-content\/uploads\/sites\/21\/2016\/01\/Carles-Puigdemont.jpg 245w, https:\/\/www.cgt-lkn.org\/bizkaia\/wp-content\/uploads\/sites\/21\/2016\/01\/Carles-Puigdemont-200x168.jpg 200w\" sizes=\"auto, (max-width: 245px) 100vw, 245px\" \/><\/a><em>Por Jes\u00fas Garc\u00eda de las Bayonas Delgado<\/em><\/p>\n<p>Lo han podido ver claramente: la CUP ven\u00eda exigiendo que no se invistiera a Mas, sino otro candidato de consenso. Y el candidato \u00abde consenso\u00bb para la CUP ha sido Carles Puigdemont un convergente que no se libra ni de lejos de los planteamientos profundamente neoliberales que son la ant\u00edtesis de los supuestamente planteamientos anticapitalistas de la CUP.<\/p>\n<p>La CUP no ha vencido, se ha vendido y lo ha hecho al primer convergente que ha salido tras quitarle la presidencia a Mas, traicionando\u00a0 sus planteamientos y su programa. Porque cabe destacar que de entre las notas principales del acuerdo figuran que dos diputados del grupo parlamentario de la CUP pasar\u00e1n a la l\u00f3gica parlamentaria de Juntsxsi para dar estabilidad al futuro Govern, con lo que ello significa: pierden la autonom\u00eda de sus votantes y de su programa que les era propia y rinden cuentas ante ERC y los representantes del capital catal\u00e1n, Convergencia.<\/p>\n<p>El abrazo de David Fern\u00e1ndez a M\u00e1s se ha convertido en acoplamiento ortop\u00e9dico, como mano derecha, a Convergencia por parte de la CUP ; gui\u00e1ndose la direcci\u00f3n CUP \u00fanicamente de la m\u00fasica, ret\u00f3rica e im\u00e1genes independentistas de Convergencia\u00a0\u00a0anonad\u00e1ndola como si del Flautista de Hamel\u00edn se tratara, que al ruido de \u00abRep\u00fablica Catalana\u00bb ha enso\u00f1odecido y dominado a la CUP en contra de las bases cuyo empate no legitimaba ni para una cosa ni para la contraria, pero mucho menos que para investir a Convergencia con la presidencia. Si este es el consenso al que llegan tras una ardua negociaci\u00f3n pueden quedarse quietos la pr\u00f3xima vez. Adem\u00e1s, con este \u00abencantamiento\u00bb de la CUP se le ha suministrado una dosis letal para ellos mismos, para su proyecto y para su legitimidad.<\/p>\n<p>Y es que no ha importado nada para ellos: primero, no les ha importado la democracia, ya que ni que Juntsxsi por separado ni juntos con la CUP lograr\u00e1n una victoria contundente en las elecciones, ni siquiera llegan al 50%. Sumados los votos de unos y de otros dan un 47,74% del total de los votos. Segundo no les han importado sus en teor\u00eda planteamientos anticapitalistas.<\/p>\n<p>Su objetivo antes que sus principios anticapitalistas han sido rep\u00fablica catalana y no otra cosa. Pero cabe preguntarse \u00bfc\u00f3mo se puede hacer una rep\u00fablica catalana juntando \u00fanicamente el 39,54% de los votos (de JuntsxSi) y el 8,2% (de la CUP)? \u00bfque legitimidad puede deducirse de estos resultados a tales efectos, estando el resto en contra de su proclamaci\u00f3n? La CUP le ha hecho parte del juego sucio a Convergencia al avalar su estrategia de no hablar de la crisis, de no hablar de los recortes y la corrupci\u00f3n en Catalu\u00f1a y hablar todo el rato del process.\u00a0\u00a0Y no digamos ya el favor que le ha hecho al PP al convulsionar con una independencia de m\u00ednimos apoyos el panorama pol\u00edtico estatal y que se frota las manos ante los tambores que acercan la \u00abGro\u00dfe Koalition\u00bb con el PSOE o un nuevo escenario electoral.<\/p>\n<p>Finalmente a Podemos o En com\u00fa Podem, por el contrario, que en este escenario que aboga como es natural por el derecho a decidir y que ten\u00eda unas expectativas impresionantes de crecimiento ante unas segundas elecciones catalanas, le han cortado las alas: el pacto de \u00faltima hora de los anticapitalistas de la CUP les ha desbaratado las grandes expectativas que ten\u00edan tras los resultados electorales el 20-D. Y los verdugos han sido las Candidaturas de Unidad Popular. A los anticapitalistas de la CUP les ha domesticado la m\u00fasica soberanista para finalmente ser mano derecha de Convergencia. Esperemos que los diputados de la CUP se revelen ante semejante desprop\u00f3sito y se convoquen nuevas elecciones, esas que tanto teme Convergencia.<\/p>\n<p>\u00a1Sonreid porque vamos a ganar!<\/p>\n<p>\u00a1Si se puede!<\/p>\n<p>Fuente: Kaosenlared.net<\/p>\n<p>&nbsp;<\/p>\n<p>&nbsp;<\/p>\n","protected":false},"excerpt":{"rendered":"<p style=\"text-align: justify\"><em><a href=\"https:\/\/www.cgt-lkn.org\/bizkaia\/?attachment_id=12270\" rel=\"attachment wp-att-12270\"><img loading=\"lazy\" decoding=\"async\" class=\"alignleft size-full wp-image-12270\" src=\"https:\/\/www.cgt-lkn.org\/bizkaia\/wp-content\/uploads\/sites\/21\/2016\/01\/Carles-Puigdemont.jpg\" alt=\"Carles Puigdemont\" width=\"245\" height=\"206\" srcset=\"https:\/\/www.cgt-lkn.org\/bizkaia\/wp-content\/uploads\/sites\/21\/2016\/01\/Carles-Puigdemont.jpg 245w, https:\/\/www.cgt-lkn.org\/bizkaia\/wp-content\/uploads\/sites\/21\/2016\/01\/Carles-Puigdemont-200x168.jpg 200w\" sizes=\"auto, (max-width: 245px) 100vw, 245px\" \/><\/a>Por Jes\u00fas Garc\u00eda de las Bayonas Delgado<\/em><\/p>\n<p style=\"text-align: justify\">Lo han podido ver claramente: la CUP ven\u00eda exigiendo que no se invistiera a Mas, sino otro candidato de consenso. Y el candidato \u201cde consenso\u201d para la CUP ha sido Carles Puigdemont un convergente que no se libra ni de lejos de los planteamientos profundamente neoliberales que son la ant\u00edtesis de los supuestamente planteamientos anticapitalistas de la CUP.<\/p>\n<p style=\"text-align: justify\">La CUP no ha vencido, se ha vendido y lo ha hecho al primer convergente que ha salido tras quitarle la presidencia a Mas, traicionando\u00a0 sus planteamientos y su programa. Porque cabe destacar que de entre las notas principales del acuerdo figuran que dos diputados del grupo parlamentario de la CUP pasar\u00e1n a la l\u00f3gica parlamentaria de Juntsxsi para dar estabilidad al futuro Govern, con lo que ello significa: pierden la autonom\u00eda de sus votantes y de su programa que les era propia y rinden cuentas ante ERC y los representantes del capital catal\u00e1n, Convergencia.<\/p>\n<p style=\"text-align: justify\">El abrazo de David Fern\u00e1ndez a M\u00e1s se ha convertido en acoplamiento ortop\u00e9dico, como mano derecha, a Convergencia por parte de la CUP ; gui\u00e1ndose la direcci\u00f3n CUP \u00fanicamente de la m\u00fasica, ret\u00f3rica e im\u00e1genes independentistas de Convergencia\u00a0\u00a0anonad\u00e1ndola como si del Flautista de Hamel\u00edn se tratara, que al ruido de \u201cRep\u00fablica Catalana\u201d ha enso\u00f1odecido y dominado a la CUP en contra de las bases cuyo empate no legitimaba ni para una cosa ni para la contraria, pero mucho menos que para investir a Convergencia con la presidencia. Si este es el consenso al que llegan tras una ardua negociaci\u00f3n pueden quedarse quietos la pr\u00f3xima vez. Adem\u00e1s, con este \u201cencantamiento\u201d de la CUP se le ha suministrado una dosis letal para ellos mismos, para su proyecto y para su legitimidad.<\/p>\n","protected":false},"author":191,"featured_media":0,"comment_status":"open","ping_status":"closed","sticky":false,"template":"","format":"standard","meta":{"footnotes":"","_links_to":"","_links_to_target":""},"categories":[26,117],"tags":[],"class_list":["post-12269","post","type-post","status-publish","format-standard","hentry","category-opinion","category-politica"],"publishpress_future_action":{"enabled":false,"date":"2026-05-09 07:03:53","action":"change-status","newStatus":"draft","terms":[],"taxonomy":"category","extraData":[]},"publishpress_future_workflow_manual_trigger":{"enabledWorkflows":[]},"_links":{"self":[{"href":"https:\/\/www.cgt-lkn.org\/bizkaia\/wp-json\/wp\/v2\/posts\/12269","targetHints":{"allow":["GET"]}}],"collection":[{"href":"https:\/\/www.cgt-lkn.org\/bizkaia\/wp-json\/wp\/v2\/posts"}],"about":[{"href":"https:\/\/www.cgt-lkn.org\/bizkaia\/wp-json\/wp\/v2\/types\/post"}],"author":[{"embeddable":true,"href":"https:\/\/www.cgt-lkn.org\/bizkaia\/wp-json\/wp\/v2\/users\/191"}],"replies":[{"embeddable":true,"href":"https:\/\/www.cgt-lkn.org\/bizkaia\/wp-json\/wp\/v2\/comments?post=12269"}],"version-history":[{"count":0,"href":"https:\/\/www.cgt-lkn.org\/bizkaia\/wp-json\/wp\/v2\/posts\/12269\/revisions"}],"wp:attachment":[{"href":"https:\/\/www.cgt-lkn.org\/bizkaia\/wp-json\/wp\/v2\/media?parent=12269"}],"wp:term":[{"taxonomy":"category","embeddable":true,"href":"https:\/\/www.cgt-lkn.org\/bizkaia\/wp-json\/wp\/v2\/categories?post=12269"},{"taxonomy":"post_tag","embeddable":true,"href":"https:\/\/www.cgt-lkn.org\/bizkaia\/wp-json\/wp\/v2\/tags?post=12269"}],"curies":[{"name":"wp","href":"https:\/\/api.w.org\/{rel}","templated":true}]}}