{"id":12028,"date":"2015-11-28T14:08:10","date_gmt":"2015-11-28T13:08:10","guid":{"rendered":"http:\/\/www.cgt-lkn.org\/bizkaia\/?p=12028"},"modified":"2015-12-01T08:47:44","modified_gmt":"2015-12-01T07:47:44","slug":"varios-cientos-de-personas-se-manifiestan-en-bilbao-para-que-se-tomen-medidas-urgentes-para-contener-el-calentamiento-global-y-disminuir-la-emision-de-gases-de-efecto-invernadero","status":"publish","type":"post","link":"https:\/\/www.cgt-lkn.org\/bizkaia\/archivos\/12028","title":{"rendered":"Varios cientos de personas se manifiestan en Bilbao para que se tomen medidas urgentes para contener el calentamiento global y disminuir la emisi\u00f3n de gases de efecto invernadero"},"content":{"rendered":"<p><a href=\"https:\/\/www.cgt-lkn.org\/bizkaia\/?attachment_id=12029\" rel=\"attachment wp-att-12029\"><img loading=\"lazy\" decoding=\"async\" class=\"alignleft wp-image-12029\" src=\"https:\/\/www.cgt-lkn.org\/bizkaia\/wp-content\/uploads\/sites\/21\/2015\/11\/IMG_0019.jpg\" alt=\"IMG_0019\" width=\"350\" height=\"263\" srcset=\"https:\/\/www.cgt-lkn.org\/bizkaia\/wp-content\/uploads\/sites\/21\/2015\/11\/IMG_0019.jpg 1024w, https:\/\/www.cgt-lkn.org\/bizkaia\/wp-content\/uploads\/sites\/21\/2015\/11\/IMG_0019-300x225.jpg 300w, https:\/\/www.cgt-lkn.org\/bizkaia\/wp-content\/uploads\/sites\/21\/2015\/11\/IMG_0019-200x150.jpg 200w, https:\/\/www.cgt-lkn.org\/bizkaia\/wp-content\/uploads\/sites\/21\/2015\/11\/IMG_0019-400x300.jpg 400w, https:\/\/www.cgt-lkn.org\/bizkaia\/wp-content\/uploads\/sites\/21\/2015\/11\/IMG_0019-80x60.jpg 80w\" sizes=\"auto, (max-width: 350px) 100vw, 350px\" \/><\/a>La cumbre de Paris comienza el 30 de noviembre <strong>sin expectativas de que se vayan a tomar compromisos legalmente vinculantes<\/strong> y suficientes para contener el calentamiento global a no m\u00e1s de 2 grados de aqu\u00ed a fin de siglo.<\/p>\n<p><strong>Se reinvindica una masiva inversi\u00f3n en energ\u00edas renovables, en aislamiento de edificios, en eficacia energ\u00e9tica, en agroecolog\u00eda, en movilidad sostenible, etc<\/strong>. Frente a un modelo de desarrollo industrial basado en los recursos f\u00f3siles donde solo 90 empresas son responsables de m\u00e1s del 63% de las emisiones mundiales de gases de efecto invernadero producidas desde 1850.<\/p>\n<p>Es urgente y necesario <strong>un cambio de orientaci\u00f3n en las decisiones pol\u00edticas , de producci\u00f3n y de consumo<\/strong>, <strong>seg\u00fan la l\u00f3gica cualitativa del \u00abcuidar\u00bb<\/strong> (a las personas, el v\u00ednculo social, los objetos, la biosfera&#8230;), colocando la calidad de los bienes comunes sociales y ecol\u00f3gicos en el centro de las actividades humanas y pol\u00edticas: sobriedad en la cantidad, prosperidad en la calidad. Esto anterior implica enfrentarse a las desigualdades para que los nuevos modos de consumo sean accesibles para todxs.<\/p>\n<p><strong>Frente a la falta de resultados en las cumbres clim\u00e1ticas, contrasta la facilidad con que llegan a acuerdos de libre comercio<\/strong> que favorecen a las multinacionales como el TTIP, Tratado Transatl\u00e1ntico de Libre Comercio e Inversiones entre la Uni\u00f3n Europea y EE.UU que socava la soberan\u00eda de los pueblos en pr\u00e1cticamente todas sus facetas, como la democr\u00e1tica, alimentaria, energ\u00e9tica, o medioambiental.<\/p>\n","protected":false},"excerpt":{"rendered":"<p style=\"text-align: justify\"><a href=\"https:\/\/www.cgt-lkn.org\/bizkaia\/?attachment_id=12029\" rel=\"attachment wp-att-12029\"><img loading=\"lazy\" decoding=\"async\" class=\"alignleft wp-image-12029\" src=\"https:\/\/www.cgt-lkn.org\/bizkaia\/wp-content\/uploads\/sites\/21\/2015\/11\/IMG_0019.jpg\" alt=\"IMG_0019\" width=\"350\" height=\"263\" srcset=\"https:\/\/www.cgt-lkn.org\/bizkaia\/wp-content\/uploads\/sites\/21\/2015\/11\/IMG_0019.jpg 1024w, https:\/\/www.cgt-lkn.org\/bizkaia\/wp-content\/uploads\/sites\/21\/2015\/11\/IMG_0019-300x225.jpg 300w, https:\/\/www.cgt-lkn.org\/bizkaia\/wp-content\/uploads\/sites\/21\/2015\/11\/IMG_0019-200x150.jpg 200w, https:\/\/www.cgt-lkn.org\/bizkaia\/wp-content\/uploads\/sites\/21\/2015\/11\/IMG_0019-400x300.jpg 400w, https:\/\/www.cgt-lkn.org\/bizkaia\/wp-content\/uploads\/sites\/21\/2015\/11\/IMG_0019-80x60.jpg 80w\" sizes=\"auto, (max-width: 350px) 100vw, 350px\" \/><\/a>La cumbre de Paris comienza el 30 de noviembre <strong>sin expectativas de que se vayan a tomar compromisos legalmente vinculantes<\/strong> y suficientes para contener el calentamiento global a no m\u00e1s de 2 grados de aqu\u00ed a fin de siglo.<\/p>\n<p style=\"text-align: justify\"><strong>Se reinvindica una masiva inversi\u00f3n en energ\u00edas renovables, en aislamiento de edificios, en eficacia energ\u00e9tica, en agroecolog\u00eda, en movilidad sostenible, etc<\/strong>. Frente a un modelo de desarrollo industrial basado en los recursos f\u00f3siles donde solo 90 empresas son responsables de m\u00e1s del 63% de las emisiones mundiales de gases de efecto invernadero producidas desde 1850.<\/p>\n<p style=\"text-align: justify\">Es urgente y necesario <strong>un cambio de orientaci\u00f3n en las decisiones pol\u00edticas , de producci\u00f3n y de consumo<\/strong>, <strong>seg\u00fan la l\u00f3gica cualitativa del \u00abcuidar\u00bb<\/strong> (a las personas, el v\u00ednculo social, los objetos, la biosfera&#8230;), colocando la calidad de los bienes comunes sociales y ecol\u00f3gicos en el centro de las actividades humanas y pol\u00edticas: sobriedad en la cantidad, prosperidad en la calidad. Esto anterior implica enfrentarse a las desigualdades para que los nuevos modos de consumo sean accesibles para todxs.<\/p>\n<p style=\"text-align: justify\"><strong>Frente a la falta de resultados en las cumbres clim\u00e1ticas, contrasta la facilidad con que llegan a acuerdos de libre comercio<\/strong> que favorecen a las multinacionales como el TTIP, Tratado Transatl\u00e1ntico de Libre Comercio e Inversiones entre la Uni\u00f3n Europea y EE.UU que socava la soberan\u00eda de los pueblos en pr\u00e1cticamente todas sus facetas, como la democr\u00e1tica, alimentaria, energ\u00e9tica, o medioambiental.<\/p>\n","protected":false},"author":12,"featured_media":0,"comment_status":"open","ping_status":"closed","sticky":false,"template":"","format":"standard","meta":{"footnotes":"","_links_to":"","_links_to_target":""},"categories":[56,5,8],"tags":[],"class_list":["post-12028","post","type-post","status-publish","format-standard","hentry","category-decrecimiento","category-ecologia","category-movilizaciones"],"publishpress_future_action":{"enabled":false,"date":"2026-05-07 14:26:16","action":"change-status","newStatus":"draft","terms":[],"taxonomy":"category","extraData":[]},"publishpress_future_workflow_manual_trigger":{"enabledWorkflows":[]},"_links":{"self":[{"href":"https:\/\/www.cgt-lkn.org\/bizkaia\/wp-json\/wp\/v2\/posts\/12028","targetHints":{"allow":["GET"]}}],"collection":[{"href":"https:\/\/www.cgt-lkn.org\/bizkaia\/wp-json\/wp\/v2\/posts"}],"about":[{"href":"https:\/\/www.cgt-lkn.org\/bizkaia\/wp-json\/wp\/v2\/types\/post"}],"author":[{"embeddable":true,"href":"https:\/\/www.cgt-lkn.org\/bizkaia\/wp-json\/wp\/v2\/users\/12"}],"replies":[{"embeddable":true,"href":"https:\/\/www.cgt-lkn.org\/bizkaia\/wp-json\/wp\/v2\/comments?post=12028"}],"version-history":[{"count":0,"href":"https:\/\/www.cgt-lkn.org\/bizkaia\/wp-json\/wp\/v2\/posts\/12028\/revisions"}],"wp:attachment":[{"href":"https:\/\/www.cgt-lkn.org\/bizkaia\/wp-json\/wp\/v2\/media?parent=12028"}],"wp:term":[{"taxonomy":"category","embeddable":true,"href":"https:\/\/www.cgt-lkn.org\/bizkaia\/wp-json\/wp\/v2\/categories?post=12028"},{"taxonomy":"post_tag","embeddable":true,"href":"https:\/\/www.cgt-lkn.org\/bizkaia\/wp-json\/wp\/v2\/tags?post=12028"}],"curies":[{"name":"wp","href":"https:\/\/api.w.org\/{rel}","templated":true}]}}