{"id":1202,"date":"2011-06-21T09:42:38","date_gmt":"2011-06-21T08:42:38","guid":{"rendered":"http:\/\/www.cgt-lkn.org\/bizkaia\/?p=1202"},"modified":"2012-06-13T22:37:44","modified_gmt":"2012-06-13T21:37:44","slug":"manifestacion-antinuclear-en-bilbao-del-proximo-miercoles-22-de-junio-saldra-a-las-1930-desde-la-plaza-del-arriaga","status":"publish","type":"post","link":"https:\/\/www.cgt-lkn.org\/bizkaia\/archivos\/1202","title":{"rendered":"Manifestaci\u00f3n antinuclear en Bilbao del proximo Mi\u00e9rcoles, 22 de junio, saldr\u00e1 a las 19:30 desde la plaza del Arriaga."},"content":{"rendered":"<p><a href=\"https:\/\/www.cgt-lkn.org\/bizkaia\/wp-content\/uploads\/sites\/21\/2011\/06\/Cartel_A3_Ekainak221.jpg\"><img loading=\"lazy\" decoding=\"async\" class=\"alignright size-thumbnail wp-image-1204\" src=\"https:\/\/www.cgt-lkn.org\/bizkaia\/wp-content\/uploads\/sites\/21\/2011\/06\/Cartel_A3_Ekainak221-150x150.jpg\" alt=\"\" width=\"150\" height=\"150\" \/><\/a><span style=\"font-family: tahoma,arial,helvetica,sans-serif\"><strong><span style=\"font-size: small\">\u00a1\u00a1 POR EL CIERRE DE TODAS LAS CENTRALES NUCLEARES EMPEZANDO POR GARO\u00d1A !!<\/span><\/strong> <span style=\"font-size: small\"> <\/span><\/span><\/p>\n<p><span style=\"font-family: tahoma,arial,helvetica,sans-serif\"><strong><span style=\"font-size: small\">EN EUSKAL HERRIA Y EN TODO EL MUNDO, OTRA ELECTRICIDAD Y OTRO CONSUMO ELECTRICO ES POSIBLE.<\/span><\/strong><\/span><\/p>\n<p><span style=\"font-family: tahoma,arial,helvetica,sans-serif;font-size: small\"> <\/span><span style=\"font-family: tahoma,arial,helvetica,sans-serif\">Garo\u00f1a es una central que ha superado el tiempo para el que fue dise\u00f1ada. Al estar totalmente amortizada desde hace tiempo, proporciona grandes beneficios a Iberdrola y Endesa, un negocio que se hace a costa de la seguridad de todos nosotros. Se trata de una instalaci\u00f3n nuclear obsoleta con graves problemas de deterioro en su estructura.<\/span><\/p>\n<p><span style=\"font-family: tahoma,arial,helvetica,sans-serif;font-size: small\"> <\/span><span style=\"font-family: tahoma,arial,helvetica,sans-serif;font-size: small\">El gobierno de Rodr\u00edguez Zapatero olvidando las promesas electorales que hizo en 2004 y 2008 no ha creado un calendario de cierre de las nucleares al llegar el final de su vida \u00fatil ni ha cerrado Garo\u00f1a, pasando la decisi\u00f3n al pr\u00f3ximo gobierno. Una vez m\u00e1s exigimos el cierre inmediato de Garo\u00f1a, central gemela del reactor n\u00ba1 de Fukushima y que adolece de las mismas debilidades en caso de accidente.<\/span><\/p>\n<p><span style=\"font-family: tahoma,arial,helvetica,sans-serif;font-size: small\"> <\/span><span style=\"font-family: tahoma,arial,helvetica,sans-serif;font-size: small\">A d\u00eda de hoy la central nuclear de Fukushima ha emitido ya la quinta parte de la radiactividad que se escap\u00f3 en Chern\u00f3bil y hay 3.000 km2 de tierras contaminadas con m\u00e1s de 100.000 evacuados. La situaci\u00f3n, m\u00e1s de tres meses despu\u00e9s, sigue fuera de control, y seg\u00fan la empresa propietaria, se necesitar\u00e1 como m\u00ednimo un a\u00f1o si todo va bien para controlar los n\u00facleos fundidos de los reactores. <\/span><\/p>\n<p><span style=\"font-family: tahoma,arial,helvetica,sans-serif;font-size: small\"> <\/span><span style=\"font-family: tahoma,arial,helvetica,sans-serif\">Otro tipo de suministro el\u00e9ctrico es posible, aunque el verdadero cambio est\u00e1 en la reducci\u00f3n y en el ahorro energ\u00e9tico. Se puede reducir el consumo de electricidad un 30-40% a medio plazo sin cambiar en lo esencial nuestra calidad de vida y adem\u00e1s es fundamental que nos planteemos consumir menos para vivir mejor y contaminar menos.<\/span><\/p>\n<p><span style=\"font-family: tahoma,arial,helvetica,sans-serif;font-size: small\"> <\/span><span style=\"font-family: tahoma,arial,helvetica,sans-serif\">Debemos abandonar el uso del carb\u00f3n porque supone un grave problema de contaminaci\u00f3n\u00a0 y es un importante factor causante del cambio clim\u00e1tico. Cerremos ya las centrales t\u00e9rmicas como Pasaia y opong\u00e1monos a la construcci\u00f3n de nuevas centrales de gas de ciclo combinado que frenar\u00edan el desarrollo de un sistema de generaci\u00f3n el\u00e9ctrica 100&#215;100 renovable.<\/span><\/p>\n<p><span style=\"font-family: tahoma,arial,helvetica,sans-serif;font-size: small\"> <\/span><span style=\"font-family: tahoma,arial,helvetica,sans-serif\">Es necesario dar un fuerte impulso a las energ\u00edas renovables en Euskal Herria, en especial en la Comunidad Aut\u00f3noma Vasca donde no llega al 5% de producci\u00f3n de electricidad, frente a un 81% de Nafarroa.<\/span><\/p>\n<p><span style=\"font-family: tahoma,arial,helvetica,sans-serif;font-size: small\"> <\/span><span style=\"font-family: tahoma,arial,helvetica,sans-serif;font-size: small\">Por todo ello, exigimos el cierre progresivo pero urgente de todas las nucleares, empezando por Garo\u00f1a, la m\u00e1s vieja y peligrosa, y el apoyo decidido a las energ\u00edas renovables que son la \u00fanica alternativa limpia, segura y capaz de frenar el cambio clim\u00e1tico a tiempo.<\/span><\/p>\n<p style=\"text-align: center\"><span style=\"font-size: medium\"><strong><span style=\"font-family: tahoma,arial,helvetica,sans-serif\">\u00a1NUCLEARES CIERRE YA!<\/span><\/strong><\/span><\/p>\n<p><span style=\"font-family: tahoma,arial,helvetica,sans-serif;font-size: small\"> <\/span><\/p>\n","protected":false},"excerpt":{"rendered":"<p><a href=\"https:\/\/www.cgt-lkn.org\/bizkaia\/wp-content\/uploads\/sites\/21\/2011\/06\/Cartel_A3_Ekainak221.jpg\"><img loading=\"lazy\" decoding=\"async\" class=\"alignright size-thumbnail wp-image-1204\" src=\"https:\/\/www.cgt-lkn.org\/bizkaia\/wp-content\/uploads\/sites\/21\/2011\/06\/Cartel_A3_Ekainak221-150x150.jpg\" alt=\"\" width=\"150\" height=\"150\" \/><\/a><strong>\u00a1\u00a1 POR EL CIERRE DE TODAS LAS CENTRALES NUCLEARES EMPEZANDO POR GARO\u00d1A !!<\/strong><\/p>\n<p><strong>EN EUSKAL HERRIA Y EN TODO EL MUNDO, OTRA ELECTRICIDAD Y OTRO CONSUMO ELECTRICO ES POSIBLE.<\/strong><\/p>\n<p><strong>Garo\u00f1a es una central que ha superado el tiempo para el que fue dise\u00f1ada. Al estar totalmente amortizada desde hace tiempo, proporciona grandes beneficios a Iberdrola y Endesa, un negocio que se hace a costa de la seguridad de todos nosotros. Se trata de una instalaci\u00f3n nuclear obsoleta con graves problemas de deterioro en su estructura.<\/strong><\/p>\n","protected":false},"author":12,"featured_media":0,"comment_status":"open","ping_status":"closed","sticky":false,"template":"","format":"standard","meta":{"footnotes":"","_links_to":"","_links_to_target":""},"categories":[5,8],"tags":[],"class_list":["post-1202","post","type-post","status-publish","format-standard","hentry","category-ecologia","category-movilizaciones"],"publishpress_future_action":{"enabled":false,"date":"2026-05-04 00:35:53","action":"change-status","newStatus":"draft","terms":[],"taxonomy":"category","extraData":[]},"publishpress_future_workflow_manual_trigger":{"enabledWorkflows":[]},"_links":{"self":[{"href":"https:\/\/www.cgt-lkn.org\/bizkaia\/wp-json\/wp\/v2\/posts\/1202","targetHints":{"allow":["GET"]}}],"collection":[{"href":"https:\/\/www.cgt-lkn.org\/bizkaia\/wp-json\/wp\/v2\/posts"}],"about":[{"href":"https:\/\/www.cgt-lkn.org\/bizkaia\/wp-json\/wp\/v2\/types\/post"}],"author":[{"embeddable":true,"href":"https:\/\/www.cgt-lkn.org\/bizkaia\/wp-json\/wp\/v2\/users\/12"}],"replies":[{"embeddable":true,"href":"https:\/\/www.cgt-lkn.org\/bizkaia\/wp-json\/wp\/v2\/comments?post=1202"}],"version-history":[{"count":0,"href":"https:\/\/www.cgt-lkn.org\/bizkaia\/wp-json\/wp\/v2\/posts\/1202\/revisions"}],"wp:attachment":[{"href":"https:\/\/www.cgt-lkn.org\/bizkaia\/wp-json\/wp\/v2\/media?parent=1202"}],"wp:term":[{"taxonomy":"category","embeddable":true,"href":"https:\/\/www.cgt-lkn.org\/bizkaia\/wp-json\/wp\/v2\/categories?post=1202"},{"taxonomy":"post_tag","embeddable":true,"href":"https:\/\/www.cgt-lkn.org\/bizkaia\/wp-json\/wp\/v2\/tags?post=1202"}],"curies":[{"name":"wp","href":"https:\/\/api.w.org\/{rel}","templated":true}]}}