{"id":1183,"date":"2011-06-18T16:08:53","date_gmt":"2011-06-18T15:08:53","guid":{"rendered":"http:\/\/www.cgt-lkn.org\/bizkaia\/?p=1183"},"modified":"2012-06-13T22:37:44","modified_gmt":"2012-06-13T21:37:44","slug":"marcha-por-ezkerraldea-contra-el-paro-y-los-recortes-sociales","status":"publish","type":"post","link":"https:\/\/www.cgt-lkn.org\/bizkaia\/archivos\/1183","title":{"rendered":"MARCHA POR EZKERRALDEA CONTRA EL PARO y LOS RECORTES SOCIALES"},"content":{"rendered":"<p style=\"text-align: justify\"><a href=\"https:\/\/www.cgt-lkn.org\/bizkaia\/wp-content\/uploads\/sites\/21\/2011\/06\/IMG_3145.jpg\"><img loading=\"lazy\" decoding=\"async\" class=\"alignleft size-thumbnail wp-image-1184\" style=\"margin-right: 5px;margin-left: 5px\" src=\"https:\/\/www.cgt-lkn.org\/bizkaia\/wp-content\/uploads\/sites\/21\/2011\/06\/IMG_3145-150x150.jpg\" alt=\"\" width=\"150\" height=\"150\" \/><\/a><a href=\"https:\/\/www.cgt-lkn.org\/bizkaia\/wp-content\/uploads\/sites\/21\/2011\/06\/IMG_31421.jpg\"><img loading=\"lazy\" decoding=\"async\" class=\"alignright size-thumbnail wp-image-1186\" style=\"margin-right: 5px;margin-left: 5px\" src=\"https:\/\/www.cgt-lkn.org\/bizkaia\/wp-content\/uploads\/sites\/21\/2011\/06\/IMG_31421-150x150.jpg\" alt=\"\" width=\"150\" height=\"150\" \/><\/a><span style=\"font-family: tahoma,arial,helvetica,sans-serif\">La decimoctava marcha contra el paro, la pobreza y los recortes sociales se ha celebrado este s\u00e1bado  desde la Plaza del Kasko en Sestao hasta Barakaldo recorrriedo las principales calles.<\/span><\/p>\n<p><span style=\"font-family: tahoma,arial,helvetica,sans-serif\"> Convocada por varias organizaciones sociales, asambleas de paradxs, ABB-Galindo y varios sindicatos para denunciar los despidos en importantes empresas de la comarca, las altas tasas de desempleo, precariedad laboral y bolsas de pobreza existentes en Ezkerraldea: 43.643 hogares de la Margen Izquierda sufre situaciones de pobreza o tienen serias dificultades para llegar a fin de mes.<\/span><\/p>\n<p><span style=\"font-family: tahoma,arial,helvetica,sans-serif\">En las pr\u00f3ximas semanas se perder\u00e1n 650 puestos de trabajo directos y cerca de 1400 indirectos: cierre y despidos en la Babcock, La Naval, ABB, la acer\u00eda ACB y los ERE&#8217;s en la Bide Onera y despidos en el Saturn, IKEA y cierre del PC City en el Centro Comercial MegaPark&#8230;.<\/span><\/p>\n","protected":false},"excerpt":{"rendered":"<p style=\"text-align: justify\"><a href=\"https:\/\/www.cgt-lkn.org\/bizkaia\/wp-content\/uploads\/sites\/21\/2011\/06\/IMG_3145.jpg\"><img loading=\"lazy\" decoding=\"async\" class=\"alignleft size-thumbnail wp-image-1184\" style=\"margin-right: 5px;margin-left: 5px\" src=\"https:\/\/www.cgt-lkn.org\/bizkaia\/wp-content\/uploads\/sites\/21\/2011\/06\/IMG_3145-150x150.jpg\" alt=\"\" width=\"150\" height=\"150\" \/><\/a><a href=\"https:\/\/www.cgt-lkn.org\/bizkaia\/wp-content\/uploads\/sites\/21\/2011\/06\/IMG_31421.jpg\"><img loading=\"lazy\" decoding=\"async\" class=\"alignright size-thumbnail wp-image-1186\" style=\"margin-right: 5px;margin-left: 5px\" src=\"https:\/\/www.cgt-lkn.org\/bizkaia\/wp-content\/uploads\/sites\/21\/2011\/06\/IMG_31421-150x150.jpg\" alt=\"\" width=\"150\" height=\"150\" \/><\/a><span style=\"font-family: tahoma,arial,helvetica,sans-serif\">La decimoctava marcha contra el paro, la pobreza y los recortes sociales se ha celebrado este s\u00e1bado  desde la Plaza del Kasko en Sestao hasta Barakaldo recorrriedo las principales calles.<\/span><\/p>\n<p><span style=\"font-family: tahoma,arial,helvetica,sans-serif\"> Convocada por varias organizaciones sociales, asambleas de paradxs, ABB-Galindo y varios sindicatos para denunciar los despidos en importantes empresas de la comarca, las altas tasas de desempleo, precariedad laboral y bolsas de pobreza existentes en Ezkerraldea: 43.643 hogares de la Margen Izquierda sufre situaciones de pobreza o tienen serias dificultades para llegar a fin de mes.<\/span><\/p>\n<p><span style=\"font-family: tahoma,arial,helvetica,sans-serif\">En las pr\u00f3ximas semanas se perder\u00e1n 650 puestos de trabajo directos y cerca de 1400 indirectos: cierre y despidos en la Babcock, La Naval, ABB, la acer\u00eda ACB y los ERE&#8217;s en la Bide Onera y despidos en el Saturn, IKEA y cierre del PC City en el Centro Comercial MegaPark&#8230;.<\/span><\/p>\n","protected":false},"author":12,"featured_media":0,"comment_status":"open","ping_status":"closed","sticky":false,"template":"","format":"standard","meta":{"footnotes":"","_links_to":"","_links_to_target":""},"categories":[4,8,15],"tags":[],"class_list":["post-1183","post","type-post","status-publish","format-standard","hentry","category-crisis","category-movilizaciones","category-social"],"publishpress_future_action":{"enabled":false,"date":"2026-05-04 00:15:40","action":"change-status","newStatus":"draft","terms":[],"taxonomy":"category","extraData":[]},"publishpress_future_workflow_manual_trigger":{"enabledWorkflows":[]},"_links":{"self":[{"href":"https:\/\/www.cgt-lkn.org\/bizkaia\/wp-json\/wp\/v2\/posts\/1183","targetHints":{"allow":["GET"]}}],"collection":[{"href":"https:\/\/www.cgt-lkn.org\/bizkaia\/wp-json\/wp\/v2\/posts"}],"about":[{"href":"https:\/\/www.cgt-lkn.org\/bizkaia\/wp-json\/wp\/v2\/types\/post"}],"author":[{"embeddable":true,"href":"https:\/\/www.cgt-lkn.org\/bizkaia\/wp-json\/wp\/v2\/users\/12"}],"replies":[{"embeddable":true,"href":"https:\/\/www.cgt-lkn.org\/bizkaia\/wp-json\/wp\/v2\/comments?post=1183"}],"version-history":[{"count":0,"href":"https:\/\/www.cgt-lkn.org\/bizkaia\/wp-json\/wp\/v2\/posts\/1183\/revisions"}],"wp:attachment":[{"href":"https:\/\/www.cgt-lkn.org\/bizkaia\/wp-json\/wp\/v2\/media?parent=1183"}],"wp:term":[{"taxonomy":"category","embeddable":true,"href":"https:\/\/www.cgt-lkn.org\/bizkaia\/wp-json\/wp\/v2\/categories?post=1183"},{"taxonomy":"post_tag","embeddable":true,"href":"https:\/\/www.cgt-lkn.org\/bizkaia\/wp-json\/wp\/v2\/tags?post=1183"}],"curies":[{"name":"wp","href":"https:\/\/api.w.org\/{rel}","templated":true}]}}