{"id":11781,"date":"2015-11-06T18:35:26","date_gmt":"2015-11-06T17:35:26","guid":{"rendered":"http:\/\/www.cgt-lkn.org\/bizkaia\/?p=11781"},"modified":"2015-11-06T18:35:26","modified_gmt":"2015-11-06T17:35:26","slug":"politica-shore-articulo-de-javier-gallego","status":"publish","type":"post","link":"https:\/\/www.cgt-lkn.org\/bizkaia\/archivos\/11781","title":{"rendered":"Pol\u00edtica Shore (Art\u00edculo de Javier Gallego)"},"content":{"rendered":"<p><strong><a href=\"https:\/\/www.cgt-lkn.org\/bizkaia\/?attachment_id=11782\" rel=\"attachment wp-att-11782\"><img loading=\"lazy\" decoding=\"async\" class=\"alignleft wp-image-11782\" src=\"https:\/\/www.cgt-lkn.org\/bizkaia\/wp-content\/uploads\/sites\/21\/2015\/11\/Javier-Gallego.jpg\" alt=\"Javier Gallego\" width=\"350\" height=\"197\" srcset=\"https:\/\/www.cgt-lkn.org\/bizkaia\/wp-content\/uploads\/sites\/21\/2015\/11\/Javier-Gallego.jpg 599w, https:\/\/www.cgt-lkn.org\/bizkaia\/wp-content\/uploads\/sites\/21\/2015\/11\/Javier-Gallego-300x169.jpg 300w, https:\/\/www.cgt-lkn.org\/bizkaia\/wp-content\/uploads\/sites\/21\/2015\/11\/Javier-Gallego-200x113.jpg 200w, https:\/\/www.cgt-lkn.org\/bizkaia\/wp-content\/uploads\/sites\/21\/2015\/11\/Javier-Gallego-400x225.jpg 400w\" sizes=\"auto, (max-width: 350px) 100vw, 350px\" \/><\/a>Al final las elecciones las va a ganar quien caiga mejor al p\u00fablico en\u3000<i>El Hormiguero.\u3000<\/i>No importa la ideolog\u00eda, la pol\u00edtica es un concurso de simpat\u00eda. Ya no hay izquierdas o derechas, hay pol\u00edticos divertidos y pol\u00edticos que no.<\/strong><\/p>\n<p>Se han vuelto locos. Vale que hay que acercar la pol\u00edtica al pueblo y al pueblo nos gusta ver la televisi\u00f3n, pero <strong>los candidatos se est\u00e1n convirtiendo en los payasos de la tele<\/strong> que van de programa en programa haciendo todo lo que se les pide como si fueran monos de feria. Ahora me bailas, ahora me cantas, ahora me preparas el desayuno, ahora te subes a una gr\u00faa. Ahora un saltito. Alehop.<\/p>\n<p>Ahora otro saltito m\u00e1s. Se les ha ido de las manos. Despu\u00e9s de que Pablo Iglesias cantara a Krahe, que ni tan mal, ahora nos anuncian que el programa de Cuatro,\u3000<i>Planeta Calleja<\/i>, ha grabado a la vicepresidenta en globo y un accidente de Albert Rivera en un coche de rally. \u00a1Con todos ustedes el pol\u00edtico bala! Beeeee. Se\u00f1or, ll\u00e9vame pronto.<\/p>\n<p><strong>La competici\u00f3n por el voto se ha transformado en una persecuci\u00f3n desquiciada por la audiencia<\/strong>. La posmodernidad era esto: los partidos convertidos en producto y sus propuestas en la lata de refresco que bebe el actor de la telecomedia porque la marca patrocina la serie. Emplazamiento electoral. Mientras caigo al vac\u00edo haciendo\u3000<i>puenting<\/i>\u3000te cuento c\u00f3mo voy a acabar con la corrupci\u00f3n. Aplausos. Escalando una monta\u00f1a te explico la renta b\u00e1sica. M\u00e1s aplausos. Haciendo el pino puente te resumo el programa econ\u00f3mico que acabar\u00e1 con el paro. Ovaci\u00f3n. Hazlo en una sola frase, le reclama el presentador al candidato, porque llegan los anuncios. A la vuelta de la publi, me das un eslogan, que sea m\u00e1s corto que un tuit, que si no la audiencia se aburre y me cambia a otra cadena. Alehop. Y sonr\u00ede que est\u00e1s en la tele. \u00a1Ense\u00f1a los dientes, por dios!<\/p>\n<p>Al final las elecciones las va a ganar quien caiga mejor al p\u00fablico en\u3000<i>El Hormiguero.\u3000<\/i><strong>No importa la ideolog\u00eda, la pol\u00edtica es un concurso de simpat\u00eda. Ya no hay izquierdas o derechas, hay pol\u00edticos divertidos y pol\u00edticos que no<\/strong>. Sonr\u00ede. Dientes. Alehop. La campa\u00f1a es un\u3000<i>reality<\/i>. Pol\u00edtica Shore. Pol\u00edticos metidos en un plasma compitiendo por la cuota de pantalla. M\u00e1s que las encuestas, cuenta el<i>share<\/i>. El minuto a minuto. Por eso hacen cosas todo el tiempo para llamar la atenci\u00f3n, para que la audiencia no se marche. Boris, b\u00e1jate los pantalones, como dec\u00eda Sard\u00e1. Y el pol\u00edtico se baja los pantalones.<\/p>\n<p>El problema cuando te gu\u00edas por la audiencia es que te pierdes. Unos d\u00edas les encantas, al d\u00eda siguiente te aborrecen. Ahora eres tendencia en\u3000<i>twitter<\/i>, ahora no. As\u00ed que te pasas la vida dando bandazos, como un programa de tele, intentando complacer a una audiencia impredecible, en lugar de mantenerte fiel a tus convicciones.<strong> Estos son mis principios pero si no le gustan tengo otros<\/strong>. Cuando sigues la l\u00f3gica televisiva acabas comport\u00e1ndote de forma il\u00f3gica. El lunes eres liberal, el martes socialista, el mi\u00e9rcoles mon\u00e1rquico, el jueves republicano y el viernes lo eres todo a la vez. El sue\u00f1o de la televisi\u00f3n produce monstruos pol\u00edticos. Frankensteins.<\/p>\n<p><strong>No haces lo que quieres hacer sino lo que crees que quieren<\/strong>. Todos lo hacen y por eso todos se parecen. Ayer Podemos acusaba a sus competidores de copiarles. Es cierto que lo hacen, pero tambi\u00e9n <strong>Podemos,<\/strong> para quitarle al resto espectadores. <strong>Empez\u00f3 en la extrema izquierda y se hizo socialdem\u00f3crata. Dijo que no a la OTAN y ayer fich\u00f3 a un militar que dice lo contrario.<\/strong> Ciudadanos no quiere ser el PP pero tampoco abrir el debate de la Memoria Hist\u00f3rica para que no se le espanten los votantes populares ni los dos votantes de VOX que igual vienen. Despu\u00e9s de amnistiar a los grandes evasores, a dos d\u00edas de las elecciones, Rajoy anuncia la reforma fiscal de la que viene hablando Podemos. La pol\u00edtica espa\u00f1ola parece el Primark, ofertas a 1 euro y nosotros comprando. Todos quieren parecerse a todos y acaban no pareci\u00e9ndose a nadie. Ni a ellos mismos.<\/p>\n<p>\u00a1Est\u00e1n locos estos pol\u00edticos! No sabemos si es transitorio o permanente. Dec\u00eda Mafalda, como me record\u00f3 ayer un oyente, que <strong>\u00ablos locos se curan pero los imb\u00e9ciles, nunca\u00bb.\u3000<\/strong><\/p>\n<p><span style=\"font-family: Calibri;font-size: medium\"><span style=\"font-family: Calibri;font-size: medium\">Fuente: <\/span><\/span><a href=\"http:\/\/www.eldiario.es\/carnecruda\/lo-llevamos-crudo\/Politica-Shore_6_449065097.html\"><span style=\"font-family: Calibri;font-size: medium\"><span style=\"font-family: Calibri;font-size: medium\"><span lang=\"\">http:\/\/www.eldiario.es\/carnecruda\/lo-llevamos-crudo\/Politica-Shore_6_449065097.html<\/span><\/span><\/span><\/a><\/p>\n<p>&nbsp;<\/p>\n","protected":false},"excerpt":{"rendered":"<p style=\"text-align: justify\"><strong><a href=\"https:\/\/www.cgt-lkn.org\/bizkaia\/?attachment_id=11782\" rel=\"attachment wp-att-11782\"><img loading=\"lazy\" decoding=\"async\" class=\"alignleft wp-image-11782\" src=\"https:\/\/www.cgt-lkn.org\/bizkaia\/wp-content\/uploads\/sites\/21\/2015\/11\/Javier-Gallego.jpg\" alt=\"Javier Gallego\" width=\"350\" height=\"197\" srcset=\"https:\/\/www.cgt-lkn.org\/bizkaia\/wp-content\/uploads\/sites\/21\/2015\/11\/Javier-Gallego.jpg 599w, https:\/\/www.cgt-lkn.org\/bizkaia\/wp-content\/uploads\/sites\/21\/2015\/11\/Javier-Gallego-300x169.jpg 300w, https:\/\/www.cgt-lkn.org\/bizkaia\/wp-content\/uploads\/sites\/21\/2015\/11\/Javier-Gallego-200x113.jpg 200w, https:\/\/www.cgt-lkn.org\/bizkaia\/wp-content\/uploads\/sites\/21\/2015\/11\/Javier-Gallego-400x225.jpg 400w\" sizes=\"auto, (max-width: 350px) 100vw, 350px\" \/><\/a>Al final las elecciones las va a ganar quien caiga mejor al p\u00fablico en\u3000<i>El Hormiguero.\u3000<\/i>No importa la ideolog\u00eda, la pol\u00edtica es un concurso de simpat\u00eda. Ya no hay izquierdas o derechas, hay pol\u00edticos divertidos y pol\u00edticos que no.<\/strong><\/p>\n<p style=\"text-align: justify\">Se han vuelto locos. Vale que hay que acercar la pol\u00edtica al pueblo y al pueblo nos gusta ver la televisi\u00f3n, pero <strong>los candidatos se est\u00e1n convirtiendo en los payasos de la tele<\/strong> que van de programa en programa haciendo todo lo que se les pide como si fueran monos de feria. Ahora me bailas, ahora me cantas, ahora me preparas el desayuno, ahora te subes a una gr\u00faa. Ahora un saltito. Alehop.<\/p>\n<p style=\"text-align: justify\">Ahora otro saltito m\u00e1s. Se les ha ido de las manos. Despu\u00e9s de que Pablo Iglesias cantara a Krahe, que ni tan mal, ahora nos anuncian que el programa de Cuatro,\u3000<i>Planeta Calleja<\/i>, ha grabado a la vicepresidenta en globo y un accidente de Albert Rivera en un coche de rally. \u00a1Con todos ustedes el pol\u00edtico bala! Beeeee. Se\u00f1or, ll\u00e9vame pronto.<\/p>\n","protected":false},"author":191,"featured_media":0,"comment_status":"open","ping_status":"closed","sticky":false,"template":"","format":"standard","meta":{"footnotes":"","_links_to":"","_links_to_target":""},"categories":[26,117],"tags":[],"class_list":["post-11781","post","type-post","status-publish","format-standard","hentry","category-opinion","category-politica"],"publishpress_future_action":{"enabled":false,"date":"2026-05-07 10:15:55","action":"change-status","newStatus":"draft","terms":[],"taxonomy":"category","extraData":[]},"publishpress_future_workflow_manual_trigger":{"enabledWorkflows":[]},"_links":{"self":[{"href":"https:\/\/www.cgt-lkn.org\/bizkaia\/wp-json\/wp\/v2\/posts\/11781","targetHints":{"allow":["GET"]}}],"collection":[{"href":"https:\/\/www.cgt-lkn.org\/bizkaia\/wp-json\/wp\/v2\/posts"}],"about":[{"href":"https:\/\/www.cgt-lkn.org\/bizkaia\/wp-json\/wp\/v2\/types\/post"}],"author":[{"embeddable":true,"href":"https:\/\/www.cgt-lkn.org\/bizkaia\/wp-json\/wp\/v2\/users\/191"}],"replies":[{"embeddable":true,"href":"https:\/\/www.cgt-lkn.org\/bizkaia\/wp-json\/wp\/v2\/comments?post=11781"}],"version-history":[{"count":0,"href":"https:\/\/www.cgt-lkn.org\/bizkaia\/wp-json\/wp\/v2\/posts\/11781\/revisions"}],"wp:attachment":[{"href":"https:\/\/www.cgt-lkn.org\/bizkaia\/wp-json\/wp\/v2\/media?parent=11781"}],"wp:term":[{"taxonomy":"category","embeddable":true,"href":"https:\/\/www.cgt-lkn.org\/bizkaia\/wp-json\/wp\/v2\/categories?post=11781"},{"taxonomy":"post_tag","embeddable":true,"href":"https:\/\/www.cgt-lkn.org\/bizkaia\/wp-json\/wp\/v2\/tags?post=11781"}],"curies":[{"name":"wp","href":"https:\/\/api.w.org\/{rel}","templated":true}]}}