{"id":1178,"date":"2011-06-17T17:14:36","date_gmt":"2011-06-17T16:14:36","guid":{"rendered":"http:\/\/www.cgt-lkn.org\/bizkaia\/?p=1178"},"modified":"2012-06-13T22:37:44","modified_gmt":"2012-06-13T21:37:44","slug":"cgt-lkn-de-bizkaia-apoya-la-marcha-por-ezkerraldea-contra-el-paro-y-los-recortes-sociales","status":"publish","type":"post","link":"https:\/\/www.cgt-lkn.org\/bizkaia\/archivos\/1178","title":{"rendered":"CGT-LKN de Bizkaia apoya la MARCHA POR EZKERRALDEA CONTRA EL PARO y LOS RECORTES SOCIALES"},"content":{"rendered":"<p><a href=\"https:\/\/www.cgt-lkn.org\/bizkaia\/wp-content\/uploads\/sites\/21\/2011\/06\/DSCN10731.jpg\"><img loading=\"lazy\" decoding=\"async\" class=\"alignleft size-thumbnail wp-image-1180\" style=\"margin-right: 5px;margin-left: 5px\" src=\"https:\/\/www.cgt-lkn.org\/bizkaia\/wp-content\/uploads\/sites\/21\/2011\/06\/DSCN10731-150x150.jpg\" alt=\"\" width=\"150\" height=\"150\" \/><\/a><span style=\"color: #ff0000;font-family: tahoma,arial,helvetica,sans-serif;font-size: small\"><strong>La decimoctava marcha contra el paro, la pobreza y los recortes sociales saldr\u00e1 el <span style=\"text-decoration: underline\">pr\u00f3ximo s\u00e1bado 18 de junio a las 12 del mediod\u00eda<\/span> de la Plaza  del Kasko en Sestao para recorrer las principales calles de Barakaldo y Sestao. <\/strong>A lo largo de la  misma se exigir\u00e1 que los gastos militares sean dedicados a ampliar la protecci\u00f3n  social.<\/span><\/p>\n<p style=\"text-align: center\"><span style=\"font-family: tahoma,arial,helvetica,sans-serif;font-size: small\"><span style=\"color: black\"> <\/span><strong><span style=\"text-decoration: underline\"><span style=\"color: black\">LA CRISIS SE  AGUDIZA<\/span><\/span><\/strong><strong><span style=\"text-decoration: underline\"><span style=\"color: black\"> EN LA MARGEN  IZQUIERDA<\/span><\/span><\/strong><span style=\"color: black\"> <\/span><\/span><\/p>\n<p><span style=\"font-family: tahoma,arial,helvetica,sans-serif;font-size: small\"><span style=\"color: black\"> <\/span><strong><span style=\"color: black\">-Esta movilizaci\u00f3n  surge para denunciar los despedidos en importantes empresas de la comarca, las  altas tasas de desempleo, precariedad laboral y bolsas de pobreza existentes en  Ezkerraldea. As\u00ed\u2026<\/span><\/strong><span style=\"color: black\"> <\/span><\/span><\/p>\n<p><span style=\"font-family: tahoma,arial,helvetica,sans-serif;font-size: small\"><span style=\"color: black\"> <\/span><span style=\"color: black\"> <\/span><span style=\"color: black\">\u00d8<\/span><span style=\"color: black\"> <\/span><span style=\"color: black\"> <\/span><strong><span style=\"color: black\">19.150 personas se encuentran  desempleadas<\/span><\/strong><span style=\"color: black\"> \u2013lo  que representa una tasa de paro del 19%-. 9.000 personas m\u00e1s que cuando comenz\u00f3  la actual crisis. <\/span><\/span><\/p>\n<p><span style=\"font-family: tahoma,arial,helvetica,sans-serif;font-size: small\"><span style=\"color: black\"> <\/span><span style=\"color: black\"> <\/span><span style=\"color: black\">\u00d8<\/span><span style=\"color: black\"> <\/span><span style=\"color: black\"> <\/span><span style=\"color: black\">En <strong>las pr\u00f3ximas semanas se perder\u00e1n 650 puestos de  trabajo directos y cerca de 1400 indirectos: <\/strong>cierre y despidos en la  Babcock, La Naval, ABB, la  acer\u00eda ACB y los ERE&#8217;s en la Bide Onera y despidos en el  Saturn, IKEA y cierre del PC City en el Centro Comercial  MegaPark&#8230;.<\/span><\/span><\/p>\n<p><span style=\"font-family: tahoma,arial,helvetica,sans-serif;font-size: small\"><span style=\"color: black\"> <\/span><span style=\"color: black\"> <\/span><span style=\"color: black\">\u00d8<\/span><span style=\"color: black\"> <\/span><span style=\"color: black\"> <\/span><strong><span style=\"color: black\">43.643 hogares de la Margen Izquierda  sufre situaciones de pobreza o tienen serias dificultades para llegar a fin de  mes.<\/span><\/strong><span style=\"color: black\"> <\/span><\/span><\/p>\n<p><span style=\"font-family: tahoma,arial,helvetica,sans-serif;font-size: small\"><span style=\"color: black\"> <\/span><span style=\"color: black\"> <\/span><span style=\"color: black\">\u00d8<\/span><span style=\"color: black\"> <\/span><span style=\"color: black\"> <\/span><strong><span style=\"color: black\">378 familias han sido desahuciadas de  sus viviendas en el 2010.<\/span><\/strong><span style=\"color: black\"> <\/span><\/span><\/p>\n<p style=\"text-align: center\"><span style=\"font-family: tahoma,arial,helvetica,sans-serif;font-size: small\"><span style=\"color: black\"> <\/span><strong><span style=\"text-decoration: underline\"><span style=\"color: black\">GASTOS MILITARES PARA  NECESIDADES SOCIALES<\/span><\/span><\/strong><span style=\"color: black\"> <\/span><\/span><\/p>\n<p><span style=\"font-family: tahoma,arial,helvetica,sans-serif;font-size: small\"><span style=\"color: black\"> <\/span><strong><span style=\"color: black\">Adem\u00e1s de denunciar el  actual desmantelamiento industrial de la Margen Izquierda se ha  reclamado que los actuales gastos militares sean destinados a cubrir las  necesidades m\u00e1s b\u00e1sicas de las personas y familias<\/span><\/strong><span style=\"color: black\"> que sufren los actuales procesos de  paro, precariedad laboral y exclusi\u00f3n social derivados de la actual situaci\u00f3n de  crisis econ\u00f3mica:<\/span><\/span><\/p>\n<p><span style=\"font-family: tahoma,arial,helvetica,sans-serif;font-size: small\"><span style=\"color: black\"> <\/span><span style=\"color: black\"> <\/span><span style=\"color: black\">\u00d8<\/span><span style=\"color: black\"> <\/span><span style=\"color: black\"> <\/span><strong><span style=\"color: black\">El gasto militar presupuestado para el  a\u00f1o 2011 es de 19.000 millones -1.500 de ellos salen desde la CAV-. Por otro lado, <\/span><\/strong><span style=\"color: black\">debemos de tener  en cuenta que <strong>los diversos programas de  armamento vigentes en la actualidad suman 29.500 millones de euros. Para este  a\u00f1o hay previsto invertir en la modernizaci\u00f3n del ej\u00e9rcito 3.200 millones de  euros.<\/strong><\/span><\/span><\/p>\n","protected":false},"excerpt":{"rendered":"<p><a href=\"https:\/\/www.cgt-lkn.org\/bizkaia\/wp-content\/uploads\/sites\/21\/2011\/06\/DSCN10731.jpg\"><img loading=\"lazy\" decoding=\"async\" class=\"alignleft size-thumbnail wp-image-1180\" style=\"margin-right: 5px;margin-left: 5px\" src=\"https:\/\/www.cgt-lkn.org\/bizkaia\/wp-content\/uploads\/sites\/21\/2011\/06\/DSCN10731-150x150.jpg\" alt=\"\" width=\"150\" height=\"150\" \/><\/a><span style=\"color: #ff0000;font-family: tahoma,arial,helvetica,sans-serif;font-size: small\"><strong>La decimoctava marcha contra el paro, la pobreza y los recortes sociales saldr\u00e1 el <span style=\"text-decoration: underline\">pr\u00f3ximo s\u00e1bado 18 de junio a las 12 del mediod\u00eda<\/span> de la Plaza  del Kasko en Sestao para recorrer las principales calles de Barakaldo y Sestao. <\/strong>A lo largo de la  misma se exigir\u00e1 que los gastos militares sean dedicados a ampliar la protecci\u00f3n  social.<\/span><\/p>\n<p style=\"text-align: center\"><span style=\"font-family: tahoma,arial,helvetica,sans-serif;font-size: small\"><span style=\"color: black\"> <\/span><strong><span style=\"text-decoration: underline\"><span style=\"color: black\">LA CRISIS SE  AGUDIZA<\/span><\/span><\/strong><strong><span style=\"text-decoration: underline\"><span style=\"color: black\"> EN LA MARGEN  IZQUIERDA<\/span><\/span><\/strong><span style=\"color: black\"> <\/span><\/span><\/p>\n<p><span style=\"font-family: tahoma,arial,helvetica,sans-serif;font-size: small\"><span style=\"color: black\"> <\/span><strong><span style=\"color: black\">-Esta movilizaci\u00f3n  surge para denunciar los despedidos en importantes empresas de la comarca, las  altas tasas de desempleo, precariedad laboral y bolsas de pobreza existentes en  Ezkerraldea. <\/span><\/strong><\/span><\/p>\n","protected":false},"author":12,"featured_media":0,"comment_status":"open","ping_status":"closed","sticky":false,"template":"","format":"standard","meta":{"footnotes":"","_links_to":"","_links_to_target":""},"categories":[8,15],"tags":[],"class_list":["post-1178","post","type-post","status-publish","format-standard","hentry","category-movilizaciones","category-social"],"publishpress_future_action":{"enabled":false,"date":"2026-05-03 23:08:54","action":"change-status","newStatus":"draft","terms":[],"taxonomy":"category","extraData":[]},"publishpress_future_workflow_manual_trigger":{"enabledWorkflows":[]},"_links":{"self":[{"href":"https:\/\/www.cgt-lkn.org\/bizkaia\/wp-json\/wp\/v2\/posts\/1178","targetHints":{"allow":["GET"]}}],"collection":[{"href":"https:\/\/www.cgt-lkn.org\/bizkaia\/wp-json\/wp\/v2\/posts"}],"about":[{"href":"https:\/\/www.cgt-lkn.org\/bizkaia\/wp-json\/wp\/v2\/types\/post"}],"author":[{"embeddable":true,"href":"https:\/\/www.cgt-lkn.org\/bizkaia\/wp-json\/wp\/v2\/users\/12"}],"replies":[{"embeddable":true,"href":"https:\/\/www.cgt-lkn.org\/bizkaia\/wp-json\/wp\/v2\/comments?post=1178"}],"version-history":[{"count":0,"href":"https:\/\/www.cgt-lkn.org\/bizkaia\/wp-json\/wp\/v2\/posts\/1178\/revisions"}],"wp:attachment":[{"href":"https:\/\/www.cgt-lkn.org\/bizkaia\/wp-json\/wp\/v2\/media?parent=1178"}],"wp:term":[{"taxonomy":"category","embeddable":true,"href":"https:\/\/www.cgt-lkn.org\/bizkaia\/wp-json\/wp\/v2\/categories?post=1178"},{"taxonomy":"post_tag","embeddable":true,"href":"https:\/\/www.cgt-lkn.org\/bizkaia\/wp-json\/wp\/v2\/tags?post=1178"}],"curies":[{"name":"wp","href":"https:\/\/api.w.org\/{rel}","templated":true}]}}