{"id":11179,"date":"2015-07-06T16:35:57","date_gmt":"2015-07-06T15:35:57","guid":{"rendered":"http:\/\/www.cgt-lkn.org\/bizkaia\/?p=11179"},"modified":"2015-07-06T16:35:57","modified_gmt":"2015-07-06T15:35:57","slug":"que-no-que-no-nos-enganais","status":"publish","type":"post","link":"https:\/\/www.cgt-lkn.org\/bizkaia\/archivos\/11179","title":{"rendered":"\u00a1Que no, que no nos enga\u00f1\u00e1is!"},"content":{"rendered":"<p class=\"ecxMsoNormal\" align=\"center\"><i>A la ciudadan\u00eda y empleadas y empleados p\u00fablicos<\/i><\/p>\n<p class=\"ecxMsoNormal\">Mariano Rajoy saca pecho y anuncia un <b>oportunista adelanto<\/b> de su reforma fiscal. Sus pol\u00edticos de c\u00e1mara filtran a la prensa rumores interesados sobre devoluciones de la paga robada en 2012 y recuperaci\u00f3n del poder adquisitivo da las empleadas y de los empleados p\u00fablicos (sic). Falta muy poco para una nueva <b>cita con las urnas, y todo vale<\/b>. Los mismos que llegaron arrasando y se ir\u00e1n dejando tras de s\u00ed un lamentable reguero de desverg\u00fcenza, corrupci\u00f3n y miseria, esos mismos nos tienden ahora la mano y nos perdonan nuestros pecados por tanto derroche de anta\u00f1o. Nos dan una palmadita en la espalda y nos ense\u00f1an el camino hacia el para\u00edso neoliberal. Parece ser que la ciudadan\u00eda, y de manera especial las trabajadoras y trabajadores p\u00fablicos, hemos sido malos, fr\u00edvolos y manirrotos. Pero, todos tranquilos: ah\u00ed vienen estos iluminados a rescatarnos. Despu\u00e9s de un lustro de esfuerzos y de apretarnos el cintur\u00f3n, si los rumores se confirman, <b>si la Merkel da v\u00eda libre<\/b>, \u00a1nos devolver\u00e1n lo que nos hab\u00edan hurtado!<\/p>\n<p class=\"ecxMsoNormal\">Se han dado unos cuantos <b>batacazos electorales<\/b> y est\u00e1n ahogados en el esti\u00e9rcol de los \u00faltimos <b>casos de corrupci\u00f3n<\/b>. Ni las leyes represivas que se han sacado de la manga, ni las promesas electorales, ni los mil cuentos que se inventen\u2026 Nada de eso ser\u00e1 escudo suficiente para parar lo que se les viene encima.\u00a0 <b>Son demasiadas las v\u00edctimas que han dejado en la cuneta<\/b>. Los empleados y las empleadas p\u00fablicas somos uno m\u00e1s de los colectivos damnificados. Nada puede aplacar la indignaci\u00f3n, el malestar y la rabia que sentimos; <b>la \u00a0irritaci\u00f3n que\u00a0 nos producen los pol\u00edticos de turno cuando nos\u00a0 responsabilizan del derroche en las administraciones<\/b>, mientras ellos y ellas, las causantes del problema, se lavan las manos y se van de rositas. Todos nosotros hemos padecido, junto al resto de la poblaci\u00f3n, los recortes y <b>la precariedad de unas pol\u00edticas criminales cuyas consecuencias son nefastas<\/b>.<\/p>\n<p class=\"ecxMsoNormal\">Ahora ha llegado el momento de decir bien alto y bien claro que no nos resignamos, y que exigimos un cambio radical en las pol\u00edticas y en las conductas de nuestros gobernantes. Si de verdad quieren ganar credibilidad, que empiecen por aplicar la cl\u00e1usula de revisi\u00f3n salarial y devuelvan \u00edntegra la paga extra del 2012. Podr\u00edan continuar ampliando en un 10% la plantilla en todas las a\u00e9reas de la funci\u00f3n p\u00fablica para\u00a0<b>equilibrar los recortes desproporcionados que han llevado a cabo<\/b>.\u00a0 Ya puestos, tendr\u00edan que despolitizar las administraciones y hacer valer la profesionalidad de las empleadas y los empleados p\u00fablicos. Finalmente, se tendr\u00edan que esforzar en <b>recuperar todas y cada una de las competencias privatizadas<\/b>.<\/p>\n<p class=\"ecxMsoNormal\">No\u00a0 todas hemos sufrido \u00a0igual. Algunos \u2014ya os pod\u00e9is imaginar quienes son \u2014 han recibido retribuciones extraordinarias por ser de confianza pol\u00edtica y por argucias similares, remuneraciones que no tienen nada que ver con sus funciones o sus categor\u00edas profesionales. <b>A<\/b><b>cabar con toda esta inmundicia es urgente<\/b>. El futuro de todos est\u00e1 en juego. <b>No dejemos en manos de tah\u00fares nuestro porvenir<\/b>.<\/p>\n","protected":false},"excerpt":{"rendered":"<p><img decoding=\"async\" class=\" alignleft\" src=\"http:\/\/fetap.cgt.es\/local\/cache-vignettes\/L320xH120\/siteon0-d9b14.png\" alt=\"\" \/>Se han dado unos cuantos <b>batacazos electorales<\/b> y est\u00e1n ahogados en el esti\u00e9rcol de los \u00faltimos <b>casos de corrupci\u00f3n<\/b>.<\/p>\n<p>Nada puede aplacar la indignaci\u00f3n, el malestar y la rabia que sentimos; <b>la \u00a0irritaci\u00f3n que\u00a0 nos producen los pol\u00edticos de turno cuando nos\u00a0 responsabilizan del derroche en las administraciones<\/b>, mientras ellos y ellas, las causantes del problema, se lavan las manos y se van de rositas. Todos nosotros hemos padecido, junto al resto de la poblaci\u00f3n, los recortes y <b>la precariedad de unas pol\u00edticas criminales cuyas consecuencias son nefastas<\/b><\/p>\n","protected":false},"author":57,"featured_media":0,"comment_status":"open","ping_status":"closed","sticky":false,"template":"","format":"standard","meta":{"footnotes":"","_links_to":"","_links_to_target":""},"categories":[99,104,4,51],"tags":[],"class_list":["post-11179","post","type-post","status-publish","format-standard","hentry","category-comunicados","category-corrupcion","category-crisis","category-servicios-publicos"],"publishpress_future_action":{"enabled":false,"date":"2026-05-06 15:01:07","action":"change-status","newStatus":"draft","terms":[],"taxonomy":"category","extraData":[]},"publishpress_future_workflow_manual_trigger":{"enabledWorkflows":[]},"_links":{"self":[{"href":"https:\/\/www.cgt-lkn.org\/bizkaia\/wp-json\/wp\/v2\/posts\/11179","targetHints":{"allow":["GET"]}}],"collection":[{"href":"https:\/\/www.cgt-lkn.org\/bizkaia\/wp-json\/wp\/v2\/posts"}],"about":[{"href":"https:\/\/www.cgt-lkn.org\/bizkaia\/wp-json\/wp\/v2\/types\/post"}],"author":[{"embeddable":true,"href":"https:\/\/www.cgt-lkn.org\/bizkaia\/wp-json\/wp\/v2\/users\/57"}],"replies":[{"embeddable":true,"href":"https:\/\/www.cgt-lkn.org\/bizkaia\/wp-json\/wp\/v2\/comments?post=11179"}],"version-history":[{"count":0,"href":"https:\/\/www.cgt-lkn.org\/bizkaia\/wp-json\/wp\/v2\/posts\/11179\/revisions"}],"wp:attachment":[{"href":"https:\/\/www.cgt-lkn.org\/bizkaia\/wp-json\/wp\/v2\/media?parent=11179"}],"wp:term":[{"taxonomy":"category","embeddable":true,"href":"https:\/\/www.cgt-lkn.org\/bizkaia\/wp-json\/wp\/v2\/categories?post=11179"},{"taxonomy":"post_tag","embeddable":true,"href":"https:\/\/www.cgt-lkn.org\/bizkaia\/wp-json\/wp\/v2\/tags?post=11179"}],"curies":[{"name":"wp","href":"https:\/\/api.w.org\/{rel}","templated":true}]}}