{"id":10175,"date":"2015-02-11T10:42:33","date_gmt":"2015-02-11T09:42:33","guid":{"rendered":"http:\/\/www.cgt-lkn.org\/bizkaia\/?p=10175"},"modified":"2015-02-11T11:02:22","modified_gmt":"2015-02-11T10:02:22","slug":"revista-libre-pensamiento-no-80-dossier-nuevos-derechos-para-nuevas-situaciones","status":"publish","type":"post","link":"https:\/\/www.cgt-lkn.org\/bizkaia\/archivos\/10175","title":{"rendered":"REVISTA LIBRE PENSAMIENTO n\u00ba 80. Dossier: Nuevos derechos para nuevas situaciones"},"content":{"rendered":"<p><span style=\"color: #000000;font-family: Calibri\"><a href=\"https:\/\/www.cgt-lkn.org\/bizkaia\/?attachment_id=10176\" rel=\"attachment wp-att-10176\"><img loading=\"lazy\" decoding=\"async\" class=\"alignleft size-full wp-image-10176\" src=\"https:\/\/www.cgt-lkn.org\/bizkaia\/wp-content\/uploads\/sites\/21\/2015\/02\/Libre-pensamiento.jpg\" alt=\"Libre pensamiento\" width=\"226\" height=\"302\" srcset=\"https:\/\/www.cgt-lkn.org\/bizkaia\/wp-content\/uploads\/sites\/21\/2015\/02\/Libre-pensamiento.jpg 226w, https:\/\/www.cgt-lkn.org\/bizkaia\/wp-content\/uploads\/sites\/21\/2015\/02\/Libre-pensamiento-225x300.jpg 225w, https:\/\/www.cgt-lkn.org\/bizkaia\/wp-content\/uploads\/sites\/21\/2015\/02\/Libre-pensamiento-150x200.jpg 150w\" sizes=\"auto, (max-width: 226px) 100vw, 226px\" \/><\/a><span style=\"text-decoration: underline\"><span style=\"font-size: 14pt\"><strong>SUMARIO.-<\/strong><\/span><\/span><\/span><\/p>\n<p><span style=\"color: #000000;font-family: Calibri\">-EDITORIAL: ACTUAR A GOLPE DE ENCUESTAS DOSSIER NUEVOS DERECHOS PARA NUEVAS SITUACIONES. Paco Marcell\u00e1n<\/span><\/p>\n<p><span style=\"color: #000000;font-family: Calibri\">-ACUERDO TRASATL\u00c1NTICO DE COMERCIO E INVERSI\u00d3N (TTIP): UTOP\u00cdA DE LAS CORPORACIONES MULTINACIONALES, DISTOP\u00cdA DE LAS Y LOS TRABAJADORES Y LA CIUDADAN\u00cdA. Jos\u00e9 Anastasio Urra <\/span><\/p>\n<p><span style=\"color: #000000;font-family: Calibri\">-C\u00d3MO DESMANTELAR EL ESTADO SOCIAL Y DEMOCR\u00c1TICO DE DERECHO EN SOLO DIEZ PASOS. Mar\u00eda Eugenia Rodr\u00edguez Palop <\/span><\/p>\n<p><span style=\"color: #000000;font-family: Calibri\">-EL DERECHO HUMANO AL AGUA Y EL RETO DE LA GESTI\u00d3N P\u00daBLICA PARTICIPATIVA. Pedro Arrojo Agudo <\/span><\/p>\n<p><span style=\"color: #000000;font-family: Calibri\">-\u00bfESTAMOS HECHOS PARA VIVIR EN COM\u00daN?. Paco Puche <\/span><\/p>\n<p><span style=\"color: #000000;font-family: Calibri\">AUSTERIDAD Y MECANISMOS DE PROTECCI\u00d3N DE DERECHOS ECON\u00d3MICOS, SOCIALES Y CULTURALES. Paula Garc\u00eda Pedraza <\/span><\/p>\n<p><span style=\"color: #000000;font-family: Calibri\">-MISCEL\u00c1NEA INFORME SOBRE EL TRABAJO ESCLAVO EN ESPA\u00d1A DURANTE LA DICTADURA FRANQUISTA. Jos\u00e9 Luis Guti\u00e9rrez Molina <\/span><\/p>\n<p><span style=\"color: #000000;font-family: Calibri\">-FIAT: LA \u201cV\u00cdA MARCHIONNE\u201d. REFORMA LABORAL Y EXPLOTACI\u00d3N CIENT\u00cdFICA. Heriberto Tella <\/span><\/p>\n<p><span style=\"color: #000000;font-family: Calibri\">-35 A\u00d1OS DE LEY PENITENCIARIA: NADA QUE CELEBRAR, MUCHO POR RECORDAR. C\u00e9sar Lorenzo Rubio <\/span><\/p>\n<p><span style=\"color: #000000;font-family: Calibri\">-MEDIOCRACIA. CUANDO LA OPINI\u00d3N P\u00daBLICA DEJA DE SER LA OPINI\u00d3N PUBLICADA. Rafael Cid <\/span><\/p>\n<p><span style=\"color: #000000;font-family: Calibri\">-CR\u00d3NICA DE UNA DENUNCIA ININTERRUMPIDA DURANTE A\u00d1O Y MEDIO POR LA ESCUELA P\u00daBLICA Y LAICA. Antonio Aramayona <\/span><\/p>\n<p><span style=\"color: #000000;font-family: Calibri\">-F\u00daTBOL: DEPORTE REY DE LA ESPECULACI\u00d3N INMOBILIARIA. Jes\u00fas Bartolom\u00e9 Mart\u00edn y otros<\/span><\/p>\n<p><span style=\"color: #000000;font-family: Calibri\">&#8211; FEMEN. EL CUERPO, EL PRIMER PODER. Llum Qui\u00f1onero <\/span><\/p>\n<p><span style=\"color: #000000;font-family: Calibri\">REFLEXI\u00d3N COMPARTIDA: GRITO EN EL ECO. HIMNOS CRAQUELADOS. Jorge Riechmann &#8212;<\/span><\/p>\n<p><span style=\"color: #000000;font-family: Calibri\">-C\u00d3MIC. ALFON. Koe <\/span><\/p>\n<p><span style=\"color: #000000;font-family: Calibri\">-CONTRACAMPO. LA CECILIA. Alberto Carmona <\/span><\/p>\n<p><span style=\"color: #000000;font-family: Calibri\">-FOTOGRAF\u00cdA. David Fern\u00e1ndez LIBROS.<\/span><\/p>\n<p><span style=\"color: #000000;font-family: Calibri\">&#8211; JOSEPH ROTH. LA FILIAL DEL INFIERNO EN LA TIERRA. ESCRITOS DESDE LA EMIGRACI\u00d3N. Laura Vicente<\/span><\/p>\n<p><a href=\"http:\/\/librepensamiento.org\/wp-content\/uploads\/sites\/21\/2015\/02\/LP-80-web.pdf\"><span style=\"color: #0000ff;font-family: Calibri\">http:\/\/librepensamiento.org\/wp-content\/uploads\/sites\/21\/2015\/02\/LP-80-web.pdf<\/span><\/a><\/p>\n<p>&nbsp;<\/p>\n","protected":false},"excerpt":{"rendered":"<p style=\"text-align: justify\"><span style=\"text-decoration: underline\"><span style=\"font-size: 14pt\"><strong><span style=\"color: #000000;font-family: Calibri\"><a href=\"https:\/\/www.cgt-lkn.org\/bizkaia\/?attachment_id=10176\" rel=\"attachment wp-att-10176\"><img loading=\"lazy\" decoding=\"async\" class=\"alignleft size-full wp-image-10176\" src=\"https:\/\/www.cgt-lkn.org\/bizkaia\/wp-content\/uploads\/sites\/21\/2015\/02\/Libre-pensamiento.jpg\" alt=\"Libre pensamiento\" width=\"226\" height=\"302\" srcset=\"https:\/\/www.cgt-lkn.org\/bizkaia\/wp-content\/uploads\/sites\/21\/2015\/02\/Libre-pensamiento.jpg 226w, https:\/\/www.cgt-lkn.org\/bizkaia\/wp-content\/uploads\/sites\/21\/2015\/02\/Libre-pensamiento-225x300.jpg 225w, https:\/\/www.cgt-lkn.org\/bizkaia\/wp-content\/uploads\/sites\/21\/2015\/02\/Libre-pensamiento-150x200.jpg 150w\" sizes=\"auto, (max-width: 226px) 100vw, 226px\" \/><\/a>SUMARIO.-<\/span><\/strong><\/span><\/span><\/p>\n<p style=\"text-align: justify\"><span style=\"color: #000000;font-family: Calibri\">-EDITORIAL: ACTUAR A GOLPE DE ENCUESTAS DOSSIER NUEVOS DERECHOS PARA NUEVAS SITUACIONES. Paco Marcell\u00e1n<\/span><\/p>\n<p style=\"text-align: justify\"><span style=\"color: #000000;font-family: Calibri\">-ACUERDO TRASATL\u00c1NTICO DE COMERCIO E INVERSI\u00d3N (TTIP): UTOP\u00cdA DE LAS CORPORACIONES MULTINACIONALES, DISTOP\u00cdA DE LAS Y LOS TRABAJADORES Y LA CIUDADAN\u00cdA. Jos\u00e9 Anastasio Urra <\/span><\/p>\n<p style=\"text-align: justify\"><span style=\"color: #000000;font-family: Calibri\">-C\u00d3MO DESMANTELAR EL ESTADO SOCIAL Y DEMOCR\u00c1TICO DE DERECHO EN SOLO DIEZ PASOS. Mar\u00eda Eugenia Rodr\u00edguez Palop <\/span><\/p>\n<p style=\"text-align: justify\"><span style=\"color: #000000;font-family: Calibri\">-EL DERECHO HUMANO AL AGUA Y EL RETO DE LA GESTI\u00d3N P\u00daBLICA PARTICIPATIVA. Pedro Arrojo Agudo <\/span><\/p>\n<p style=\"text-align: justify\"><span style=\"color: #000000;font-family: Calibri\">-\u00bfESTAMOS HECHOS PARA VIVIR EN COM\u00daN?. Paco Puche <\/span><\/p>\n<p style=\"text-align: justify\"><span style=\"color: #000000;font-family: Calibri\">AUSTERIDAD Y MECANISMOS DE PROTECCI\u00d3N DE DERECHOS ECON\u00d3MICOS, SOCIALES Y CULTURALES. Paula Garc\u00eda Pedraza <\/span><\/p>\n","protected":false},"author":12,"featured_media":0,"comment_status":"open","ping_status":"closed","sticky":false,"template":"","format":"standard","meta":{"footnotes":"","_links_to":"","_links_to_target":""},"categories":[42,26,15],"tags":[],"class_list":["post-10175","post","type-post","status-publish","format-standard","hentry","category-cultura","category-opinion","category-social"],"publishpress_future_action":{"enabled":false,"date":"2026-05-07 17:56:26","action":"change-status","newStatus":"draft","terms":[],"taxonomy":"category","extraData":[]},"publishpress_future_workflow_manual_trigger":{"enabledWorkflows":[]},"_links":{"self":[{"href":"https:\/\/www.cgt-lkn.org\/bizkaia\/wp-json\/wp\/v2\/posts\/10175","targetHints":{"allow":["GET"]}}],"collection":[{"href":"https:\/\/www.cgt-lkn.org\/bizkaia\/wp-json\/wp\/v2\/posts"}],"about":[{"href":"https:\/\/www.cgt-lkn.org\/bizkaia\/wp-json\/wp\/v2\/types\/post"}],"author":[{"embeddable":true,"href":"https:\/\/www.cgt-lkn.org\/bizkaia\/wp-json\/wp\/v2\/users\/12"}],"replies":[{"embeddable":true,"href":"https:\/\/www.cgt-lkn.org\/bizkaia\/wp-json\/wp\/v2\/comments?post=10175"}],"version-history":[{"count":0,"href":"https:\/\/www.cgt-lkn.org\/bizkaia\/wp-json\/wp\/v2\/posts\/10175\/revisions"}],"wp:attachment":[{"href":"https:\/\/www.cgt-lkn.org\/bizkaia\/wp-json\/wp\/v2\/media?parent=10175"}],"wp:term":[{"taxonomy":"category","embeddable":true,"href":"https:\/\/www.cgt-lkn.org\/bizkaia\/wp-json\/wp\/v2\/categories?post=10175"},{"taxonomy":"post_tag","embeddable":true,"href":"https:\/\/www.cgt-lkn.org\/bizkaia\/wp-json\/wp\/v2\/tags?post=10175"}],"curies":[{"name":"wp","href":"https:\/\/api.w.org\/{rel}","templated":true}]}}