{"id":973,"date":"2020-12-14T20:23:50","date_gmt":"2020-12-14T19:23:50","guid":{"rendered":"https:\/\/www.cgt-lkn.org\/bizkaia\/hezkuntza\/?p=973"},"modified":"2020-12-13T10:26:56","modified_gmt":"2020-12-13T09:26:56","slug":"cgt-exige-a-educacion-que-prohiba-a-los-centros-publicos-la-participacion-en-la-campana-de-amazon-un-click-para-el-cole","status":"publish","type":"post","link":"https:\/\/www.cgt-lkn.org\/bizkaia-hezkuntza\/?p=973","title":{"rendered":"CGT exige a Educaci\u00f3n que proh\u00edba a los centros p\u00fablicos la participaci\u00f3n en la campa\u00f1a de Amazon \u201cUn click para el cole\u201d"},"content":{"rendered":"<p>Los peque\u00f1os gestos dados por el actual gobierno en defensa de la escuela p\u00fablica \u2014respondidos por la derecha y la ultraderecha con su habitual histerismo\u2014 no enmascaran la aut\u00e9ntica realidad: el proceso de privatizaci\u00f3n encubierta de la escuela p\u00fablica.<\/p>\n<p>Como sucedi\u00f3 en el pasado con la colonizaci\u00f3n europea y su defensa fundamentalista del \u201cprogreso\u201d, ya no se trata \u00fanicamente de tomar a la fuerza los espacios a colonizar, sino de someterlos a la l\u00f3gica econ\u00f3mica dominante, en este caso transfigurada en el rostro depredador de las grandes tecnol\u00f3gicas y el supuesto \u201cprogreso\u201d que lo tecnol\u00f3gico a\u00f1ade, casi m\u00e1gicamente, a todo proceso cultural y educativo.<\/p>\n<p>Como CGT ha denunciado ya, la l\u00f3gica tecnocr\u00e1tica y neoliberal ha buscado consolidarse en la escuela a trav\u00e9s de la \u201ccolonizaci\u00f3n\u201d de su espacio virtual mediante la estandarizaci\u00f3n de plataformas educativas como Google Classroom \u2014con un \u00e9xito animado por la mism\u00edsima Ministra de Educaci\u00f3n. En los \u00faltimos meses, un nuevo envite, en este caso de la mano de Amazon, pretende tambi\u00e9n no s\u00f3lo extraer del espacio p\u00fablico ping\u00fces beneficios, sino tambi\u00e9n engordar las bases de datos del gigante tecnol\u00f3gico, indispensables para la construcci\u00f3n del totalitarismo consumista \u2014de productos pero tambi\u00e9n de \u201cpol\u00edticas\u201d\u2014 hacia el que nos dirigimos (si no nos hemos instalado ya en \u00e9l).<\/p>\n<p style=\"text-align: center\"><strong>AP\u00daNTATE AL CANAL DE TELEGRAM<\/strong><img loading=\"lazy\" decoding=\"async\" class=\"aligncenter wp-image-914 size-full\" src=\"https:\/\/www.cgt-lkn.org\/wp-content\/uploads\/sites\/19\/2020\/11\/telegram-CGT-Hezkuntza.jpg\" alt=\"\" width=\"473\" height=\"346\" srcset=\"https:\/\/www.cgt-lkn.org\/bizkaia-hezkuntza\/wp-content\/uploads\/sites\/19\/2020\/11\/telegram-CGT-Hezkuntza.jpg 473w, https:\/\/www.cgt-lkn.org\/bizkaia-hezkuntza\/wp-content\/uploads\/sites\/19\/2020\/11\/telegram-CGT-Hezkuntza-300x219.jpg 300w\" sizes=\"auto, (max-width: 473px) 100vw, 473px\" \/>Las alarmas se han disparado en la escuela p\u00fablica espa\u00f1ola a ra\u00edz de la puesta en marcha por parte de la empresa de Jeff Bezos de la campa\u00f1a \u201cUn click para el cole\u201d, a trav\u00e9s de la cual \u00e9l o la consumidora registrada pod\u00eda \u201cdonar\u201d un 2\u20195% del valor de sus compras al centro p\u00fablico de su elecci\u00f3n. Dinero que, obviamente, dicha escuela deber\u00eda utilizar para comprar en la propia Amazon convirti\u00e9ndose, as\u00ed, en cliente de la misma. Una campa\u00f1a que, incluso, ha llevado a algunos centros a \u201csugerir\u201d a las familias que hagan sus compras a trav\u00e9s del gigante tecnol\u00f3gico.<\/p>\n<p>Recientemente, los departamentos de educaci\u00f3n de varias comunidades, como La Rioja o Navarra, han prohibido a los centros de su comunidad participar en dicha campa\u00f1a. Un rechazo a Amazon que, m\u00e1s all\u00e1 de nuestras fronteras y del \u00e1mbito propiamente escolar, ha encontrado otras voces, especialmente en Francia, como la de su Ministra de Cultura, o las de los m\u00e1s de 100 pol\u00edticos, sindicalistas y colectivos de este pa\u00eds que firmaron un manifiesto por una Navidad sin Amazon. Asimismo, hace pocos d\u00edas, un grupo de m\u00e1s de 400 diputados y diputadas de 34 pa\u00edses enviaban una carta a Jeff Bezos en apoyo a la campa\u00f1a \u201cMake Amazon Pay\u201d que denuncia, entre otras cuestiones, las pr\u00e1cticas de ingenier\u00eda fiscal que usa dicha empresa para evitar pagar impuestos proporcionales a sus pantagru\u00e9licos beneficios.<\/p>\n<p>A lo largo de los meses de pandemia, Jeff Bezos ha ampliado su fortuna en 90.000 millones de d\u00f3lares, alcanzando un total de 200.000 d\u00f3lares. Tales ganancias est\u00e1n suponiendo la destrucci\u00f3n del comercio local y del tejido econ\u00f3mico de los barrios. \u201cSe lo digo de verdad a los parisinos y parisinas: no compren en Amazon. Amazon es la muerte de nuestras librer\u00edas y de nuestra vida de barrio\u201d, declaraba a principios de diciembre la alcaldesa de Par\u00eds, Anne Hidalgo.<\/p>\n<p>La vergonzante l\u00f3gica extractiva del capital propio del neoliberalismo no solo se ha realizado gracias a la \u201celiminaci\u00f3n de la competencia\u201d, sino tambi\u00e9n de la vulneraci\u00f3n de los derechos laborales de sus empleados y empleadas \u2014maquillada por su campa\u00f1a publicitaria en televisi\u00f3n\u2014 e, incluso, a trav\u00e9s del espionaje de sindicalistas y grupos de trabajadores en sus almacenes europeos. Unas pr\u00e1cticas que, m\u00e1s concretamente, utiliz\u00f3 en Catalunya durante la huelga de centros log\u00edsticos y transportistas del 30 de octubre de 2019 en su centro de El Prat de Llobregat en Catalunya.<\/p>\n<p>La negativa a hacer uso de Amazon no solo se ha convertido en una cuesti\u00f3n moral y pol\u00edtica, sino tambi\u00e9n de supervivencia. Adem\u00e1s de las consecuencias medioambientales que el modelo de negocio de Amazon supone, la destrucci\u00f3n del tejido econ\u00f3mico de los barrios en donde se sit\u00faan las escuelas p\u00fablicas tendr\u00e1 \u2014ya lo est\u00e1 haciendo\u2014 consecuencias sociales devastadoras que, m\u00e1s pronto que tarde, alcanzar\u00e1n a las propias escuelas de dichos barrios. El proceso de degradaci\u00f3n de la escuela p\u00fablica encuentra en Amazon y su modelo de consumo, por tanto, un nuevo aliado de las elites.<\/p>\n<p>Ante la situaci\u00f3n descrita, CGT Ense\u00f1anza exige a la Consejer\u00eda de Educaci\u00f3n que tome el camino de otras comunidades y proh\u00edba la participaci\u00f3n de los centros p\u00fablicos de la comunidad en la campa\u00f1a \u201cUn click para el cole\u201d. Igualmente, los centros que ya se hayan adherido a dicha campa\u00f1a deber\u00edan darse de baja de la misma.<\/p>\n<p>Tal es la petici\u00f3n que realizar\u00e1 pr\u00f3ximamente CGT en la Junta de Personal Docente no universitario y a la que esperamos que tanto el resto de sindicatos que forman parte de dicha mesa como la administraci\u00f3n respondan positivamente. La defensa no solo de la escuela p\u00fablica, sino tambi\u00e9n del propio tejido econ\u00f3mico aragon\u00e9s y de sus pobladores no admiten otra posibilidad.<\/p>\n","protected":false},"excerpt":{"rendered":"<p>La negativa a hacer uso de Amazon no solo se ha convertido en una cuesti\u00f3n moral y pol\u00edtica, sino tambi\u00e9n de supervivencia. Adem\u00e1s de las consecuencias medioambientales que el modelo de negocio de Amazon supone, la destrucci\u00f3n del tejido econ\u00f3mico de los barrios en donde se sit\u00faan las escuelas p\u00fablicas tendr\u00e1 \u2014ya lo est\u00e1 haciendo\u2014 consecuencias sociales devastadoras que, m\u00e1s pronto que tarde, alcanzar\u00e1n a las propias escuelas de dichos barrios. El proceso de degradaci\u00f3n de la escuela p\u00fablica encuentra en Amazon y su modelo de consumo, por tanto, un nuevo aliado de las elites.<\/p>\n","protected":false},"author":178,"featured_media":974,"comment_status":"closed","ping_status":"open","sticky":false,"template":"","format":"standard","meta":{"footnotes":"","_links_to":"","_links_to_target":""},"categories":[18,22],"tags":[9,54],"class_list":["post-973","post","type-post","status-publish","format-standard","has-post-thumbnail","hentry","category-beriak","category-castellano","tag-berriaknoticias","tag-escuela"],"publishpress_future_action":{"enabled":false,"date":"2026-05-07 04:44:00","action":"change-status","newStatus":"draft","terms":[],"taxonomy":"category","extraData":[]},"publishpress_future_workflow_manual_trigger":{"enabledWorkflows":[]},"_links":{"self":[{"href":"https:\/\/www.cgt-lkn.org\/bizkaia-hezkuntza\/index.php?rest_route=\/wp\/v2\/posts\/973","targetHints":{"allow":["GET"]}}],"collection":[{"href":"https:\/\/www.cgt-lkn.org\/bizkaia-hezkuntza\/index.php?rest_route=\/wp\/v2\/posts"}],"about":[{"href":"https:\/\/www.cgt-lkn.org\/bizkaia-hezkuntza\/index.php?rest_route=\/wp\/v2\/types\/post"}],"author":[{"embeddable":true,"href":"https:\/\/www.cgt-lkn.org\/bizkaia-hezkuntza\/index.php?rest_route=\/wp\/v2\/users\/178"}],"replies":[{"embeddable":true,"href":"https:\/\/www.cgt-lkn.org\/bizkaia-hezkuntza\/index.php?rest_route=%2Fwp%2Fv2%2Fcomments&post=973"}],"version-history":[{"count":1,"href":"https:\/\/www.cgt-lkn.org\/bizkaia-hezkuntza\/index.php?rest_route=\/wp\/v2\/posts\/973\/revisions"}],"predecessor-version":[{"id":975,"href":"https:\/\/www.cgt-lkn.org\/bizkaia-hezkuntza\/index.php?rest_route=\/wp\/v2\/posts\/973\/revisions\/975"}],"wp:featuredmedia":[{"embeddable":true,"href":"https:\/\/www.cgt-lkn.org\/bizkaia-hezkuntza\/index.php?rest_route=\/wp\/v2\/media\/974"}],"wp:attachment":[{"href":"https:\/\/www.cgt-lkn.org\/bizkaia-hezkuntza\/index.php?rest_route=%2Fwp%2Fv2%2Fmedia&parent=973"}],"wp:term":[{"taxonomy":"category","embeddable":true,"href":"https:\/\/www.cgt-lkn.org\/bizkaia-hezkuntza\/index.php?rest_route=%2Fwp%2Fv2%2Fcategories&post=973"},{"taxonomy":"post_tag","embeddable":true,"href":"https:\/\/www.cgt-lkn.org\/bizkaia-hezkuntza\/index.php?rest_route=%2Fwp%2Fv2%2Ftags&post=973"}],"curies":[{"name":"wp","href":"https:\/\/api.w.org\/{rel}","templated":true}]}}