{"id":967,"date":"2020-12-13T10:11:16","date_gmt":"2020-12-13T09:11:16","guid":{"rendered":"https:\/\/www.cgt-lkn.org\/bizkaia\/hezkuntza\/?p=967"},"modified":"2021-06-10T21:27:48","modified_gmt":"2021-06-10T19:27:48","slug":"euskadi-destina-115-millones-a-financiar-a-los-seis-colegios-proximos-al-opus-dei-que-segregan-por-sexos","status":"publish","type":"post","link":"https:\/\/www.cgt-lkn.org\/bizkaia-hezkuntza\/?p=967","title":{"rendered":"Euskadi destina 11,5 millones a financiar a los seis colegios pr\u00f3ximos al Opus Dei que segregan por sexos"},"content":{"rendered":"<p>&nbsp;<\/p>\n<p>Estudian en ellos 3.770 estudiantes y el segundo que m\u00e1s ingresa es Gaztelueta, que protegi\u00f3 a un profesor que\u00a0<em>abus\u00f3 sexualmente de un alumno.<\/em><\/p>\n<p><img loading=\"lazy\" decoding=\"async\" class=\"alignleft wp-image-9414\" src=\"https:\/\/www.cgt-lkn.org\/wp-content\/uploads\/2020\/12\/a187f3cd-5cb8-408f-9cdd-524e4617f549_16-9-discover-aspect-ratio_default_0-300x169.jpg\" alt=\"\" width=\"350\" height=\"197\" \/>El Gobierno vasco destin\u00f3 en el curso 2019\/2020 11.585.080,66 euros a 141 aulas de seis colegios privados que segregan por sexos. Son Arangoya en Bilbao, Gaztelueta en Leioa, Ayalde y Munabe en Loiu, Eskibel en Donostia y Erain en Ir\u00fan. No hay ninguno en \u00c1lava. Todos ellos o\u00a0<strong>son del Opus Dei o pertenecen a la patronal COAS, pr\u00f3xima a esa prelatura.<\/strong>\u00a0En estos centros est\u00e1n matriculados 3.770 estudiantes de pr\u00e1cticamente todos los niveles, incluidos algunos grupos de Formaci\u00f3n Profesional. La reforma educativa puesta en marcha por la ministra Isabel Cela\u00e1\u00a0<strong>incorpora una disposici\u00f3n para cerrar el grifo de la financiaci\u00f3n p\u00fablica a estos colegios<\/strong>\u00a0que autodefinen su veto a un sexo como \u201ceducaci\u00f3n diferenciada\u201d.<\/p>\n<p>&nbsp;<\/p>\n<p style=\"text-align: center\"><b>AP\u00daNTATE<\/b><strong>\u00a0A NUESTRO CANAL DE TELEGRAM<\/strong><\/p>\n<p><a href=\"https:\/\/www.cgt-lkn.org\/wp-content\/uploads\/sites\/19\/2020\/11\/telegram-CGT-Hezkuntza.jpg\"><img loading=\"lazy\" decoding=\"async\" class=\"aligncenter wp-image-914 size-full\" src=\"https:\/\/www.cgt-lkn.org\/wp-content\/uploads\/sites\/19\/2020\/11\/telegram-CGT-Hezkuntza.jpg\" alt=\"\" width=\"473\" height=\"346\" srcset=\"https:\/\/www.cgt-lkn.org\/bizkaia-hezkuntza\/wp-content\/uploads\/sites\/19\/2020\/11\/telegram-CGT-Hezkuntza.jpg 473w, https:\/\/www.cgt-lkn.org\/bizkaia-hezkuntza\/wp-content\/uploads\/sites\/19\/2020\/11\/telegram-CGT-Hezkuntza-300x219.jpg 300w\" sizes=\"auto, (max-width: 473px) 100vw, 473px\" \/><\/a>Estos datos han sido aportados al Parlamento Vasco por el consejero de Educaci\u00f3n, Jokin Bildarratz, en respuesta a preguntas del representante de EH Bildu Ikoitz Arrese.\u00a0<strong>En el curso 2017\/2018, seg\u00fan datos solicitados en la C\u00e1mara entonces por Elkarrekin Podemos-IU, la cuant\u00eda era de 13 millones de euros<\/strong>. En una rueda de prensa hace dos semanas, Bildarratz asegur\u00f3 que Euskadi aplicar\u00e1 la medida para dejar de financiar a estos colegios. \u201cEn ese sentido, nosotros lo que haremos ser\u00e1 cumplir la ley. Es una ley org\u00e1nica, es una ley b\u00e1sica. Y siendo un Gobierno, adem\u00e1s, que siempre entendemos que tenemos que trabajar en profundizar en la igualdad de g\u00e9nero, en un equilibrio entre sexos, en la verdadera igualdad entre alumnos y alumnas\u201d. Su predecesora en el cargo,\u00a0<strong>Cristina Uriarte, tambi\u00e9n del PNV, opinaba que \u201cla ense\u00f1anza disgregada por sexos no es discriminatoria\u201d.<\/strong><\/p>\n<p>Por centros, dos son los colegios que acaparan m\u00e1s de la mitad de los fondos. Uno es Ayalde, femenino, ubicado en Loiu y con 1.290 alumnas. Se lleva 4,4 millones. Alrededor de 3,6 millones ingreso el otro, Gaztelueta, masculino, emplazado en Leioa y con 1.105 estudiantes. Este centro se ha hecho conocido\u00a0<strong>por el caso de abusos sexuales ya juzgado y probado\u00a0<\/strong>que tuvo lugar hace m\u00e1s de una d\u00e9cada en el centro. La direcci\u00f3n no s\u00f3lo no apoy\u00f3 la denuncia del estudiante -ahora adulto- sino que\u00a0<strong>se volc\u00f3 en la defensa del abusador<\/strong>. En estos centros, a diferencia de lo habitual en Euskadi, impera el modelo educativo en castellano (A). Solamente 565 de los 3.770 cursan el modelo biling\u00fce (B) y no tienen ning\u00fan grupo en euskara (D).<\/p>\n<p>La patronal COAS defiende p\u00fablicamente con vehemencia la educaci\u00f3n diferenciada y cree que mejora el \u201cclima\u201d en las aulas. Eso s\u00ed, ya han retirado de su \u2018web\u2019 un pol\u00e9mico documento sobre su propuesta pedag\u00f3gica revelado por este peri\u00f3dico en el cual centros que reciben fondos p\u00fablicos aseveraban, entre otras cosas, lo siguiente: \u201cPara muchos chicos los deportes de contacto f\u00edsico \u2014f\u00fatbol, rugby, etc.\u2014 pueden no s\u00f3lo ser divertidos sino que de hecho ponen la base para una duradera amistad. Para las chicas la agresividad no construye amistades, m\u00e1s bien las destruye. En los colegios mixtos ambos modos de vivir la agresividad chocan\u201d.<\/p>\n<p><strong>Euskadi es la comunidad aut\u00f3noma que tiene un mayor peso de la educaci\u00f3n concertada en toda Espa\u00f1a.<\/strong>\u00a0<strong>Representa pr\u00e1cticamente el 50% de toda la red, casi en posici\u00f3n de equilibrio con la p\u00fablica<\/strong>. El motivo es que, adem\u00e1s de los centros religiosos, tienen mucha importancia las ikastolas. Tambi\u00e9n hay cooperativas.<\/p>\n<p><a href=\"https:\/\/www.eldiario.es\/euskadi\/euskadi-destina-11-5-millones-financiar-seis-colegios-proximos-opus-dei-segregan-sexos_1_6499618.html\">https:\/\/www.eldiario.es\/euskadi\/euskadi-destina-11-5-millones-financiar-seis-colegios-proximos-opus-dei-segregan-sexos_1_6499618.html<\/a><\/p>\n","protected":false},"excerpt":{"rendered":"<p><strong>Euskadi es la comunidad aut\u00f3noma que tiene un mayor peso de la educaci\u00f3n concertada en toda Espa\u00f1a.<\/strong>\u00a0<strong>Representa pr\u00e1cticamente el 50% de toda la red, casi en posici\u00f3n de equilibrio con la p\u00fablica<\/strong>. El motivo es que, adem\u00e1s de los centros religiosos, tienen mucha importancia las ikastolas. Tambi\u00e9n hay cooperativas.<\/p>\n","protected":false},"author":178,"featured_media":968,"comment_status":"closed","ping_status":"open","sticky":false,"template":"","format":"standard","meta":{"footnotes":"","_links_to":"","_links_to_target":""},"categories":[18,22],"tags":[90,86,87,89,88],"class_list":["post-967","post","type-post","status-publish","format-standard","has-post-thumbnail","hentry","category-beriak","category-castellano","tag-coas","tag-escuela-privada","tag-opus-dei","tag-pnv","tag-segregacion-por-sexo"],"publishpress_future_action":{"enabled":false,"date":"2026-05-07 04:44:05","action":"change-status","newStatus":"draft","terms":[],"taxonomy":"category","extraData":[]},"publishpress_future_workflow_manual_trigger":{"enabledWorkflows":[]},"_links":{"self":[{"href":"https:\/\/www.cgt-lkn.org\/bizkaia-hezkuntza\/index.php?rest_route=\/wp\/v2\/posts\/967","targetHints":{"allow":["GET"]}}],"collection":[{"href":"https:\/\/www.cgt-lkn.org\/bizkaia-hezkuntza\/index.php?rest_route=\/wp\/v2\/posts"}],"about":[{"href":"https:\/\/www.cgt-lkn.org\/bizkaia-hezkuntza\/index.php?rest_route=\/wp\/v2\/types\/post"}],"author":[{"embeddable":true,"href":"https:\/\/www.cgt-lkn.org\/bizkaia-hezkuntza\/index.php?rest_route=\/wp\/v2\/users\/178"}],"replies":[{"embeddable":true,"href":"https:\/\/www.cgt-lkn.org\/bizkaia-hezkuntza\/index.php?rest_route=%2Fwp%2Fv2%2Fcomments&post=967"}],"version-history":[{"count":4,"href":"https:\/\/www.cgt-lkn.org\/bizkaia-hezkuntza\/index.php?rest_route=\/wp\/v2\/posts\/967\/revisions"}],"predecessor-version":[{"id":972,"href":"https:\/\/www.cgt-lkn.org\/bizkaia-hezkuntza\/index.php?rest_route=\/wp\/v2\/posts\/967\/revisions\/972"}],"wp:featuredmedia":[{"embeddable":true,"href":"https:\/\/www.cgt-lkn.org\/bizkaia-hezkuntza\/index.php?rest_route=\/wp\/v2\/media\/968"}],"wp:attachment":[{"href":"https:\/\/www.cgt-lkn.org\/bizkaia-hezkuntza\/index.php?rest_route=%2Fwp%2Fv2%2Fmedia&parent=967"}],"wp:term":[{"taxonomy":"category","embeddable":true,"href":"https:\/\/www.cgt-lkn.org\/bizkaia-hezkuntza\/index.php?rest_route=%2Fwp%2Fv2%2Fcategories&post=967"},{"taxonomy":"post_tag","embeddable":true,"href":"https:\/\/www.cgt-lkn.org\/bizkaia-hezkuntza\/index.php?rest_route=%2Fwp%2Fv2%2Ftags&post=967"}],"curies":[{"name":"wp","href":"https:\/\/api.w.org\/{rel}","templated":true}]}}