{"id":915,"date":"2020-11-10T12:35:50","date_gmt":"2020-11-10T11:35:50","guid":{"rendered":"https:\/\/www.cgt-lkn.org\/bizkaia\/hezkuntza\/?p=915"},"modified":"2020-11-11T08:34:31","modified_gmt":"2020-11-11T07:34:31","slug":"filosofia-ez-ikutu-filosofia-no-tocar","status":"publish","type":"post","link":"https:\/\/www.cgt-lkn.org\/bizkaia-hezkuntza\/?p=915","title":{"rendered":"FILOSOFIA EZ IKUTU &#8211; FILOSOFIA NO TOCAR"},"content":{"rendered":"<p>LOMCErekin kritikoak agertu ziren arren eta DBHko 4 mailarako Etika eta Batxilergoko 2 mailarako Filosofia ikasgaiak berreskuratuko zituztela hitz eman eta adostu arren, 2020ko urria amaieran, hezkuntza lege berria prestatzeko parlamentuko komisioan, bai PSEk bai EAJk, bi ikasgaiak zokoratzeko eskuineko alderdiekin bat egin dute. Irizpide eta interes ekonomikoei jarraiki, gaitasun kritikoa eta autonomia pertsonala duten gizaki askeen formakuntzarako oinarrizkoa den ikasgai bat baztertzen dute, izaki otzan eta ezjakinak sortuko dituen hezkuntza mekanizista eta tekniko huts baten aldeko apostua egiteko. Horregatik CGT-LKN Hezkuntzatik eta CNT Irakaskuntzatik neurri honi aurre egingo diogu eta ikasgai humanistikoak -bereziki Etika eta Filosofia- babesteko antolatzen diren ekimenei gure babesa emango diegu.<a href=\"https:\/\/www.cgt-lkn.org\/wp-content\/uploads\/sites\/19\/2020\/11\/FILOSOFIA-EZ-IKUTU-CGT-CNT.jpg\"><img loading=\"lazy\" decoding=\"async\" class=\"aligncenter wp-image-916 size-full\" src=\"https:\/\/www.cgt-lkn.org\/wp-content\/uploads\/sites\/19\/2020\/11\/FILOSOFIA-EZ-IKUTU-CGT-CNT.jpg\" alt=\"\" width=\"600\" height=\"755\" srcset=\"https:\/\/www.cgt-lkn.org\/bizkaia-hezkuntza\/wp-content\/uploads\/sites\/19\/2020\/11\/FILOSOFIA-EZ-IKUTU-CGT-CNT.jpg 600w, https:\/\/www.cgt-lkn.org\/bizkaia-hezkuntza\/wp-content\/uploads\/sites\/19\/2020\/11\/FILOSOFIA-EZ-IKUTU-CGT-CNT-238x300.jpg 238w, https:\/\/www.cgt-lkn.org\/bizkaia-hezkuntza\/wp-content\/uploads\/sites\/19\/2020\/11\/FILOSOFIA-EZ-IKUTU-CGT-CNT-300x378.jpg 300w\" sizes=\"auto, (max-width: 600px) 100vw, 600px\" \/><\/a>A pesar de sus cr\u00edticas a la LOMCE y a haber prometido y pactado la recuperaci\u00f3n de la asignatura de \u00c9tica para 4 de ESO y Filosof\u00eda en 2 de Bachillerato, a finales de octubre de 2020, en la Comisi\u00f3n parlamentaria que prepara la nueva ley educativa, tanto PSOE como PNV se han unido a la derecha para desterrar est\u00e1s asignaturas del curr\u00edculo educativo. Atendiendo a criterios e intereses economicistas se excluye una asignatura fundamental en la formaci\u00f3n de seres humanos libres, con capacidad cr\u00edtica y autonom\u00eda personal, apostando por una formaci\u00f3n meramente mecanicista y t\u00e9cnica de seres sumisos e ignorantes. Por eso tanto desde CGT-LKN Hezkuntza como desde CNT Irakaskuntza vamos a oponernos a esta maniobra y apoyar todas las iniciativas en defensa de las asignaturas humanisticas y especialmente la \u00c9tica y la Filosof\u00eda.<\/p>\n<p><a href=\"https:\/\/www.cgt-lkn.org\/wp-content\/uploads\/sites\/19\/2020\/11\/FILOSOFIA-NO-TOCAR-CGT-CNT.jpg\"><img loading=\"lazy\" decoding=\"async\" class=\"aligncenter wp-image-917 size-full\" src=\"https:\/\/www.cgt-lkn.org\/wp-content\/uploads\/sites\/19\/2020\/11\/FILOSOFIA-NO-TOCAR-CGT-CNT.jpg\" alt=\"\" width=\"600\" height=\"755\" srcset=\"https:\/\/www.cgt-lkn.org\/bizkaia-hezkuntza\/wp-content\/uploads\/sites\/19\/2020\/11\/FILOSOFIA-NO-TOCAR-CGT-CNT.jpg 600w, https:\/\/www.cgt-lkn.org\/bizkaia-hezkuntza\/wp-content\/uploads\/sites\/19\/2020\/11\/FILOSOFIA-NO-TOCAR-CGT-CNT-238x300.jpg 238w, https:\/\/www.cgt-lkn.org\/bizkaia-hezkuntza\/wp-content\/uploads\/sites\/19\/2020\/11\/FILOSOFIA-NO-TOCAR-CGT-CNT-300x378.jpg 300w\" sizes=\"auto, (max-width: 600px) 100vw, 600px\" \/><\/a><\/p>\n","protected":false},"excerpt":{"rendered":"<p>LOMCErekin kritikoak agertu ziren arren eta DBHko 4 mailarako Etika eta Batxilergoko 2 mailarako Filosofia ikasgaiak berreskuratuko zituztela hitz eman eta adostu arren, 2020ko urria amaieran, hezkuntza lege berria prestatzeko parlamentuko komisioan, bai PSEk bai EAJk, bi ikasgaiak zokoratzeko eskuineko alderdiekin bat egin dute.<\/p>\n","protected":false},"author":178,"featured_media":916,"comment_status":"closed","ping_status":"open","sticky":false,"template":"","format":"standard","meta":{"footnotes":"","_links_to":"","_links_to_target":""},"categories":[22,12,23,5,4,26],"tags":[75,30,76,47],"class_list":["post-915","post","type-post","status-publish","format-standard","has-post-thumbnail","hentry","category-castellano","category-ekimenak-campanas","category-euskera","category-ikasleak","category-irakasleak","category-comunicados","tag-filosofia","tag-irakasleak","tag-lomce","tag-recortes"],"publishpress_future_action":{"enabled":false,"date":"2026-05-07 02:50:35","action":"change-status","newStatus":"draft","terms":[],"taxonomy":"category","extraData":[]},"publishpress_future_workflow_manual_trigger":{"enabledWorkflows":[]},"_links":{"self":[{"href":"https:\/\/www.cgt-lkn.org\/bizkaia-hezkuntza\/index.php?rest_route=\/wp\/v2\/posts\/915","targetHints":{"allow":["GET"]}}],"collection":[{"href":"https:\/\/www.cgt-lkn.org\/bizkaia-hezkuntza\/index.php?rest_route=\/wp\/v2\/posts"}],"about":[{"href":"https:\/\/www.cgt-lkn.org\/bizkaia-hezkuntza\/index.php?rest_route=\/wp\/v2\/types\/post"}],"author":[{"embeddable":true,"href":"https:\/\/www.cgt-lkn.org\/bizkaia-hezkuntza\/index.php?rest_route=\/wp\/v2\/users\/178"}],"replies":[{"embeddable":true,"href":"https:\/\/www.cgt-lkn.org\/bizkaia-hezkuntza\/index.php?rest_route=%2Fwp%2Fv2%2Fcomments&post=915"}],"version-history":[{"count":2,"href":"https:\/\/www.cgt-lkn.org\/bizkaia-hezkuntza\/index.php?rest_route=\/wp\/v2\/posts\/915\/revisions"}],"predecessor-version":[{"id":919,"href":"https:\/\/www.cgt-lkn.org\/bizkaia-hezkuntza\/index.php?rest_route=\/wp\/v2\/posts\/915\/revisions\/919"}],"wp:featuredmedia":[{"embeddable":true,"href":"https:\/\/www.cgt-lkn.org\/bizkaia-hezkuntza\/index.php?rest_route=\/wp\/v2\/media\/916"}],"wp:attachment":[{"href":"https:\/\/www.cgt-lkn.org\/bizkaia-hezkuntza\/index.php?rest_route=%2Fwp%2Fv2%2Fmedia&parent=915"}],"wp:term":[{"taxonomy":"category","embeddable":true,"href":"https:\/\/www.cgt-lkn.org\/bizkaia-hezkuntza\/index.php?rest_route=%2Fwp%2Fv2%2Fcategories&post=915"},{"taxonomy":"post_tag","embeddable":true,"href":"https:\/\/www.cgt-lkn.org\/bizkaia-hezkuntza\/index.php?rest_route=%2Fwp%2Fv2%2Ftags&post=915"}],"curies":[{"name":"wp","href":"https:\/\/api.w.org\/{rel}","templated":true}]}}