{"id":906,"date":"2020-11-05T21:42:26","date_gmt":"2020-11-05T20:42:26","guid":{"rendered":"https:\/\/www.cgt-lkn.org\/bizkaia\/hezkuntza\/?p=906"},"modified":"2020-11-05T21:42:46","modified_gmt":"2020-11-05T20:42:46","slug":"la-mitad-de-los-ingresos-del-grupo-educativo-ligado-al-opus-en-euskadi-y-la-rioja-proviene-de-fondos-publicos","status":"publish","type":"post","link":"https:\/\/www.cgt-lkn.org\/bizkaia-hezkuntza\/?p=906","title":{"rendered":"La mitad de los ingresos del grupo educativo ligado al Opus en Euskadi y La Rioja proviene de fondos p\u00fablicos"},"content":{"rendered":"<p><a href=\"https:\/\/www.cgt-lkn.org\/wp-content\/uploads\/sites\/19\/2020\/11\/El-lehendakari-Inigo-Urkullu-durante-una-visita-realizada-en-diciembre-de-2019-al-colegio-Munabe-integrante-del-Grupo-Educativo-COAS.-\u2013-COLEGIO-MUNABE.jpg\"><img loading=\"lazy\" decoding=\"async\" class=\"aligncenter wp-image-899 size-full\" src=\"https:\/\/www.cgt-lkn.org\/wp-content\/uploads\/sites\/19\/2020\/11\/El-lehendakari-Inigo-Urkullu-durante-una-visita-realizada-en-diciembre-de-2019-al-colegio-Munabe-integrante-del-Grupo-Educativo-COAS.-\u2013-COLEGIO-MUNABE.jpg\" alt=\"\" width=\"600\" height=\"309\" srcset=\"https:\/\/www.cgt-lkn.org\/bizkaia-hezkuntza\/wp-content\/uploads\/sites\/19\/2020\/11\/El-lehendakari-Inigo-Urkullu-durante-una-visita-realizada-en-diciembre-de-2019-al-colegio-Munabe-integrante-del-Grupo-Educativo-COAS.-\u2013-COLEGIO-MUNABE.jpg 600w, https:\/\/www.cgt-lkn.org\/bizkaia-hezkuntza\/wp-content\/uploads\/sites\/19\/2020\/11\/El-lehendakari-Inigo-Urkullu-durante-una-visita-realizada-en-diciembre-de-2019-al-colegio-Munabe-integrante-del-Grupo-Educativo-COAS.-\u2013-COLEGIO-MUNABE-300x155.jpg 300w\" sizes=\"auto, (max-width: 600px) 100vw, 600px\" \/><\/a>El lehendakari I\u00f1igo Urkullu durante una visita realizada en diciembre de 2019 al colegio Munabe, integrante del Grupo Educativo COAS. \u2013 COLEGIO MUNABE<\/p>\n<p>&nbsp;<\/p>\n<p id=\"m95-94-96\" class=\"signature\">DANILO ALBIN \u00a0<a id=\"m243-1-244\" class=\"twitter undefined\" title=\"Twitter de Danilo Albin\" href=\"https:\/\/www.twitter.com\/danialri\" target=\"_blank\" rel=\"noopener noreferrer\">@danialri<\/a><\/p>\n<p>&nbsp;<\/p>\n<p>La segregaci\u00f3n por sexos en las aulas vascas y riojanas se mantiene, en parte, gracias al dinero recibido en concepto de subvenciones. Seg\u00fan datos oficiales del\u00a0<b>Grupo Educativo COAS<\/b>, que act\u00faa bajo la \u00f3rbita religiosa del Opus Dei y que cuenta con 11 centros educativos concertados en Euskadi y La Rioja,\u00a0<b>debe un 50% de sus ingresos<\/b>\u00a0a las subvenciones de la administraci\u00f3n p\u00fablica. En el curso pasado estos colegios\u00a0<b>contaron con m\u00e1s de 3.500 alumnas y alumnos<\/b>, la gran mayor\u00eda en clases separadas<\/p>\n<p id=\"m131-1-132\" class=\"pb-article-item-iteration\">\u00abEl itinerario acad\u00e9mico-formativo de nuestros alumnos se concreta\u00a0<b>en una manera de ser, una forma de comportarse<\/b>\u00a0que le hace reconocible en cualquier circunstancia de su vida o en cualquier lugar donde se encuentre\u00bb, puede leerse en uno de los apartados de la memoria 2019-2020 de COAS. Seg\u00fan pudo comprobar\u00a0<b><i>P\u00fablico<\/i><\/b>, entre sus materiales de catequesis \u2013disponibles en la web del Departamento de Religi\u00f3n\u2013\u00a0<a title=\"El colegio del Opus que visit\u00f3 Urkullu ense\u00f1a que las relaciones homosexuales son &quot;aberrantes&quot;\" href=\"https:\/\/www.publico.es\/politica\/opus-dei-colegio-opus-visito-urkullu-ensena-relaciones-homosexuales-son-aberrantes.html\">se ofrecen documentos<\/a>\u00a0en los que se llega a calificar las<b>\u00a0relaciones entre personas del mismo sexo como \u00ababerrantes\u00bb<\/b>, ya que son ejercidas de forma \u00abantinatural\u00bb.<\/p>\n<p id=\"m136-2-137\" class=\"pb-article-item-iteration\">\u00abEn el curso 2019\/20 un total de 3.574 alumnos se matricularon en el primer ciclo de Infantil, segundo ciclo de Infantil, Primaria, ESO y Bachillerato.\u00a0<b>El 60% fueron chicas<\/b>\u00a0(2.158) y el 40% restante, chicos (1.416)\u00bb, se\u00f1ala la memoria de COAS. Los centros de Primaria, ESO y Bachillerato\u00a0<a title=\"Hom\u00f3fobos y elitistas: as\u00ed son algunos de los colegios que financia el Gobierno Vasco\" href=\"https:\/\/www.publico.es\/politica\/educacion-concertada-homofobos-elitistas-son-colegios-financia-gobierno-vasco.html\">disgregan al alumnado<\/a>\u00a0en funci\u00f3n de su sexo.<\/p>\n<p id=\"m141-3-142\" class=\"pb-article-item-iteration\">En la parte consagrada a los \u00abdatos econ\u00f3micos\u00bb, se se\u00f1ala en primer lugar que \u00ablos colegios\u00a0<b>no ser\u00edan sostenibles sin las aportaciones de las familias<\/b>\u00ab. \u00abEn el Grupo COAS lo sabemos muy bien: solo vuestra generosidad a lo largo de los cursos ha permitido que este proyecto que, con mucho esfuerzo e ilusi\u00f3n pusieron en marcha\u00a0<b>unas cuantas familias hace casi cincuenta a\u00f1os<\/b>, siga vivo\u00bb, subraya.<\/p>\n<p id=\"m146-4-147\" class=\"pb-article-item-iteration\">En esa l\u00ednea, destaca que \u00ab<b>diversos an\u00e1lisis realizados ponen de manifiesto la necesidad de las aportaciones<\/b>\u00a0de las familias con datos concretos\u00bb. Se\u00f1ala en concreto que \u00abla Confederaci\u00f3n Espa\u00f1ola de Centros de Ense\u00f1anza realiz\u00f3 un exhaustivo estudio a nivel nacional cuya principal conclusi\u00f3n fue que &#8216;los datos demuestran que la\u00a0<b>financiaci\u00f3n p\u00fablica no cubre el coste real<\/b>\u00a0de la concertada'\u00bb. Se hace eco adem\u00e1s de un art\u00edculo publicado por el diario Deia en febrero pasado, \u00aben el que conclu\u00eda que el Gobierno Vasco\u00a0<b>financia el 62% del gasto de los colegios concertados<\/b>\u00ab, as\u00ed como de otro texto del diario Expansi\u00f3n que lleg\u00f3 a una conclusi\u00f3n \u00absimilar\u00bb.<\/p>\n<p>Respecto a su realidad econ\u00f3mica, el grupo COAS se\u00f1ala que \u00abtiene un presupuesto anual equilibrado\u00a0<b>en torno a los 15 millones de euros<\/b>\u00ab. En el cap\u00edtulo de ingresos destaca que el 50% proviene de\u00a0<b>\u00absubvenciones\u00bb de la administraci\u00f3n<\/b>, mientras que otro 26% queda situado bajo el ep\u00edgrafe \u00abotros ingresos\u00bb. El 24% restante proviene de las \u00abaportaciones de las familias\u00bb.<\/p>\n<p id=\"m156-6-157\" class=\"pb-article-item-iteration\">M\u00e1s all\u00e1 del equilibrio de esas cuentas, el director general de COAS, Fernando Garc\u00eda Fern\u00e1ndez, sostiene que son momentos dif\u00edciles. \u00abPor si el virus no fuera suficiente, tambi\u00e9n estamos ante<b>\u00a0un escenario pol\u00edtico y legislativo incierto<\/b>\u00ab, sostiene. Cita en concreto \u00abla amenaza de la\u00a0<a title=\"Las claves de la Lomloe, la nueva ley de educaci\u00f3n\" href=\"https:\/\/www.publico.es\/sociedad\/claves-lomloe-nueva-ley-educacion.html\">nueva Ley de Educaci\u00f3n<\/a>\u00bb y, especialmente, su art\u00edculo 109, \u00abya que<b>\u00a0ataca el derecho de los padres a elegir la educaci\u00f3n<\/b>\u00a0que quieren para sus hijos y, por tanto, el centro en el que los escolarizar\u00e1n\u00bb.<\/p>\n<p id=\"m161-7-162\" class=\"pb-article-item-iteration\">\u00abSabemos que tendremos que seguir trabajando, junto a todos los miembros de la comunidad educativa, para\u00a0<b>defender ese derecho reconocido tanto por nuestra Constituci\u00f3n<\/b>\u00a0como por los m\u00e1s diversos tratados internacionales suscritos por Espa\u00f1a\u00bb, pronostica Garc\u00eda Fern\u00e1ndez en el texto que sirve de presentaci\u00f3n de la memoria.<\/p>\n<h2 id=\"m166-8-167\" class=\"highlighted\">\u00abNos hemos defendido\u00bb<\/h2>\n<p id=\"m171-9-172\" class=\"pb-article-item-iteration\">El director de COAS alude tambi\u00e9n al enfrentamiento abierto entre ese grupo educativo y el Gobierno de La Rioja que dirige la socialista\u00a0<b>Concha Andreu<\/b>. En mayo pasado, el Ejecutivo auton\u00f3mico\u00a0<b>decidi\u00f3 aumentar el n\u00famero de alumnado m\u00ednimo<\/b>\u00a0por aula en los centros concertados. El Gobierno riojano tambi\u00e9n hab\u00eda eliminado el\u00a0<a title=\"Educaci\u00f3n propone eliminar diez unidades concertadas con Alcaste y Escolapias como los m\u00e1s perjudicados (La Rioja)\" href=\"https:\/\/www.larioja.com\/la-rioja\/educacion-propone-eliminar-20200514094240-nt.html\" target=\"_blank\" rel=\"noopener noreferrer\">concierto de dos aulas infantiles<\/a>\u00a0del colegio Alcaste de Logro\u00f1o, uno de los integrantes de esta red educativa del Opus Dei. Un mes despu\u00e9s, el Tribunal Superior de Justicia de La Rioja\u00a0<a title=\"\u00abNo descansaremos hasta que todos los centros concertados recuperen sus aulas\u00bb (La Rioja)\" href=\"https:\/\/www.larioja.com\/la-rioja\/descansaremos-centros-concertados-20200618182058-nt.html\" target=\"_blank\" rel=\"noopener noreferrer\">fall\u00f3 a favor del centro<\/a>\u00a0y orden\u00f3 la suspensi\u00f3n cautelar de tales medidas.<\/p>\n<p id=\"m176-10-177\" class=\"pb-article-item-iteration\">\u00abEn La Rioja hemos sufrido un duro ataque por parte del Gobierno Auton\u00f3mico, pero\u00a0<b>nos hemos defendido y hemos obtenido importantes victorias\u00a0<\/b>a nivel pol\u00edtico, medi\u00e1tico y judicial. As\u00ed las familias de esa comunidad han podido seguir eligiendo el colegio que deseaban para sus hijos\u00bb, destaca Garc\u00eda Fern\u00e1ndez.<\/p>\n<h2 id=\"m181-11-182\" class=\"highlighted\">M\u00e1s dinero para las mismas aulas<\/h2>\n<p id=\"m186-12-187\" class=\"pb-article-item-iteration\">Mientras tanto, en Euskadi hay movimientos para tratar de forzar al Gobierno Vasco a rebajar las subvenciones a ese tipo de centros.\u00a0<b>Elkarrekin Podemos-IU<\/b>\u00a0present\u00f3 en septiembre pasado una Proposici\u00f3n No de Ley para \u00abevitar que se concierten aulas\u00a0<b>cuando haya cupos libres en la educaci\u00f3n p\u00fablica<\/b>\u00ab. No en vano, la coalici\u00f3n de izquierdas denunci\u00f3 \u00abel\u00a0<b>aumento de 15,5 millones de euros para la educaci\u00f3n concertada<\/b>\u00bb por parte del Ejecutivo auton\u00f3mico.<\/p>\n<p>Seg\u00fan datos oficiales del Departamento de Educaci\u00f3n del Gobierno Vasco, en el presente curso\u00a0<b>se destinar\u00e1 un total de 623,5 millones de euros\u00a0<\/b>para la financiaci\u00f3n de los conciertos de 7.159 aulas de ense\u00f1anza no universitaria. El a\u00f1o anterior\u00a0<b>se hab\u00edan destinado 606,1 millones de euros<\/b>\u00a0para la concertaci\u00f3n de 7.157 aulas, por lo que el aumento, de acuerdo a esos datos, ser\u00eda incluso superior al estimado por Elkarrekin Podemos-IU.<\/p>\n<p>En diciembre pasado, el lehendakari\u00a0<b>I\u00f1igo Urkullu<\/b>\u00a0realiz\u00f3 una visita al colegio Munabe,\u00a0<a title=\"El lehendakari ocult\u00f3 su visita a un colegio del Opus Dei que segrega por sexos\" href=\"https:\/\/www.publico.es\/politica\/euskadi-lehendakari-oculto-visita-colegio-opus-dei-segrega-sexos.html\">uno de los centros educativos del grupo COAS<\/a>\u00a0que recibe dinero p\u00fablico y que segrega por sexo. Tal como inform\u00f3\u00a0<i>P\u00fablico<\/i>, ese acto no fue incluido en la agenda p\u00fablica del mandatario vasco. Fuentes del Ejecutivo auton\u00f3mico alegaron entonces que se hab\u00eda acordado con la direcci\u00f3n del centro que la<b>\u00a0visita ser\u00eda de car\u00e1cter privado<\/b>, \u00absin cobertura p\u00fablica\u00bb. Sin embargo, el colegio Munabe\u00a0<b>difundi\u00f3 fotos del encuentro<\/b>\u00a0con el lehendakari a trav\u00e9s de las redes sociales.<\/p>\n<p>&nbsp;<\/p>\n<p>&nbsp;<\/p>\n<p>&nbsp;<\/p>\n<p>Fuente: https:\/\/www.publico.es\/sociedad\/mitad-ingresos-grupo-educativo-ligado-opus-euskadi-rioja-proviene-fondos-publicos.html<\/p>\n<p>&nbsp;<\/p>\n","protected":false},"excerpt":{"rendered":"<p>En su memoria del curso pasado, el director de la red de centros\u00a0religiosos que segregan por sexos critica la Ley de Educaci\u00f3n impulsada por el Gobierno y advierte sobre un \u201cescenario pol\u00edtico y legislativo incierto\u201d<\/p>\n","protected":false},"author":178,"featured_media":899,"comment_status":"closed","ping_status":"open","sticky":false,"template":"","format":"standard","meta":{"footnotes":"","_links_to":"","_links_to_target":""},"categories":[18,22,5,4,19],"tags":[9,73,32],"class_list":["post-906","post","type-post","status-publish","format-standard","has-post-thumbnail","hentry","category-beriak","category-castellano","category-ikasleak","category-irakasleak","category-publika","tag-berriaknoticias","tag-concertada","tag-publika"],"publishpress_future_action":{"enabled":false,"date":"2026-05-07 04:10:25","action":"change-status","newStatus":"draft","terms":[],"taxonomy":"category","extraData":[]},"publishpress_future_workflow_manual_trigger":{"enabledWorkflows":[]},"_links":{"self":[{"href":"https:\/\/www.cgt-lkn.org\/bizkaia-hezkuntza\/index.php?rest_route=\/wp\/v2\/posts\/906","targetHints":{"allow":["GET"]}}],"collection":[{"href":"https:\/\/www.cgt-lkn.org\/bizkaia-hezkuntza\/index.php?rest_route=\/wp\/v2\/posts"}],"about":[{"href":"https:\/\/www.cgt-lkn.org\/bizkaia-hezkuntza\/index.php?rest_route=\/wp\/v2\/types\/post"}],"author":[{"embeddable":true,"href":"https:\/\/www.cgt-lkn.org\/bizkaia-hezkuntza\/index.php?rest_route=\/wp\/v2\/users\/178"}],"replies":[{"embeddable":true,"href":"https:\/\/www.cgt-lkn.org\/bizkaia-hezkuntza\/index.php?rest_route=%2Fwp%2Fv2%2Fcomments&post=906"}],"version-history":[{"count":1,"href":"https:\/\/www.cgt-lkn.org\/bizkaia-hezkuntza\/index.php?rest_route=\/wp\/v2\/posts\/906\/revisions"}],"predecessor-version":[{"id":907,"href":"https:\/\/www.cgt-lkn.org\/bizkaia-hezkuntza\/index.php?rest_route=\/wp\/v2\/posts\/906\/revisions\/907"}],"wp:featuredmedia":[{"embeddable":true,"href":"https:\/\/www.cgt-lkn.org\/bizkaia-hezkuntza\/index.php?rest_route=\/wp\/v2\/media\/899"}],"wp:attachment":[{"href":"https:\/\/www.cgt-lkn.org\/bizkaia-hezkuntza\/index.php?rest_route=%2Fwp%2Fv2%2Fmedia&parent=906"}],"wp:term":[{"taxonomy":"category","embeddable":true,"href":"https:\/\/www.cgt-lkn.org\/bizkaia-hezkuntza\/index.php?rest_route=%2Fwp%2Fv2%2Fcategories&post=906"},{"taxonomy":"post_tag","embeddable":true,"href":"https:\/\/www.cgt-lkn.org\/bizkaia-hezkuntza\/index.php?rest_route=%2Fwp%2Fv2%2Ftags&post=906"}],"curies":[{"name":"wp","href":"https:\/\/api.w.org\/{rel}","templated":true}]}}