{"id":867,"date":"2020-10-01T21:20:41","date_gmt":"2020-10-01T19:20:41","guid":{"rendered":"https:\/\/www.cgt-lkn.org\/bizkaia\/hezkuntza\/?p=867"},"modified":"2020-10-01T21:20:41","modified_gmt":"2020-10-01T19:20:41","slug":"firma-docentes-de-riesgo-aun-necesita-tu-apoyo","status":"publish","type":"post","link":"https:\/\/www.cgt-lkn.org\/bizkaia-hezkuntza\/?p=867","title":{"rendered":"Firma: Docentes de Riesgo a\u00fan necesita tu apoyo"},"content":{"rendered":"<p>Los servicios p\u00fablicos -SANIDAD y EDUCACI\u00d3N- est\u00e1n siendo los grandes olvidados en esta pandemia.<\/p>\n<p>A pesar de que los medios anunciaron recientemente que las autoridades est\u00e1n promoviendo el teletrabajo y la seguridad laboral durante la pandemia, lo cierto es que el personal sanitario y docente est\u00e1 siendo OBLIGADO a acudir a sus puestos de trabajo, en muchos casos, sin las adecuadas medidas de protecci\u00f3n.<\/p>\n<p>Y un caso sangrante es el de los DOCENTES CON PATOLOG\u00cdAS DE RIESGO (enfermedad pulmonar cr\u00f3nica, diabetes, c\u00e1ncer, inmunosupresi\u00f3n&#8230;), que est\u00e1n siendo forzados a reincorporarse a sus centros, SIN OFREC\u00c9RSELES LA POSIBILIDAD DE TELETRABAJAR o REUBICARLOS EN UN PUESTO DE TRABAJO DONDE NO CORRAN RIESGO INMINENTE, en unas condiciones alarmantes: ratios de hasta 35 alumnos, en espacios cerrados y reducidos, sin que exista distancia de seguridad real, sin ventilaci\u00f3n adecuada (o directamente sin ella), y con alumn@s con mascarillas (siempre que no est\u00e9n exentos de llevarlas por motivos de salud o por ser alumnado de 0 a 6 a\u00f1os) de las que se desconoce su efectividad para evitar contagios y tambi\u00e9n el hecho de si son desinfectadas con regularidad.<\/p>\n<p>A los docentes con PATOLOG\u00cdAS DE RIESGO se les est\u00e1 denegando un derecho fundamental que CUALQUIER OTRO TRABAJADOR TIENE, el de proteger su vida si su actividad laboral supone un riesgo inminente para su salud.<\/p>\n<p><a href=\"https:\/\/www.change.org\/p\/ministerio-de-educaci%C3%B3n-stop-a-la-desprotecci%C3%B3n-de-los-docentes-con-patolog%C3%ADas-de-riesgo?recruiter=17423666&amp;recruited_by_id=114b7990-c78c-012f-b76f-404067ca6a7a\" target=\"_blank\" rel=\"noopener noreferrer\">FIRMA POR UNA VUELTA SEGURA A LAS AULAS DE LOS DOCENTES y DOCENTES CON PATOLOG\u00cdAS DE RIESGO.<\/a><\/p>\n<p>&nbsp;<\/p>\n<p>&nbsp;<\/p>\n","protected":false},"excerpt":{"rendered":"<p><em><b>STOP A LA DESPROTECCI\u00d3N DE LOS DOCENTES CON PATOLOG\u00cdAS DE RIESGO<\/b><\/em>\u00ab<\/p>\n","protected":false},"author":178,"featured_media":868,"comment_status":"closed","ping_status":"open","sticky":false,"template":"","format":"standard","meta":{"footnotes":"","_links_to":"","_links_to_target":""},"categories":[22,33,21,4,24],"tags":[28,30,41,39],"class_list":["post-867","post","type-post","status-publish","format-standard","has-post-thumbnail","hentry","category-castellano","category-covid-19","category-idioma-hizkuntza","category-irakasleak","category-osasuna","tag-covid-19","tag-irakasleak","tag-osasuna","tag-salud"],"publishpress_future_action":{"enabled":false,"date":"2026-05-07 04:44:05","action":"change-status","newStatus":"draft","terms":[],"taxonomy":"category","extraData":[]},"publishpress_future_workflow_manual_trigger":{"enabledWorkflows":[]},"_links":{"self":[{"href":"https:\/\/www.cgt-lkn.org\/bizkaia-hezkuntza\/index.php?rest_route=\/wp\/v2\/posts\/867","targetHints":{"allow":["GET"]}}],"collection":[{"href":"https:\/\/www.cgt-lkn.org\/bizkaia-hezkuntza\/index.php?rest_route=\/wp\/v2\/posts"}],"about":[{"href":"https:\/\/www.cgt-lkn.org\/bizkaia-hezkuntza\/index.php?rest_route=\/wp\/v2\/types\/post"}],"author":[{"embeddable":true,"href":"https:\/\/www.cgt-lkn.org\/bizkaia-hezkuntza\/index.php?rest_route=\/wp\/v2\/users\/178"}],"replies":[{"embeddable":true,"href":"https:\/\/www.cgt-lkn.org\/bizkaia-hezkuntza\/index.php?rest_route=%2Fwp%2Fv2%2Fcomments&post=867"}],"version-history":[{"count":1,"href":"https:\/\/www.cgt-lkn.org\/bizkaia-hezkuntza\/index.php?rest_route=\/wp\/v2\/posts\/867\/revisions"}],"predecessor-version":[{"id":869,"href":"https:\/\/www.cgt-lkn.org\/bizkaia-hezkuntza\/index.php?rest_route=\/wp\/v2\/posts\/867\/revisions\/869"}],"wp:featuredmedia":[{"embeddable":true,"href":"https:\/\/www.cgt-lkn.org\/bizkaia-hezkuntza\/index.php?rest_route=\/wp\/v2\/media\/868"}],"wp:attachment":[{"href":"https:\/\/www.cgt-lkn.org\/bizkaia-hezkuntza\/index.php?rest_route=%2Fwp%2Fv2%2Fmedia&parent=867"}],"wp:term":[{"taxonomy":"category","embeddable":true,"href":"https:\/\/www.cgt-lkn.org\/bizkaia-hezkuntza\/index.php?rest_route=%2Fwp%2Fv2%2Fcategories&post=867"},{"taxonomy":"post_tag","embeddable":true,"href":"https:\/\/www.cgt-lkn.org\/bizkaia-hezkuntza\/index.php?rest_route=%2Fwp%2Fv2%2Ftags&post=867"}],"curies":[{"name":"wp","href":"https:\/\/api.w.org\/{rel}","templated":true}]}}