{"id":864,"date":"2020-10-01T20:57:11","date_gmt":"2020-10-01T18:57:11","guid":{"rendered":"https:\/\/www.cgt-lkn.org\/bizkaia\/hezkuntza\/?p=864"},"modified":"2020-10-01T20:57:11","modified_gmt":"2020-10-01T18:57:11","slug":"la-escuela-del-desastre-como-salir-del-estado-de-shock","status":"publish","type":"post","link":"https:\/\/www.cgt-lkn.org\/bizkaia-hezkuntza\/?p=864","title":{"rendered":"La escuela del desastre. \u00bfC\u00f3mo salir del estado de shock?"},"content":{"rendered":"<p>Extrapolando t\u00e9cnicas de las experiencias psiqui\u00e1tricas de anulaci\u00f3n de la personalidad y el recuerdo, el capitalismo del desastre de los Chicago Boys encontr\u00f3 una estrategia perfecta para capitalizar la crisis: el dise\u00f1o de pol\u00edticas que sistem\u00e1ticamente profundizan en la desigualdad y terminan enriqueciendo a las \u00e9lites. Bajo el efecto de las crisis, los ciudadanos tienden a concentrarse en las emergencias de la supervivencia y a confiar demasiado en las decisiones pol\u00edticas. Y resulta que la nueva normalidad y su impacto en la Escuela P\u00fablica parece haber tomado buena nota del guion program\u00e1tico del capitalismo del desastre. Como dec\u00eda Naomi Klein en una reciente entrevista, el capitalismo -las pol\u00edticas neoliberales \u2013siempre ha estado dispuesto a sacrificar la vida a gran escala en aras de la ganancia.<\/p>\n<p><a href=\"https:\/\/www.cgt-lkn.org\/wp-content\/uploads\/sites\/19\/2020\/07\/defiende-la-publica.jpg\"><img loading=\"lazy\" decoding=\"async\" class=\"aligncenter size-thumbnail wp-image-797\" src=\"https:\/\/www.cgt-lkn.org\/wp-content\/uploads\/sites\/19\/2020\/07\/defiende-la-publica-150x150.jpg\" alt=\"\" width=\"150\" height=\"150\" \/><\/a><\/p>\n<p>La vuelta al colegio en septiembre se ha ejecutado disciplinadamente bajo el dictado del imperativo econ\u00f3mico. La consigna es clara: los colegios no pueden estar cerrados si queremos que la econom\u00eda funcione. Pero las medidas adoptadas, lejos de fortalecer la salud de la escuela p\u00fablica, doblando la inversi\u00f3n, reduciendo las ratios y ajust\u00e1ndolas a las medidas de prevenci\u00f3n acordadas por todas las comunidades con el Gobierno Central, han supuesto la continuidad de la vieja normalidad. O lo que es lo mismo, una vuelta a la crisis reforzada por el shock de la pandemia de la COVID-19. Porque, no lo olvidemos, la nueva normalidad es la vieja crisis reforzada por una crisis sanitaria.<\/p>\n<p>Para presentar en sociedad la nueva normalidad escolar, nuestros gobiernos se han servido de todo tipo de artificios neoling\u00fc\u00edsticos:<\/p>\n<p>El grupo burbuja o grupo estable de convivencia escolar. Todo un experimento escolar de dudosa eficacia por la imposibilidad de garantizar la estanqueidad. \u00bfEs posible garantizar la estanqueidad en un espacio de interacci\u00f3n social como la escuela?<\/p>\n<p>La autonom\u00eda de los centros escolares. Nada m\u00e1s eficaz pol\u00edticamente que disfrazar otra realidad bajo una expresi\u00f3n venerable. Si la Administraci\u00f3n ha delegado en los centros escolares la toma de decisiones sobre los modelos organizativos es al precio de santificar la desregulaci\u00f3n en un gesto que dejar\u00eda en pa\u00f1ales a Poncio Pilatos.<\/p>\n<p>Contacto estrecho. En la Gu\u00eda de actuaci\u00f3n ante la aparici\u00f3n de casos COVID en los centros educativos se dice: se considerar\u00e1 contacto estrecho a cualquier alumno que haya compartido espacio con el caso confirmado a una distancia inferior a dos metros durante m\u00e1s de 15 minutos, salvo que se pueda asegurar que se ha hecho un uso seguro de la mascarilla. \u00bfQu\u00e9 se entiende por uso seguro de una mascarilla quir\u00fargica? Las mascarillas quir\u00fargicas, las usadas por la mayor\u00eda del alumnado, son mascarillas desechables de un solo uso. Su manipulaci\u00f3n exige unas medidas extremas de higiene en las manos, deben cubrir totalmente la nariz y la boca y ajustarse perfectamente sin que queden espacios libres entre la cara y la m\u00e1scara, y no se deben manipular una vez puestas.<\/p>\n<p><a href=\"https:\/\/www.cgt-lkn.org\/wp-content\/uploads\/sites\/19\/2020\/05\/Hezkuntza-komunitateak-ezetz-dio.jpg\"><img loading=\"lazy\" decoding=\"async\" class=\"aligncenter size-thumbnail wp-image-642\" src=\"https:\/\/www.cgt-lkn.org\/wp-content\/uploads\/sites\/19\/2020\/05\/Hezkuntza-komunitateak-ezetz-dio-150x150.jpg\" alt=\"\" width=\"150\" height=\"150\" \/><\/a><\/p>\n<p>Nivel 1 de riesgo personal vulnerable. Casi todos los trabajadores y trabajadoras de la ense\u00f1anza con alguna patolog\u00eda previa, mayores de 60 a\u00f1os y las embarazadas han sido catalogados como nivel 1 de riesgo. Este nivel no exige ninguna adaptaci\u00f3n del entorno de trabajo sino una vuelta al trabajo con normalidad, con la excusa de que los centros educativos son espacios de riesgo bajo de contagio. Sin embargo, la prensa andaluza diaria se hace eco de un goteo continuo de aulas en cuarentenas y colegios cerrados. \u00bfQu\u00e9 condiciones deber\u00eda reunir un centro para considerase un entorno seguro de trabajo?<\/p>\n<p>Pero el shock ha llegado tambi\u00e9n para instalarse en los centros de Secundaria. El pasado tres de septiembre la Consejer\u00eda de Educaci\u00f3n public\u00f3 unas instrucciones sobre los posibles modelos organizativos COVID a partir de 3.\u00ba de ESO. Se ofrec\u00edan tres opciones:<\/p>\n<p>a) Una opci\u00f3n A, o modalidad sincr\u00f3nica, que aseguraba al alumnado no asistente la atenci\u00f3n sincr\u00f3nica mediante medios telem\u00e1ticos. Opci\u00f3n descartada por la mayor\u00eda de los centros por no contar con los recursos telem\u00e1ticos necesarios.<\/p>\n<p>b) Una opci\u00f3n B, que ofrec\u00eda la posibilidad de la semipresencialidad, con alternancia de las clases presenciales y telem\u00e1ticas y una asistencia de todo el alumnado a las clases presenciales. Opci\u00f3n minoritaria porque no garantiza la distancia de seguridad en las aulas.<\/p>\n<p>c) Y la opci\u00f3n C, la mayoritaria, interpretada como un modelo de alternancia. El alumnado de un grupo se divide en dos subgrupos al 50% y acuden al centro en d\u00edas o semanas alternas. Es decir, se reduce al 50% la presencialidad del alumnado, mientras que el profesorado imparte su jornada lectiva presencial al 100%. Es decir, no se han programado en la jornada laboral del profesorado horas de asistencia telem\u00e1tica.<\/p>\n<p>\u00bfSusto o muerte? La negligencia y la irresponsabilidad de una Administraci\u00f3n que se ha negado rotundamente a reducir las ratios escolares para garantizar la seguridad y la prevenci\u00f3n de riesgos de contagio ha inclinado la balanza hacia el modelo de alternancia. O sea, para evitar una presencialidad no segura, la mayor\u00eda de los centros escolares de Secundaria ha optado por reducir a la mitad la presencialidad. De esta manera, y con el respaldo de los claustros escolares, nuestra Consejer\u00eda ha conseguido desdobles a coste cero. CGT siempre ha apostado y seguir\u00e1 apostando por una presencialidad escolar segura y, por ello, exige incrementar la partida presupuestaria para educaci\u00f3n, la contrataci\u00f3n del profesorado y de todo el personal necesario para garantizar una ense\u00f1anza presencial que respete las distancias de seguridad en las aulas. Puede que los docentes tardemos en recuperarnos de este estado de shock, pero las consecuencias ser\u00e1n nefastas para el gran perjudicado en este asunto: el alumnado.<\/p>\n<p>Por otra parte, en esta estrategia de devaluaci\u00f3n de lo p\u00fablico, en general, y en particular de la escuela, a nadie le deber\u00eda sorprender la reciente publicaci\u00f3n del nuevo borrador de orden para regular los conciertos educativos, en especial los de Bachillerato y Formaci\u00f3n Profesional. Desde hace ya muchos a\u00f1os, CGT viene denunciando el cierre de l\u00edneas y centros p\u00fablicos y el mantenimiento y fortalecimiento de los conciertos educativos. La crisis de la natalidad en estos momentos afecta unilateralmente a los niveles de Infantil y Primaria: son muchas las l\u00edneas suprimidas y muchos los centros cerrados en la Escuela P\u00fablica. En menos de una d\u00e9cada, esta realidad llegar\u00e1 a Secundaria y a Bachillerato. \u00bfQu\u00e9 ocurrir\u00e1 entonces? \u00bfSe convertir\u00e1 la ense\u00f1anza p\u00fablica en subsidiaria de la privada-concertada como ya est\u00e1 ocurriendo en muchas capitales de provincia en los niveles de Primaria e Infantil. \u00bfEsta es la hoja de ruta privatizadora de nuestros gobiernos?<\/p>\n<p><a href=\"https:\/\/www.cgt-lkn.org\/wp-content\/uploads\/sites\/19\/2020\/04\/CGT-ense\u00f1anza-1.jpg\"><img loading=\"lazy\" decoding=\"async\" class=\"aligncenter size-thumbnail wp-image-565\" src=\"https:\/\/www.cgt-lkn.org\/wp-content\/uploads\/sites\/19\/2020\/04\/CGT-ense\u00f1anza-1-150x150.jpg\" alt=\"\" width=\"150\" height=\"150\" \/><\/a><\/p>\n<p>Nos sobran las razones para una movilizaci\u00f3n. Toca defender la Escuela P\u00fablica. Por esto, animamos a todos los trabajadores y trabajadoras de la Educaci\u00f3n P\u00fablica a secundar la huelga convocada para los pr\u00f3ximos d\u00edas 9 y 15 de octubre. Mostrar indignaci\u00f3n y resistencia en este momento es clave si queremos frenar su devaluaci\u00f3n. Si queremos salir del estado de shock en el que nos encontramos no nos queda otra que recuperar una sociabilidad activa y de apoyo mutuo que nos saque de nuestro aislamiento y nos permita reforzar los lazos comunitarios. Por ello, os animamos a celebrar asambleas en los centros y crear estrategias de defensa de nuestra escuela.<\/p>\n<p>Ahora m\u00e1s que nunca necesitamos defender la Escuela P\u00fablica.<\/p>\n<p style=\"text-align: center\"><a href=\"https:\/\/www.cgt-lkn.org\/afiliar\/public\/#!\/\" target=\"_blank\" rel=\"noopener noreferrer\">AFILIATE<img loading=\"lazy\" decoding=\"async\" class=\"aligncenter size-thumbnail wp-image-692\" src=\"https:\/\/www.cgt-lkn.org\/wp-content\/uploads\/sites\/19\/2020\/06\/Vacunate-afiliate-a-CGT-150x150.jpg\" alt=\"\" width=\"150\" height=\"150\" \/><\/a><\/p>\n","protected":false},"excerpt":{"rendered":"<p><strong>\u00bfSusto o muerte?<\/strong> La negligencia y la irresponsabilidad de una Administraci\u00f3n que se ha negado rotundamente a reducir las ratios escolares para garantizar la seguridad y la prevenci\u00f3n de riesgos de contagio ha inclinado la balanza hacia el modelo de alternancia. O sea, para evitar una presencialidad no segura, la mayor\u00eda de los centros escolares de Secundaria ha optado por reducir a la mitad la presencialidad. De esta manera, y con el respaldo de los claustros escolares, nuestra Consejer\u00eda ha conseguido desdobles a coste cero. CGT siempre ha apostado y seguir\u00e1 apostando por una presencialidad escolar segura y, por ello, exige incrementar la partida presupuestaria para educaci\u00f3n, la contrataci\u00f3n del profesorado y de todo el personal necesario para garantizar una ense\u00f1anza presencial que respete las distancias de seguridad en las aulas. Puede que los docentes tardemos en recuperarnos de este estado de shock, pero las consecuencias ser\u00e1n nefastas para el gran perjudicado en este asunto: el alumnado.<\/p>\n","protected":false},"author":178,"featured_media":865,"comment_status":"closed","ping_status":"open","sticky":false,"template":"","format":"standard","meta":{"footnotes":"","_links_to":"","_links_to_target":""},"categories":[22,33,5,4,1],"tags":[28,31,37,32],"class_list":["post-864","post","type-post","status-publish","format-standard","has-post-thumbnail","hentry","category-castellano","category-covid-19","category-ikasleak","category-irakasleak","category-sin-categoria","tag-covid-19","tag-komunicado","tag-komunikatua","tag-publika"],"publishpress_future_action":{"enabled":false,"date":"2026-05-07 04:44:10","action":"change-status","newStatus":"draft","terms":[],"taxonomy":"category","extraData":[]},"publishpress_future_workflow_manual_trigger":{"enabledWorkflows":[]},"_links":{"self":[{"href":"https:\/\/www.cgt-lkn.org\/bizkaia-hezkuntza\/index.php?rest_route=\/wp\/v2\/posts\/864","targetHints":{"allow":["GET"]}}],"collection":[{"href":"https:\/\/www.cgt-lkn.org\/bizkaia-hezkuntza\/index.php?rest_route=\/wp\/v2\/posts"}],"about":[{"href":"https:\/\/www.cgt-lkn.org\/bizkaia-hezkuntza\/index.php?rest_route=\/wp\/v2\/types\/post"}],"author":[{"embeddable":true,"href":"https:\/\/www.cgt-lkn.org\/bizkaia-hezkuntza\/index.php?rest_route=\/wp\/v2\/users\/178"}],"replies":[{"embeddable":true,"href":"https:\/\/www.cgt-lkn.org\/bizkaia-hezkuntza\/index.php?rest_route=%2Fwp%2Fv2%2Fcomments&post=864"}],"version-history":[{"count":1,"href":"https:\/\/www.cgt-lkn.org\/bizkaia-hezkuntza\/index.php?rest_route=\/wp\/v2\/posts\/864\/revisions"}],"predecessor-version":[{"id":866,"href":"https:\/\/www.cgt-lkn.org\/bizkaia-hezkuntza\/index.php?rest_route=\/wp\/v2\/posts\/864\/revisions\/866"}],"wp:featuredmedia":[{"embeddable":true,"href":"https:\/\/www.cgt-lkn.org\/bizkaia-hezkuntza\/index.php?rest_route=\/wp\/v2\/media\/865"}],"wp:attachment":[{"href":"https:\/\/www.cgt-lkn.org\/bizkaia-hezkuntza\/index.php?rest_route=%2Fwp%2Fv2%2Fmedia&parent=864"}],"wp:term":[{"taxonomy":"category","embeddable":true,"href":"https:\/\/www.cgt-lkn.org\/bizkaia-hezkuntza\/index.php?rest_route=%2Fwp%2Fv2%2Fcategories&post=864"},{"taxonomy":"post_tag","embeddable":true,"href":"https:\/\/www.cgt-lkn.org\/bizkaia-hezkuntza\/index.php?rest_route=%2Fwp%2Fv2%2Ftags&post=864"}],"curies":[{"name":"wp","href":"https:\/\/api.w.org\/{rel}","templated":true}]}}