{"id":857,"date":"2020-09-11T16:56:36","date_gmt":"2020-09-11T14:56:36","guid":{"rendered":"https:\/\/www.cgt-lkn.org\/bizkaia\/hezkuntza\/?p=857"},"modified":"2020-09-11T17:29:52","modified_gmt":"2020-09-11T15:29:52","slug":"irailak-15-graba-hezkuntzan-vuelta-segura-a-las-aulas","status":"publish","type":"post","link":"https:\/\/www.cgt-lkn.org\/bizkaia-hezkuntza\/?p=857","title":{"rendered":"Irailak 15 Greba Hezkuntzan \u00a1VUELTA SEGURA A LAS AULAS!"},"content":{"rendered":"<p style=\"text-align: center\"><strong>\u00a1VUELTA SEGURA A LAS AULAS!<\/strong><\/p>\n<p>A ra\u00edz de la situaci\u00f3n de emergencia provocada por la Covid-19 y la necesidad de que alumnado y personal docente y educativo vuelvan a las aulas.<\/p>\n<p>Criticamos:<\/p>\n<p><strong>Improvisaci\u00f3n<\/strong><\/p>\n<p>\u25cf El Gobierno Vasco envi\u00f3 el nuevo protocolo a final de agosto. Pocos d\u00edas antes del inicio de curso.<\/p>\n<p>\u25cf Los centros ya se estaban adaptando al anterior protocolo.<\/p>\n<p><strong>Unilateralidad<\/strong><\/p>\n<p>\u25cf No se ha tenido en cuenta la opini\u00f3n del personal docente y educativo, de las direcciones de los centros, ni de las familias.<\/p>\n<p><strong>Contradicciones en el propio protocolo<\/strong><\/p>\n<p>\u25cf El protocolo contiene varios puntos que contradicen a otros.<\/p>\n<p>\u25cf Los aspectos que deben controlar los centros son absolutamente estrictos.<\/p>\n<p>\u25cf Los que corresponden al Gobierno Vasco son demasiado flexibles.<\/p>\n<p><strong>Falta de medios<\/strong><\/p>\n<p>\u25cf El Gobierno Vasco no ha dotado a los centros de los medios necesarios para poder cumplir el protocolo.<\/p>\n<p>\u25cf No hay suficiente material, ni personal, ni espacio f\u00edsico en ning\u00fan centro educativo.<\/p>\n<p><strong>Contrataci\u00f3n de personal<\/strong><\/p>\n<p>\u25cf El Gobierno Vasco ha anunciado a bombo y platillo que contratar\u00e1 a 1000 docentes.<\/p>\n<p>\u25cf Un simple c\u00e1lculo nos muestra que son absolutamente insuficientes. S\u00f3lo de Primaria y Secundaria (de Ense\u00f1anza Obligatoria) hay m\u00e1s de 400 centros p\u00fablicos en la CAPV.<\/p>\n<p>\u25cf \u00bfCon qu\u00e9 criterio se decidir\u00e1 en qu\u00e9 etapas y en qu\u00e9 centros? \u00bfS\u00f3lo en la p\u00fablica o tambi\u00e9n en la concertada?<\/p>\n<p>\u25cf \u00bfPor qu\u00e9 no se han contratado ya, en las adjudicaciones de inicio de curso?<\/p>\n<p><strong>Pedimos:<\/strong><\/p>\n<p>\u25cf Organizar una vuelta segura a las aulas.<\/p>\n<p>\u25cf Dotar a los centros de m\u00e1s recursos materiales.<\/p>\n<p>\u25cf Contratar m\u00e1s personal docente para poder bajar la cantidad de alumnado por aula.<\/p>\n<p>\u25cf Contratar m\u00e1s personal de limpieza y desinfecci\u00f3n.<\/p>\n<p>&nbsp;<\/p>\n<p style=\"text-align: center\"><strong>Y POR ELLO, \u00a1NOS ADHERIMOS A LA HUELGA DEL 15 DE SEPTIEMBRE!<\/strong><\/p>\n<p><img loading=\"lazy\" decoding=\"async\" class=\"aligncenter size-thumbnail wp-image-20467\" src=\"https:\/\/www.cgt-lkn.org\/wp-content\/uploads\/2020\/09\/huelga-educacion-CNT-CGT-CAST-150x150.jpg\" alt=\"\" width=\"150\" height=\"150\" \/><\/p>\n","protected":false},"excerpt":{"rendered":"<p><strong>Criticamos:<\/strong> la Improvisaci\u00f3n, la Unilateralidad, la Contradicciones en el propio protocolo, la Falta de medios, la Contrataci\u00f3n de personal y Pedimos&#8230;.<\/p>\n","protected":false},"author":178,"featured_media":858,"comment_status":"closed","ping_status":"open","sticky":false,"template":"","format":"standard","meta":{"footnotes":"","_links_to":"","_links_to_target":""},"categories":[22,33,5,4,1,24],"tags":[38,28,72,41],"class_list":["post-857","post","type-post","status-publish","format-standard","has-post-thumbnail","hentry","category-castellano","category-covid-19","category-ikasleak","category-irakasleak","category-sin-categoria","category-osasuna","tag-comunicado","tag-covid-19","tag-greba-huelga","tag-osasuna"],"publishpress_future_action":{"enabled":false,"date":"2026-05-07 04:44:12","action":"change-status","newStatus":"draft","terms":[],"taxonomy":"category","extraData":[]},"publishpress_future_workflow_manual_trigger":{"enabledWorkflows":[]},"_links":{"self":[{"href":"https:\/\/www.cgt-lkn.org\/bizkaia-hezkuntza\/index.php?rest_route=\/wp\/v2\/posts\/857","targetHints":{"allow":["GET"]}}],"collection":[{"href":"https:\/\/www.cgt-lkn.org\/bizkaia-hezkuntza\/index.php?rest_route=\/wp\/v2\/posts"}],"about":[{"href":"https:\/\/www.cgt-lkn.org\/bizkaia-hezkuntza\/index.php?rest_route=\/wp\/v2\/types\/post"}],"author":[{"embeddable":true,"href":"https:\/\/www.cgt-lkn.org\/bizkaia-hezkuntza\/index.php?rest_route=\/wp\/v2\/users\/178"}],"replies":[{"embeddable":true,"href":"https:\/\/www.cgt-lkn.org\/bizkaia-hezkuntza\/index.php?rest_route=%2Fwp%2Fv2%2Fcomments&post=857"}],"version-history":[{"count":2,"href":"https:\/\/www.cgt-lkn.org\/bizkaia-hezkuntza\/index.php?rest_route=\/wp\/v2\/posts\/857\/revisions"}],"predecessor-version":[{"id":860,"href":"https:\/\/www.cgt-lkn.org\/bizkaia-hezkuntza\/index.php?rest_route=\/wp\/v2\/posts\/857\/revisions\/860"}],"wp:featuredmedia":[{"embeddable":true,"href":"https:\/\/www.cgt-lkn.org\/bizkaia-hezkuntza\/index.php?rest_route=\/wp\/v2\/media\/858"}],"wp:attachment":[{"href":"https:\/\/www.cgt-lkn.org\/bizkaia-hezkuntza\/index.php?rest_route=%2Fwp%2Fv2%2Fmedia&parent=857"}],"wp:term":[{"taxonomy":"category","embeddable":true,"href":"https:\/\/www.cgt-lkn.org\/bizkaia-hezkuntza\/index.php?rest_route=%2Fwp%2Fv2%2Fcategories&post=857"},{"taxonomy":"post_tag","embeddable":true,"href":"https:\/\/www.cgt-lkn.org\/bizkaia-hezkuntza\/index.php?rest_route=%2Fwp%2Fv2%2Ftags&post=857"}],"curies":[{"name":"wp","href":"https:\/\/api.w.org\/{rel}","templated":true}]}}