{"id":849,"date":"2020-09-02T16:28:58","date_gmt":"2020-09-02T14:28:58","guid":{"rendered":"https:\/\/www.cgt-lkn.org\/bizkaia\/hezkuntza\/?p=849"},"modified":"2020-08-18T16:32:38","modified_gmt":"2020-08-18T14:32:38","slug":"video-de-rojo-y-negro-tv-lucha-lo-publico-educacion","status":"publish","type":"post","link":"https:\/\/www.cgt-lkn.org\/bizkaia-hezkuntza\/?p=849","title":{"rendered":"V\u00eddeo de Rojo y Negro TV Lucha: Lo P\u00fablico-Educaci\u00f3n"},"content":{"rendered":"<p>POR UN TRABAJO P\u00daBLICO DIGNO<\/p>\n<p>&#8211; Recuperaci\u00f3n de todo el empleo p\u00fablico destruido y la cobertura de todos aquellos empleos necesarios para prestar unos Servicios P\u00fablicos con suficiencia y eficiencia.<\/p>\n<p>&#8211; Dignificaci\u00f3n del trabajo p\u00fablico que supone tener plantillas adecuadas en cantidad y calidad para la prestaci\u00f3n p\u00fablica del servicio a la comunidad. &#8211; Recuperaci\u00f3n de los Servicios P\u00fablicos externalizados y mercantilizados y la no privatizaci\u00f3n de ning\u00fan servicio p\u00fablico. &#8211; Jornada de 35 horas para todo el personal que trabaja en lo p\u00fablico para, de esta manera, repartir el trabajo.<\/p>\n<p>&#8211; Recuperaci\u00f3n de todo el poder adquisitivo robado en salarios desde hace varios a\u00f1os, bien v\u00eda congelaciones, bien v\u00eda recortes directos por Decreto, y el incremento de los salarios futuros seg\u00fan la inflaci\u00f3n real, lo que comporta tambi\u00e9n cl\u00e1usulas de revisi\u00f3n.<\/p>\n<p>&#8211; La desaparici\u00f3n de las Mutuas \u201cprivadas\u201d y que el trabajador o trabajadora cuando se encuentre en Incapacidad Laboral, perciba el 100% de su base de cotizaci\u00f3n.<\/p>\n<p>&#8211; Incremento de las Pensiones P\u00fablicas en un porcentaje que les dignifique y las haga suficientes para cubrir las necesidades b\u00e1sicas para la vida.<\/p>\n<p><iframe loading=\"lazy\" title=\"#RNtvLuchaxLoP\u00fablico Educaci\u00f3n\" width=\"700\" height=\"394\" src=\"https:\/\/www.youtube.com\/embed\/7hOSEiVLoLo?feature=oembed\" frameborder=\"0\" allow=\"accelerometer; autoplay; clipboard-write; encrypted-media; gyroscope; picture-in-picture\" allowfullscreen><\/iframe><\/p>\n<p>&nbsp;<\/p>\n","protected":false},"excerpt":{"rendered":"<p>POR UN TRABAJO P\u00daBLICO DIGNO<\/p>\n","protected":false},"author":6,"featured_media":29,"comment_status":"closed","ping_status":"closed","sticky":false,"template":"","format":"standard","meta":{"footnotes":"","_links_to":"","_links_to_target":""},"categories":[22,19],"tags":[60,40,48,49],"class_list":["post-849","post","type-post","status-publish","format-standard","has-post-thumbnail","hentry","category-castellano","category-publika","tag-educacion","tag-hezkuntza","tag-servicios-publicos","tag-zerbitzu-publiko"],"publishpress_future_action":{"enabled":false,"date":"2026-05-07 04:44:04","action":"change-status","newStatus":"draft","terms":[],"taxonomy":"category","extraData":[]},"publishpress_future_workflow_manual_trigger":{"enabledWorkflows":[]},"_links":{"self":[{"href":"https:\/\/www.cgt-lkn.org\/bizkaia-hezkuntza\/index.php?rest_route=\/wp\/v2\/posts\/849","targetHints":{"allow":["GET"]}}],"collection":[{"href":"https:\/\/www.cgt-lkn.org\/bizkaia-hezkuntza\/index.php?rest_route=\/wp\/v2\/posts"}],"about":[{"href":"https:\/\/www.cgt-lkn.org\/bizkaia-hezkuntza\/index.php?rest_route=\/wp\/v2\/types\/post"}],"author":[{"embeddable":true,"href":"https:\/\/www.cgt-lkn.org\/bizkaia-hezkuntza\/index.php?rest_route=\/wp\/v2\/users\/6"}],"replies":[{"embeddable":true,"href":"https:\/\/www.cgt-lkn.org\/bizkaia-hezkuntza\/index.php?rest_route=%2Fwp%2Fv2%2Fcomments&post=849"}],"version-history":[{"count":1,"href":"https:\/\/www.cgt-lkn.org\/bizkaia-hezkuntza\/index.php?rest_route=\/wp\/v2\/posts\/849\/revisions"}],"predecessor-version":[{"id":850,"href":"https:\/\/www.cgt-lkn.org\/bizkaia-hezkuntza\/index.php?rest_route=\/wp\/v2\/posts\/849\/revisions\/850"}],"wp:featuredmedia":[{"embeddable":true,"href":"https:\/\/www.cgt-lkn.org\/bizkaia-hezkuntza\/index.php?rest_route=\/wp\/v2\/media\/29"}],"wp:attachment":[{"href":"https:\/\/www.cgt-lkn.org\/bizkaia-hezkuntza\/index.php?rest_route=%2Fwp%2Fv2%2Fmedia&parent=849"}],"wp:term":[{"taxonomy":"category","embeddable":true,"href":"https:\/\/www.cgt-lkn.org\/bizkaia-hezkuntza\/index.php?rest_route=%2Fwp%2Fv2%2Fcategories&post=849"},{"taxonomy":"post_tag","embeddable":true,"href":"https:\/\/www.cgt-lkn.org\/bizkaia-hezkuntza\/index.php?rest_route=%2Fwp%2Fv2%2Ftags&post=849"}],"curies":[{"name":"wp","href":"https:\/\/api.w.org\/{rel}","templated":true}]}}