{"id":833,"date":"2020-07-23T17:03:58","date_gmt":"2020-07-23T15:03:58","guid":{"rendered":"https:\/\/www.cgt-lkn.org\/bizkaia\/hezkuntza\/?p=833"},"modified":"2020-07-23T17:03:58","modified_gmt":"2020-07-23T15:03:58","slug":"firma-por-una-vuelta-al-cole-segura-para-todos-vueltasegura","status":"publish","type":"post","link":"https:\/\/www.cgt-lkn.org\/bizkaia-hezkuntza\/?p=833","title":{"rendered":"FIRMA: Por una vuelta al cole segura para todos #VueltaSegura"},"content":{"rendered":"<p>Los profesores y trabajadores de los centros escolares que hemos tenido acceso a los protocolos anti-COVID que se est\u00e1n manejando para la vuelta al cole este septiembre\u00a0<strong>estamos preocupados. Muy preocupados.<\/strong><\/p>\n<p>Lo \u00fanico que se les va a exigir a las escuelas es que usen mascarillas y gel hidroalcoh\u00f3lico, pero todo lo dem\u00e1s va a seguir exactamente igual. Ni las van a dotar de medios, ni de espacios, ni de personal. Han tenido meses para planificarlo y ya hemos visto en las instrucciones que nos han llegado a los centros que no son m\u00e1s que un\u00a0<strong>\u00abAPA\u00d1AOS COMO POD\u00c1IS CON LO QUE TEN\u00c9IS\u00bb<\/strong>.<\/p>\n<p><strong>Tal y como se est\u00e1 planteando, este regreso a las aulas va a tener un impacto brutal. Primero, para la seguridad de todos (familias y profesores). Y segundo, para la conciliaci\u00f3n.<\/strong>\u00a0B\u00e1sicamente, alumnos y profesores vamos a volver a las aulas sin unas m\u00ednimas condiciones de seguridad frente al COVID-19 que se le exige a cualquier establecimiento o centro de trabajo con todo lo que ello puede acarrear a la hora de evitar rebrotes, controlarlos y facilitar que los padres y madres pueden volver al trabajo en oto\u00f1o.<\/p>\n<p><strong>Los Gobiernos centrales y auton\u00f3micos saben perfectamente que la \u00fanica forma segura de volver a las aulas es bajando la ratio de alumnos por clase y contratando m\u00e1s profesores.<\/strong>\u00a0No hay otra forma posible de mantener la distancia de seguridad en clase si no dividimos los grupos en diferentes espacios y se contrata m\u00e1s profesorado para atenderlos.\u00a0<strong>\u00bfPor qu\u00e9 no lo hacen? \u00bfPor qu\u00e9 se est\u00e1n comportando de manera tan irresponsable?<\/strong><\/p>\n<p>Con esta petici\u00f3n\u00a0<strong>le pedimos a la Ministra de Educaci\u00f3n Isabel Cela\u00e1 que dote a las Comunidades Aut\u00f3nomas de los recursos necesarios para cumplir los requisitos que garanticen la seguridad en el regreso a las aulas.<\/strong>\u00a0Tambi\u00e9n le pedimos a las distintas Consejer\u00edas de Educaci\u00f3n de las Autonom\u00edas que se comprometan a buscar espacios y recursos para garantizar la seguridad de toda la comunidad educativa ya que son ellas las que tienen las competencias en Educaci\u00f3n. Cada administraci\u00f3n tiene su papel y entre todas tienen que garantizar una vuelta al cole segura. Les pedimos que dejen de pasarse la pelota y que cada cual haga lo que est\u00e1 dentro de sus competencias para que volvamos a los centros con seguridad.<\/p>\n<p><strong>El inicio del curso est\u00e1 a la vuelta de la esquina y todos nos jugamos mucho si no lo hacemos bien a la primera. Firma y comparte para pedir una #VueltaSegura<\/strong><\/p>\n<p>\u00bfPuedes ayudarme firmando esta petici\u00f3n?<br \/>\n<a href=\"http:\/\/chng.it\/RDRJ97PFCK\">http:\/\/chng.it\/VVCKCKmm<\/a><\/p>\n","protected":false},"excerpt":{"rendered":"<p><strong>Tal y como se est\u00e1 planteando, este regreso a las aulas va a tener un impacto brutal. Primero, para la seguridad de todos (familias y profesores). Y segundo, para la conciliaci\u00f3n.<\/strong>\u00a0B\u00e1sicamente, alumnos y profesores vamos a volver a las aulas sin unas m\u00ednimas condiciones de seguridad frente al COVID-19 que se le exige a cualquier establecimiento o centro de trabajo con todo lo que ello puede acarrear a la hora de evitar rebrotes, controlarlos y facilitar que los padres y madres pueden volver al trabajo en oto\u00f1o.<\/p>\n<p><strong>Los Gobiernos centrales y auton\u00f3micos saben perfectamente que la \u00fanica forma segura de volver a las aulas es bajando la ratio de alumnos por clase y contratando m\u00e1s profesores.<\/strong><\/p>\n<p><strong> #VueltaSegura<\/strong><\/p>\n","protected":false},"author":178,"featured_media":834,"comment_status":"closed","ping_status":"closed","sticky":false,"template":"","format":"standard","meta":{"footnotes":"","_links_to":"","_links_to_target":""},"categories":[22,33,5,4,24],"tags":[28,29,30,41,69],"class_list":["post-833","post","type-post","status-publish","format-standard","has-post-thumbnail","hentry","category-castellano","category-covid-19","category-ikasleak","category-irakasleak","category-osasuna","tag-covid-19","tag-ikasleak","tag-irakasleak","tag-osasuna","tag-ratio"],"publishpress_future_action":{"enabled":false,"date":"2026-05-07 04:44:00","action":"change-status","newStatus":"draft","terms":[],"taxonomy":"category","extraData":[]},"publishpress_future_workflow_manual_trigger":{"enabledWorkflows":[]},"_links":{"self":[{"href":"https:\/\/www.cgt-lkn.org\/bizkaia-hezkuntza\/index.php?rest_route=\/wp\/v2\/posts\/833","targetHints":{"allow":["GET"]}}],"collection":[{"href":"https:\/\/www.cgt-lkn.org\/bizkaia-hezkuntza\/index.php?rest_route=\/wp\/v2\/posts"}],"about":[{"href":"https:\/\/www.cgt-lkn.org\/bizkaia-hezkuntza\/index.php?rest_route=\/wp\/v2\/types\/post"}],"author":[{"embeddable":true,"href":"https:\/\/www.cgt-lkn.org\/bizkaia-hezkuntza\/index.php?rest_route=\/wp\/v2\/users\/178"}],"replies":[{"embeddable":true,"href":"https:\/\/www.cgt-lkn.org\/bizkaia-hezkuntza\/index.php?rest_route=%2Fwp%2Fv2%2Fcomments&post=833"}],"version-history":[{"count":1,"href":"https:\/\/www.cgt-lkn.org\/bizkaia-hezkuntza\/index.php?rest_route=\/wp\/v2\/posts\/833\/revisions"}],"predecessor-version":[{"id":835,"href":"https:\/\/www.cgt-lkn.org\/bizkaia-hezkuntza\/index.php?rest_route=\/wp\/v2\/posts\/833\/revisions\/835"}],"wp:featuredmedia":[{"embeddable":true,"href":"https:\/\/www.cgt-lkn.org\/bizkaia-hezkuntza\/index.php?rest_route=\/wp\/v2\/media\/834"}],"wp:attachment":[{"href":"https:\/\/www.cgt-lkn.org\/bizkaia-hezkuntza\/index.php?rest_route=%2Fwp%2Fv2%2Fmedia&parent=833"}],"wp:term":[{"taxonomy":"category","embeddable":true,"href":"https:\/\/www.cgt-lkn.org\/bizkaia-hezkuntza\/index.php?rest_route=%2Fwp%2Fv2%2Fcategories&post=833"},{"taxonomy":"post_tag","embeddable":true,"href":"https:\/\/www.cgt-lkn.org\/bizkaia-hezkuntza\/index.php?rest_route=%2Fwp%2Fv2%2Ftags&post=833"}],"curies":[{"name":"wp","href":"https:\/\/api.w.org\/{rel}","templated":true}]}}