{"id":809,"date":"2020-07-16T09:14:09","date_gmt":"2020-07-16T07:14:09","guid":{"rendered":"https:\/\/www.cgt-lkn.org\/bizkaia\/hezkuntza\/?p=809"},"modified":"2020-09-11T17:35:14","modified_gmt":"2020-09-11T15:35:14","slug":"iniciativa-para-lograr-estabilidad-a-largo-plazo","status":"publish","type":"post","link":"https:\/\/www.cgt-lkn.org\/bizkaia-hezkuntza\/?p=809","title":{"rendered":"INICIATIVA PARA LOGRAR ESTABILIDAD A LARGO PLAZO"},"content":{"rendered":"<p>En la secci\u00f3n sindical de Hezkuntza \/Educaci\u00f3n p\u00fablica de CGT-LKN llevamos desde el a\u00f1o 2014 preocupad@s y denunciando la penosa situaci\u00f3n que sufren l@s interin@s de larga duraci\u00f3n en el \u00e1mbito educativo (sin un m\u00ednimo de estabilidad con contratos anuales, yendo de ac\u00e1 para all\u00e1 entre las 3 provincias de la CAPV y cubriendo \u2153 o \u00bd jornadas durante a\u00f1os para acumular puntos, sin el apoyo de los grandes sindicatos ni nuestr@s compa\u00f1er@s funcionari@s, sin poder preparar adecuadamente las oposiciones debido a las obligaciones familiares y laborales, con cambios continuos en los contenidos y criterios de las OPEs, con pruebas que poco tienen que ver con nuestra labor\u2026). En el a\u00f1o 2017 sacamos unos carteles sobre el tema reivindicando garant\u00edas de estabilidad para l@s interinos que llevaran al menos 15 a\u00f1os trabajando para el Departamento de Educaci\u00f3n del Gobierno Vasco y empezamos a reivindicar lo en nuestras declaraciones en las huelgas educativas de 2017-2018. Al tiempo, primero ELA (en 2018) y luego LAB (en 2019), empezaron a recoger esta demanda en sus tablas reivindicativas.<\/p>\n<p><a href=\"https:\/\/www.cgt-lkn.org\/wp-content\/uploads\/sites\/19\/2020\/07\/Interinoak-abuztua2-copia.jpg\"><img loading=\"lazy\" decoding=\"async\" class=\"aligncenter size-medium wp-image-841\" src=\"https:\/\/www.cgt-lkn.org\/wp-content\/uploads\/sites\/19\/2020\/07\/Interinoak-abuztua2-copia-300x292.jpg\" alt=\"\" width=\"300\" height=\"292\" srcset=\"https:\/\/www.cgt-lkn.org\/bizkaia-hezkuntza\/wp-content\/uploads\/sites\/19\/2020\/07\/Interinoak-abuztua2-copia-300x292.jpg 300w, https:\/\/www.cgt-lkn.org\/bizkaia-hezkuntza\/wp-content\/uploads\/sites\/19\/2020\/07\/Interinoak-abuztua2-copia.jpg 600w\" sizes=\"auto, (max-width: 300px) 100vw, 300px\" \/><\/a><\/p>\n<p>Estos \u00faltimos a\u00f1os trabajador@s de las administraciones p\u00fablicas del estado espa\u00f1ol que sufren situaciones parecidas han empezado a organizarse y luchar por unas garant\u00edas m\u00ednimas de estabilidad, y para ello han acudido a los tribunales europeos. Y el 20 de marzo de 2020, el Tribunal de Justicia de la Uni\u00f3n Europea ha dictaminado que la situaci\u00f3n de l@s interin@s de larga duraci\u00f3n en el estado espa\u00f1ol constituye un fraude adem\u00e1s de una injusticia y les ha instituido para est@s trabajador@s la figura del\/a \u201cindefinido no fijo\u201d.<\/p>\n<p>Al amparo de dicha sentencia europea se han presentado recursos en muchos tribunales y algunos de ellos ya est\u00e1n dando frutos; es el caso del recurso presentado por CGT junto a una trabajadora del Ayuntamiento de Alicante (Sentencia 252\/2020 del Juzgado de lo Contencioso Administrativo N\u00ba 4 de Alicante).<\/p>\n<p>Como la secci\u00f3n sindical de Educaci\u00f3n P\u00fablica de CGT-LKN carece de la representaci\u00f3n oficial requerida no podemos presentar un recurso colectivo, pero s\u00ed <strong>queremos ayudar a todas aquellas personas que quieran presentar en septiembre demandas individuales<\/strong> .<\/p>\n<p>Nuestra intenci\u00f3n es contactar con l@s interesad@ a lo largo de julio y agosto, pasarle toda la documentaci\u00f3n a nuestro abogado para que estudie y prepare cada caso individual, y a partir de septiembre, presentar a la vez los recursos en los juzgados de lo social de Bizkaia.<\/p>\n<p>Si tanto esta informaci\u00f3n como la propia iniciativa resultan de tu inter\u00e9s o de la de algun@ amig@ o conocid@ no dudes en ponerte en contacto con nosotr@s y ayudarnos a difundirla.<\/p>\n<p style=\"text-align: center\"><strong>CGT-LKN\u00a0<\/strong>(Bizkaia)<\/p>\n<p style=\"text-align: center\"><strong>HEZKUNTZAko\u00a0<\/strong><strong>Sail sindikala<\/strong><\/p>\n<p style=\"text-align: center\"><strong>Bail\u00e9n, 7 \u2013 solairuartea \u2013 2, 3 eta 4 48003 BILBO\u00a0 \u00a0 \u00a0 \u00a0 Tfnoa\u00a0&#8211; Faax: 94-416.95.40<\/strong><\/p>\n<p style=\"text-align: center\"><strong><a href=\"mailto:hezkuntza@cgt-lkn.eus\">hezkuntza@cgt-lkn.eus<\/a>\u00a0 \u00a0 \u00a0 <a href=\"mailto:cgtbilbao@cgt-lkn.org\">cgtbilbao@cgt-lkn.org<\/a><\/strong><\/p>\n<p style=\"text-align: center\"><a href=\"https:\/\/www.cgt-lkn.org\/bizkaia-hezkuntza\/\"><strong>www.cgt-lkn.org\/bizkaia\/hezkuntza<\/strong><\/a><\/p>\n<h1 class=\"entry-title\" style=\"text-align: center\"><span style=\"font-size: 14pt\"><a href=\"https:\/\/www.cgt-lkn.org\/bizkaia\/archivos\/6199\">Pedir Cita con la Asesoria<\/a><\/span><\/h1>\n<p><a href=\"https:\/\/www.cgt-lkn.org\/wp-content\/uploads\/sites\/19\/2020\/07\/INTERIN@S-CGT.jpg\"><img loading=\"lazy\" decoding=\"async\" class=\"aligncenter size-medium wp-image-810\" src=\"https:\/\/www.cgt-lkn.org\/wp-content\/uploads\/sites\/19\/2020\/07\/INTERIN@S-CGT-300x292.jpg\" alt=\"\" width=\"300\" height=\"292\" srcset=\"https:\/\/www.cgt-lkn.org\/bizkaia-hezkuntza\/wp-content\/uploads\/sites\/19\/2020\/07\/INTERIN@S-CGT-300x292.jpg 300w, https:\/\/www.cgt-lkn.org\/bizkaia-hezkuntza\/wp-content\/uploads\/sites\/19\/2020\/07\/INTERIN@S-CGT.jpg 600w\" sizes=\"auto, (max-width: 300px) 100vw, 300px\" \/><\/a><\/p>\n","protected":false},"excerpt":{"rendered":"<p>El sindicato CGT-LKN ha estado preocupado durante a\u00f1os por la deprimente situaci\u00f3n de los <strong>trabajadores temporale<\/strong>s a largo plazo en nuestro sector y lo denuncia (falta de estabilidad m\u00ednima, puntos para cumplir durante a\u00f1os o a\u00f1os, sin el apoyo de grandes sindicatos y funcionarios p\u00fablicos, oposici\u00f3n al trabajo y las necesidades dom\u00e9sticas). sin la oportunidad de prepararse bien, cambios en el contenido y objetivos de las oposiciones, con evidencia que tiene poco que ver con la realidad de nuestra actividad &#8230;).<\/p>\n","protected":false},"author":178,"featured_media":840,"comment_status":"closed","ping_status":"open","sticky":false,"template":"","format":"standard","meta":{"footnotes":"","_links_to":"","_links_to_target":""},"categories":[22,12,62,4,26],"tags":[63,30,31,64,65],"class_list":["post-809","post","type-post","status-publish","format-standard","has-post-thumbnail","hentry","category-castellano","category-ekimenak-campanas","category-interinoak-interins","category-irakasleak","category-comunicados","tag-interins","tag-irakasleak","tag-komunicado","tag-profesores","tag-temporalidad"],"publishpress_future_action":{"enabled":false,"date":"2026-05-07 03:34:14","action":"change-status","newStatus":"draft","terms":[],"taxonomy":"category","extraData":[]},"publishpress_future_workflow_manual_trigger":{"enabledWorkflows":[]},"_links":{"self":[{"href":"https:\/\/www.cgt-lkn.org\/bizkaia-hezkuntza\/index.php?rest_route=\/wp\/v2\/posts\/809","targetHints":{"allow":["GET"]}}],"collection":[{"href":"https:\/\/www.cgt-lkn.org\/bizkaia-hezkuntza\/index.php?rest_route=\/wp\/v2\/posts"}],"about":[{"href":"https:\/\/www.cgt-lkn.org\/bizkaia-hezkuntza\/index.php?rest_route=\/wp\/v2\/types\/post"}],"author":[{"embeddable":true,"href":"https:\/\/www.cgt-lkn.org\/bizkaia-hezkuntza\/index.php?rest_route=\/wp\/v2\/users\/178"}],"replies":[{"embeddable":true,"href":"https:\/\/www.cgt-lkn.org\/bizkaia-hezkuntza\/index.php?rest_route=%2Fwp%2Fv2%2Fcomments&post=809"}],"version-history":[{"count":4,"href":"https:\/\/www.cgt-lkn.org\/bizkaia-hezkuntza\/index.php?rest_route=\/wp\/v2\/posts\/809\/revisions"}],"predecessor-version":[{"id":843,"href":"https:\/\/www.cgt-lkn.org\/bizkaia-hezkuntza\/index.php?rest_route=\/wp\/v2\/posts\/809\/revisions\/843"}],"wp:featuredmedia":[{"embeddable":true,"href":"https:\/\/www.cgt-lkn.org\/bizkaia-hezkuntza\/index.php?rest_route=\/wp\/v2\/media\/840"}],"wp:attachment":[{"href":"https:\/\/www.cgt-lkn.org\/bizkaia-hezkuntza\/index.php?rest_route=%2Fwp%2Fv2%2Fmedia&parent=809"}],"wp:term":[{"taxonomy":"category","embeddable":true,"href":"https:\/\/www.cgt-lkn.org\/bizkaia-hezkuntza\/index.php?rest_route=%2Fwp%2Fv2%2Fcategories&post=809"},{"taxonomy":"post_tag","embeddable":true,"href":"https:\/\/www.cgt-lkn.org\/bizkaia-hezkuntza\/index.php?rest_route=%2Fwp%2Fv2%2Ftags&post=809"}],"curies":[{"name":"wp","href":"https:\/\/api.w.org\/{rel}","templated":true}]}}