{"id":746,"date":"2020-07-04T22:57:33","date_gmt":"2020-07-04T20:57:33","guid":{"rendered":"https:\/\/www.cgt-lkn.org\/bizkaia\/hezkuntza\/?p=746"},"modified":"2020-07-16T09:22:43","modified_gmt":"2020-07-16T07:22:43","slug":"baliabide-gehiago-eta-murrizketa-gutxiago","status":"publish","type":"post","link":"https:\/\/www.cgt-lkn.org\/bizkaia-hezkuntza\/?p=746","title":{"rendered":"BALIABIDE GEHIAGO ETA MURRIZKETA GUTXIAGO"},"content":{"rendered":"<p>Orain arte esandakoa berriro errepikatzen ez gara gehiegi luzatuko: COVID19 delako izurriteak agerian utzi ditu gure hezkuntza sistemak dituen gabezia sakonak eta arazo larriak zein Hezkuntza Sailaren eta Eusko Jaurlaritzaren kudeaketa negargarria eta benetako interesak.<\/p>\n<p>Hurrengo ikasturteari begira egoera kezkagarri honetan gobernuko alderdiek inposatzen ari diren baliabide murrizketen aurrean Hezkuntza Komunitate osoak (langileak, gurasoak zein ikasleak) protesta egiteko eta mobilizatzeko garaia da.<\/p>\n<p>M\u00c1S RECURSOS Y MENOS RECORTES<\/p>\n<p>No vamos a extendernos volviendo a repetir lo que ya hemos dicho una y otra vez: la pandemia del COVID19 ha dejado en evidencia las profundas carencias y los graves problemas de nuestro sistema educativo, as\u00ed como la penosa gesti\u00f3n del Departamento de Educaci\u00f3n y el Gobierno Vasco, y sus aut\u00e9nticos intereses.<\/p>\n<p>Ante el recorte de recursos que los partidos en el gobierno est\u00e1n imponiendo de cara al pr\u00f3ximo curso escolar, es el momento de que toda la Comunidad Educativa (trabajador@s, familias y alumnado) protestemos y nos movilicemos.<\/p>\n<p>Bilbon, 2020ko uztailaren 5an<\/p>\n<p><a href=\"https:\/\/www.cgt-lkn.org\/wp-content\/uploads\/sites\/19\/2020\/07\/NazkatutaX-CGT-CNT.jpg\"><img loading=\"lazy\" decoding=\"async\" class=\"aligncenter size-medium wp-image-747\" src=\"https:\/\/www.cgt-lkn.org\/wp-content\/uploads\/sites\/19\/2020\/07\/NazkatutaX-CGT-CNT-300x169.jpg\" alt=\"\" width=\"300\" height=\"169\" srcset=\"https:\/\/www.cgt-lkn.org\/bizkaia-hezkuntza\/wp-content\/uploads\/sites\/19\/2020\/07\/NazkatutaX-CGT-CNT-300x169.jpg 300w, https:\/\/www.cgt-lkn.org\/bizkaia-hezkuntza\/wp-content\/uploads\/sites\/19\/2020\/07\/NazkatutaX-CGT-CNT-150x85.jpg 150w, https:\/\/www.cgt-lkn.org\/bizkaia-hezkuntza\/wp-content\/uploads\/sites\/19\/2020\/07\/NazkatutaX-CGT-CNT-400x225.jpg 400w, https:\/\/www.cgt-lkn.org\/bizkaia-hezkuntza\/wp-content\/uploads\/sites\/19\/2020\/07\/NazkatutaX-CGT-CNT.jpg 600w\" sizes=\"auto, (max-width: 300px) 100vw, 300px\" \/><\/a><\/p>\n","protected":false},"excerpt":{"rendered":"<p>Orain arte esandakoa berriro errepikatzen ez gara gehiegi luzatuko: COVID19 delako izurriteak agerian utzi ditu gure hezkuntza sistemak dituen gabezia sakonak eta arazo larriak zein Hezkuntza Sailaren eta Eusko Jaurlaritzaren kudeaketa negargarria eta benetako interesak.<\/p>\n<p>No vamos a extendernos volviendo a repetir lo que ya hemos dicho una y otra vez: la pandemia del COVID19 ha dejado en evidencia las profundas carencias y los graves problemas de nuestro sistema educativo, as\u00ed como la penosa gesti\u00f3n del Departamento de Educaci\u00f3n y el Gobierno Vasco, y sus aut\u00e9nticos intereses.<\/p>\n","protected":false},"author":178,"featured_media":747,"comment_status":"closed","ping_status":"open","sticky":false,"template":"","format":"standard","meta":{"footnotes":"","_links_to":"","_links_to_target":""},"categories":[22,33,23,26],"tags":[28,30,37,47],"class_list":["post-746","post","type-post","status-publish","format-standard","has-post-thumbnail","hentry","category-castellano","category-covid-19","category-euskera","category-comunicados","tag-covid-19","tag-irakasleak","tag-komunikatua","tag-recortes"],"publishpress_future_action":{"enabled":false,"date":"2026-05-07 02:36:53","action":"change-status","newStatus":"draft","terms":[],"taxonomy":"category","extraData":[]},"publishpress_future_workflow_manual_trigger":{"enabledWorkflows":[]},"_links":{"self":[{"href":"https:\/\/www.cgt-lkn.org\/bizkaia-hezkuntza\/index.php?rest_route=\/wp\/v2\/posts\/746","targetHints":{"allow":["GET"]}}],"collection":[{"href":"https:\/\/www.cgt-lkn.org\/bizkaia-hezkuntza\/index.php?rest_route=\/wp\/v2\/posts"}],"about":[{"href":"https:\/\/www.cgt-lkn.org\/bizkaia-hezkuntza\/index.php?rest_route=\/wp\/v2\/types\/post"}],"author":[{"embeddable":true,"href":"https:\/\/www.cgt-lkn.org\/bizkaia-hezkuntza\/index.php?rest_route=\/wp\/v2\/users\/178"}],"replies":[{"embeddable":true,"href":"https:\/\/www.cgt-lkn.org\/bizkaia-hezkuntza\/index.php?rest_route=%2Fwp%2Fv2%2Fcomments&post=746"}],"version-history":[{"count":1,"href":"https:\/\/www.cgt-lkn.org\/bizkaia-hezkuntza\/index.php?rest_route=\/wp\/v2\/posts\/746\/revisions"}],"predecessor-version":[{"id":748,"href":"https:\/\/www.cgt-lkn.org\/bizkaia-hezkuntza\/index.php?rest_route=\/wp\/v2\/posts\/746\/revisions\/748"}],"wp:featuredmedia":[{"embeddable":true,"href":"https:\/\/www.cgt-lkn.org\/bizkaia-hezkuntza\/index.php?rest_route=\/wp\/v2\/media\/747"}],"wp:attachment":[{"href":"https:\/\/www.cgt-lkn.org\/bizkaia-hezkuntza\/index.php?rest_route=%2Fwp%2Fv2%2Fmedia&parent=746"}],"wp:term":[{"taxonomy":"category","embeddable":true,"href":"https:\/\/www.cgt-lkn.org\/bizkaia-hezkuntza\/index.php?rest_route=%2Fwp%2Fv2%2Fcategories&post=746"},{"taxonomy":"post_tag","embeddable":true,"href":"https:\/\/www.cgt-lkn.org\/bizkaia-hezkuntza\/index.php?rest_route=%2Fwp%2Fv2%2Ftags&post=746"}],"curies":[{"name":"wp","href":"https:\/\/api.w.org\/{rel}","templated":true}]}}