{"id":727,"date":"2020-06-29T09:07:09","date_gmt":"2020-06-29T07:07:09","guid":{"rendered":"https:\/\/www.cgt-lkn.org\/bizkaia\/hezkuntza\/?p=727"},"modified":"2020-07-16T09:22:51","modified_gmt":"2020-07-16T07:22:51","slug":"el-tribunal-supremo-obliga-a-pagar-tambien-en-vacaciones-el-salario-real-a-las-personas-con-contrato-a-tiempo-parcial-la-sentencia","status":"publish","type":"post","link":"https:\/\/www.cgt-lkn.org\/bizkaia-hezkuntza\/?p=727","title":{"rendered":"El Tribunal Supremo obliga a pagar tambi\u00e9n en vacaciones el salario real a las personas con contrato a tiempo parcial La Sentencia"},"content":{"rendered":"<p>La Confederaci\u00f3n General del Trabajo (CGT) ha ganado el pulso en materia de no discriminaci\u00f3n entre personas trabajadoras a tiempo completo y personas trabajadoras a tiempo parcial obligando a que la retribuci\u00f3n de las vacaciones no est\u00e9 condicionada por la jornada que realicen en el momento del disfrute de las mismas,<strong>\u00a0garantizando<\/strong>\u00a0en todo caso\u00a0<strong>la retribuci\u00f3n<\/strong>\u00a0ordinaria o\u00a0<strong>habitual percibida a lo largo del a\u00f1o<\/strong>. La Sala de lo Social de la Audiencia Nacional hab\u00eda desestimado la demanda interpuesta en solitario por CGT que solicitaba el derecho de los trabajadores\/as percibir la retribuci\u00f3n de las vacaciones computando las ampliaciones de jornada realizadas durante todo el a\u00f1o.\u00a0<strong>CGT<\/strong>, que interpuso recurso de casaci\u00f3n ante el Tribunal Supremo fundament\u00e1ndose en la vulneraci\u00f3n del art\u00edculo 7.1 del Convenio 132 OIT, de la Directiva 2003\/88 y de la STJUE de 22 de julio de 2014, finalmente<strong>\u00a0ha ganado la batalla, pese a que la Fiscal\u00eda del Tribunal Supremo hab\u00eda informado en contra de nuestras pretensiones.<\/strong><\/p>\n<p>Tras dos a\u00f1os de litigio, la Sentencia de la Sala de lo Social del Tribunal Supremo de 22 de mayo de 2020 declara el derecho de los trabajadores\/as a que se\u00a0<strong>retribuyan las vacaciones teniendo en cuenta las ampliaciones de jornada que se realicen a lo largo del a\u00f1o<\/strong>, aunque no subsistan en la fecha del disfrute vacacional, de forma que se promedie el salario percibido en los once meses correspondientes a la anualidad de cada per\u00edodo vacacional retribuido.<\/p>\n<p>Esta sentencia de Conflicto Colectivo, frente a la empresa de Telemarketing Transcom Worldwide Spain, empresa con m\u00e1s de 40.000 personas dadas de alta, la mayor\u00eda mujeres a tiempo parcial con salarios que no llegan a salario m\u00ednimo, es un paso tambi\u00e9n en materia de igualdad, dado que en un sector tan precario y feminizado como este quien m\u00e1s sufre estas injusticas son las mujeres.<\/p>\n<p>A partir de ahora, en todos aquellos supuestos similares, la CGT ser\u00e1 inflexible y denunciar\u00e1 o por discriminaci\u00f3n a las personas contratadas a tiempo parcial y por discriminaci\u00f3n indirecta por raz\u00f3n de sexo. Adem\u00e1s, esta sentencia, pese a analizar la situaci\u00f3n de una empresa con concreta, abre un camino important\u00edsimo para un campo de aplicaci\u00f3n mucho mayor, ya que los fundamentos de derecho de que se sirve son comunes a otras actividades productivas. Desde hoy mismo las secciones sindicales de esta organizaci\u00f3n anarcosindicalista exigiremos que se aplique esta sentencia en el resto de las empresas y sectores.<\/p>\n<p><a href=\"https:\/\/www.cgt-telemarketing.es\/docattach\/1153\/sentencia_ts_transcom_vacaciones_(2).pdf\" target=\"_blank\" rel=\"noopener noreferrer\">Sentencia<\/a><\/p>\n<p>&nbsp;<\/p>\n<p><a href=\"https:\/\/www.cgt-lkn.org\/afiliar\/public\/#!\/\" target=\"_blank\" rel=\"noopener noreferrer\">Af\u00edliate<\/a><\/p>\n","protected":false},"excerpt":{"rendered":"<p>Sentencia del Tribunal Supremo que da la raz\u00f3n a CGT, reconociendo el\u00a0<strong>derecho a cobrar en vacaciones conforme al promedio del salario recibido<\/strong>\u00a0en los once meses del a\u00f1o correspondiente a esas vacaciones, t<strong>eniendo as\u00ed en cuenta las ampliaciones de jornada<\/strong>\u00a0que se hayan podido tener, aunque en el momento de las vacaciones no se est\u00e9 en ampliaci\u00f3n de jornada<\/p>\n","protected":false},"author":178,"featured_media":479,"comment_status":"closed","ping_status":"open","sticky":false,"template":"","format":"standard","meta":{"footnotes":"","_links_to":"","_links_to_target":""},"categories":[22,26],"tags":[57,37,55,56],"class_list":["post-727","post","type-post","status-publish","format-standard","has-post-thumbnail","hentry","category-castellano","category-comunicados","tag-jornada","tag-komunikatua","tag-sentencia","tag-vacaciones"],"publishpress_future_action":{"enabled":false,"date":"2026-05-07 03:55:39","action":"change-status","newStatus":"draft","terms":[],"taxonomy":"category","extraData":[]},"publishpress_future_workflow_manual_trigger":{"enabledWorkflows":[]},"_links":{"self":[{"href":"https:\/\/www.cgt-lkn.org\/bizkaia-hezkuntza\/index.php?rest_route=\/wp\/v2\/posts\/727","targetHints":{"allow":["GET"]}}],"collection":[{"href":"https:\/\/www.cgt-lkn.org\/bizkaia-hezkuntza\/index.php?rest_route=\/wp\/v2\/posts"}],"about":[{"href":"https:\/\/www.cgt-lkn.org\/bizkaia-hezkuntza\/index.php?rest_route=\/wp\/v2\/types\/post"}],"author":[{"embeddable":true,"href":"https:\/\/www.cgt-lkn.org\/bizkaia-hezkuntza\/index.php?rest_route=\/wp\/v2\/users\/178"}],"replies":[{"embeddable":true,"href":"https:\/\/www.cgt-lkn.org\/bizkaia-hezkuntza\/index.php?rest_route=%2Fwp%2Fv2%2Fcomments&post=727"}],"version-history":[{"count":1,"href":"https:\/\/www.cgt-lkn.org\/bizkaia-hezkuntza\/index.php?rest_route=\/wp\/v2\/posts\/727\/revisions"}],"predecessor-version":[{"id":728,"href":"https:\/\/www.cgt-lkn.org\/bizkaia-hezkuntza\/index.php?rest_route=\/wp\/v2\/posts\/727\/revisions\/728"}],"wp:featuredmedia":[{"embeddable":true,"href":"https:\/\/www.cgt-lkn.org\/bizkaia-hezkuntza\/index.php?rest_route=\/wp\/v2\/media\/479"}],"wp:attachment":[{"href":"https:\/\/www.cgt-lkn.org\/bizkaia-hezkuntza\/index.php?rest_route=%2Fwp%2Fv2%2Fmedia&parent=727"}],"wp:term":[{"taxonomy":"category","embeddable":true,"href":"https:\/\/www.cgt-lkn.org\/bizkaia-hezkuntza\/index.php?rest_route=%2Fwp%2Fv2%2Fcategories&post=727"},{"taxonomy":"post_tag","embeddable":true,"href":"https:\/\/www.cgt-lkn.org\/bizkaia-hezkuntza\/index.php?rest_route=%2Fwp%2Fv2%2Ftags&post=727"}],"curies":[{"name":"wp","href":"https:\/\/api.w.org\/{rel}","templated":true}]}}