{"id":689,"date":"2020-06-08T21:58:48","date_gmt":"2020-06-08T19:58:48","guid":{"rendered":"https:\/\/www.cgt-lkn.org\/bizkaia\/hezkuntza\/?p=689"},"modified":"2020-06-08T22:01:50","modified_gmt":"2020-06-08T20:01:50","slug":"vacunate-afiliate-a-la-cgt","status":"publish","type":"post","link":"https:\/\/www.cgt-lkn.org\/bizkaia-hezkuntza\/?p=689","title":{"rendered":"Vac\u00fanate, af\u00edliate a la CGT"},"content":{"rendered":"<p><iframe loading=\"lazy\" title=\"Vac\u00fanate\" width=\"700\" height=\"394\" src=\"https:\/\/www.youtube.com\/embed\/0_7bZchOsF8?feature=oembed\" frameborder=\"0\" allow=\"accelerometer; autoplay; clipboard-write; encrypted-media; gyroscope; picture-in-picture\" allowfullscreen><\/iframe><\/p>\n<p>&nbsp;<\/p>\n<p>&nbsp;<\/p>\n<p><a href=\"https:\/\/www.cgt-lkn.org\/afiliar\/public\/#!\/\" target=\"_blank\" rel=\"noopener noreferrer\">AFILIACION ONLINE<\/a><\/p>\n<p>&nbsp;<\/p>\n<p>Y a veces no, pero que vuelven: ERTE, traiciones, ERE\u2026 Ante todo eso s\u00f3lo hay una vacuna posible. La calle, la uni\u00f3n, la lucha, \u00e9sa es la \u00fanica cura para no quedarnos definitivamente m\u00e1s solas, m\u00e1s aisladas, m\u00e1s vulnerables y m\u00e1s d\u00e9biles. La CGT es un sindicato asambleario, donde todos y todas deciden. \u00c9sa la vacuna de la que te hablamos en estas p\u00e1ginas.<\/p>\n<h2>\u00bfQui\u00e9nes somos?<\/h2>\n<p>Somos una organizaci\u00f3n de personas que tratan de cambiar una sociedad que no les gusta por desigual, injusta, autoritaria e irracional.\u00a0Para ello trabajamos en muy diversos campos de lo cotidiano, desde lo sindical a todo lo que tenga que ver con lo social, luchando por reparar a cada instante las injusticias que nos rodean.<\/p>\n<p>Somos conscientes de la dificultad de un cambio radical del estado de las cosas, pero nos aprestamos a ello en la confianza de que esa lucha mejora en lo inmediato nuestras condiciones de vida y forma a cuantos participan en ella en un esp\u00edritu diferente, rebelde y transformador de cuanto sufrimos y de cuanto no creemos justo.<\/p>\n<p>Nuestro elemento diferenciador es la autonom\u00eda.\u00a0La autonom\u00eda no es otra cosa que pensar y actuar conforme al criterio de que s\u00f3lo actuando conjuntamente y con independencia absoluta, las trabajadoras y los trabajadores, y quienes se sientan explotados, podremos lograr algo.<\/p>\n<p>Se dec\u00eda que la emancipaci\u00f3n de los y las trabajadoras ser\u00eda obra suya o que, de lo contrario, no ser\u00eda.<\/p>\n<p>Estamos por tanto al margen de partidos, poderes y doctrinas distintas de las que nos hemos dotado.\u00a0\u00a0Cuanto hacemos responde a la suma de esp\u00edritus particulares de cada persona, y no a mandatos, imperativos estrategias ajenas.<\/p>\n<h2>\u00bfC\u00f3mo nos organizamos?<\/h2>\n<p>La organizaci\u00f3n de abajo hacia arriba, el federalismo, es lo que nos caracteriza. En el terreno sindical diversos niveles act\u00faan con total autonom\u00eda y se coordinan entre s\u00ed para ser m\u00e1s eficaces.<\/p>\n<p>Las afiliadas y afiliados se organizan primero en su sindicato, que constituye el n\u00facleo b\u00e1sico y soberano de la organizaci\u00f3n. Dentro del sindicato se forman las secciones sindicales que agrupan a la afiliaci\u00f3n de una empresa o sector.<\/p>\n<p>Los sindicatos de la misma localidad constituyen la Federaci\u00f3n de ese lugar. Las Federaciones Locales de cada territorio forman las Confederaciones Territoriales (Andaluc\u00eda, Castilla y Le\u00f3n, etc.).<\/p>\n<p>Las Confederaciones Territoriales y las Federaciones de Rama de los distintos sindicatos (Transportes y Comunicaciones, Sanidad, Ense\u00f1anza, Administraci\u00f3n P\u00fablica\u2026) junto con el Secretariado Permanente conforman el Comit\u00e9 de\u00a0<strong>CGT<\/strong>, m\u00e1ximo \u00f3rgano de gesti\u00f3n entre Congresos.\u00a0Es una organizaci\u00f3n que desde el n\u00facleo original del sindicato se estructura en dos niveles: territorial y profesional.<\/p>\n<h2>\u00bfCu\u00e1l es el escenario de la lucha por cambiar las cosas?<\/h2>\n<p>En realidad lo es todo. All\u00ed donde hay una injusticia hay que intervenir. Gustamos de decir que\u00a0\u00absomos m\u00e1s que un sindicato\u00bb.<\/p>\n<p>Somos una organizaci\u00f3n que act\u00faa en el mundo del trabajo, pero ni todos los problemas est\u00e1n s\u00f3lo en ese mundo, ni s\u00f3lo los cl\u00e1sicos trabajadores y trabajadoras -si eso existe ya- tienen un sitio entre nosotras.<\/p>\n<p>Sindicalistas, feministas, antiautoritarias, antirracistas, antifascistas, opositoras del sexismo, ecologistas\u2026 cada cual en su papel, sin \u00abespecializaciones revolucionarias\u00bb, conscientes de que la labor transformadora est\u00e1 en todas partes.<\/p>\n<p><strong>Las caracter\u00edsticas de nuestra actuaci\u00f3n en la pr\u00e1ctica se basan en conceptos sencillos<\/strong>:<\/p>\n<p><strong>PARTICIPACI\u00d3N<\/strong>\u00a0en todo lo que nos afecta, tanto en las decisiones (Asambleas) como en las responsabilidades de coordinaci\u00f3n.<\/p>\n<p><strong>\u00c9TICA<\/strong>\u00a0en la gesti\u00f3n de los medios que se consiguen (horas, liberadas\u2026).<\/p>\n<p><strong>TRANSPARENCIA<\/strong>\u00a0en todas las negociaciones, en las cuentas, en las informaciones a las que tenemos acceso.<\/p>\n<p><strong>SOLIDARIDAD<\/strong>\u00a0(Apoyo Mutuo). Es nuestra fuerza. Lo que le hacen a una de nosotras nos lo hacen a\u00a0todas.<\/p>\n<p><strong>ACTITUD MOVILIZADORA<\/strong>\u00a0(Acci\u00f3n Directa), porque a la clase trabajadora nunca le han regalado nada. Todos los avances conseguidos han sido fruto de la presi\u00f3n colectiva. Con estas pocas l\u00edneas no se pretend\u00eda -ni se consigue- sino un primer acercamiento a la CGT.<\/p>\n<p>Las definiciones suelen servir de bien poco, y por eso no nos alargamos m\u00e1s. Por encima de lo que digamos de nosotros y nosotras mismas, somos lo que somos, lo que viene a decir que\u00a0la CGT no es m\u00e1s que la suma de \u00e9ste, de aqu\u00e9lla, del otro\u2026 y de ti misma, si te animas.<\/p>\n<h2>El tiempo que vivimos (Ep\u00edlogo)<\/h2>\n<p>Vivimos una sociedad cada vez m\u00e1s rica y cada d\u00eda con un mayor n\u00famero de personas empobrecidas. Cada d\u00eda hay m\u00e1s posibilidades reales de mejorar la vida de la mayor\u00eda, pero en realidad, cada d\u00eda es m\u00e1s amenazante con nuestras condiciones de vida.<\/p>\n<p>Se ha impuesto un discurso -ese que llamamos neoliberal-\u00a0 que establece la productividad y la ganancia como \u00fanicas razones, despreciando las conquistas sociales la necesidad de proporcionar unos m\u00ednimos vitales para la gente\u2026<\/p>\n<p>La fr\u00eda l\u00f3gica econ\u00f3mica se ha comido lo social. Ah\u00ed tenemos la pol\u00edtica de privatizaci\u00f3n y subcontrataci\u00f3n de empresas y servicios p\u00fablicos, los recortes sucesivos a las prestaciones por desempleo, la disminuci\u00f3n y privatizaci\u00f3n del sistema de pensiones o el retroceso y depreciaci\u00f3n de la sanidad la escuela p\u00fablica.<\/p>\n<p>Por desgracia, el sindicalismo no es ajeno a todo ello. Las reformas laborales o el acuerdo para la modificaci\u00f3n del sistema de pensiones dejan bien a las claras c\u00f3mo nuestro sindicalismo oficial, el de CCOO y UGT, est\u00e1 dispuesto a aceptar todo lo que le pongan delante y a tener por \u00fanico horizonte gestionar las migajas que le deja Don Dinero.<\/p>\n<p>Nada de movilizar a las trabajadoras, nada de hacer valer su fuerza social.\u00a0 Y si acaso se les moviliza, resultan ser unos fuegos artificiales para\u00a0justificarse y aqu\u00ed paz y despu\u00e9s\u2026\u00a0 congelaci\u00f3n salarial.<\/p>\n<p>Desde luego que hay otra manera de hacer las cosas, y a ella te invitamos a sumarte. Hay que hacerse valer, demostrar la fuerza que tenemos. Hay que responder a la pol\u00edtica neoliberal que nos domina. Pero hay que hacerlo no en los discursos ni en las fotos, sino en la movilizaci\u00f3n de fuerzas que nos disponga en mejores condiciones ante la negociaci\u00f3n. Hay que recuperar la solidaridad social, esa voz que siempre nos ha dicho que tenemos que ver en todos aquellos asuntos donde se litiga el bienestar de la mayor\u00eda. Que no hay pleitos propios y ajenos, que lo m\u00edo no acaba en las cuatro paredes de mi empresa. Que la lucha de all\u00ed es mi lucha, que las pensiones son tambi\u00e9n de la juventud, que la lucha contra el paro o la precariedad lo es tambi\u00e9n de la gente que tiene un trabajo m\u00e1s o menos estable.<\/p>\n<p>En esas estamos y a esas te invitamos. CGT no te propone la comodidad de tener la vida arreglada a cambio de una cuota y un carnet. Nuestra oferta se limita a presentarte un espacio sindical y social desde el que defender tus derechos en compa\u00f1\u00eda y apoyo de otras como t\u00fa. Nada m\u00e1s que eso. Y todo eso.<\/p>\n<p><a href=\"https:\/\/www.cgt-lkn.org\/afiliar\/public\/#!\/\" target=\"_blank\" rel=\"noopener noreferrer\">AFILIACION ONLINE<\/a><\/p>\n","protected":false},"excerpt":{"rendered":"<p>Desigualdad, precariedad, corrupci\u00f3n, crisis-estafa\u2026 La sociedad est\u00e1 enferma, llena de virus y tambi\u00e9n de tragedia, feminicidios, mordazas, CIE\u2026 Virus que llevan mucho m\u00e1s tiempo y que vinieron para quedarse. Virus que aparecen seguidos a veces: deuda, despido, desahucio\u2026<\/p>\n","protected":false},"author":178,"featured_media":692,"comment_status":"closed","ping_status":"open","sticky":false,"template":"","format":"standard","meta":{"footnotes":"","_links_to":"","_links_to_target":""},"categories":[22],"tags":[],"class_list":["post-689","post","type-post","status-publish","format-standard","has-post-thumbnail","hentry","category-castellano"],"publishpress_future_action":{"enabled":false,"date":"2026-05-07 03:43:41","action":"change-status","newStatus":"draft","terms":[],"taxonomy":"category","extraData":[]},"publishpress_future_workflow_manual_trigger":{"enabledWorkflows":[]},"_links":{"self":[{"href":"https:\/\/www.cgt-lkn.org\/bizkaia-hezkuntza\/index.php?rest_route=\/wp\/v2\/posts\/689","targetHints":{"allow":["GET"]}}],"collection":[{"href":"https:\/\/www.cgt-lkn.org\/bizkaia-hezkuntza\/index.php?rest_route=\/wp\/v2\/posts"}],"about":[{"href":"https:\/\/www.cgt-lkn.org\/bizkaia-hezkuntza\/index.php?rest_route=\/wp\/v2\/types\/post"}],"author":[{"embeddable":true,"href":"https:\/\/www.cgt-lkn.org\/bizkaia-hezkuntza\/index.php?rest_route=\/wp\/v2\/users\/178"}],"replies":[{"embeddable":true,"href":"https:\/\/www.cgt-lkn.org\/bizkaia-hezkuntza\/index.php?rest_route=%2Fwp%2Fv2%2Fcomments&post=689"}],"version-history":[{"count":2,"href":"https:\/\/www.cgt-lkn.org\/bizkaia-hezkuntza\/index.php?rest_route=\/wp\/v2\/posts\/689\/revisions"}],"predecessor-version":[{"id":691,"href":"https:\/\/www.cgt-lkn.org\/bizkaia-hezkuntza\/index.php?rest_route=\/wp\/v2\/posts\/689\/revisions\/691"}],"wp:featuredmedia":[{"embeddable":true,"href":"https:\/\/www.cgt-lkn.org\/bizkaia-hezkuntza\/index.php?rest_route=\/wp\/v2\/media\/692"}],"wp:attachment":[{"href":"https:\/\/www.cgt-lkn.org\/bizkaia-hezkuntza\/index.php?rest_route=%2Fwp%2Fv2%2Fmedia&parent=689"}],"wp:term":[{"taxonomy":"category","embeddable":true,"href":"https:\/\/www.cgt-lkn.org\/bizkaia-hezkuntza\/index.php?rest_route=%2Fwp%2Fv2%2Fcategories&post=689"},{"taxonomy":"post_tag","embeddable":true,"href":"https:\/\/www.cgt-lkn.org\/bizkaia-hezkuntza\/index.php?rest_route=%2Fwp%2Fv2%2Ftags&post=689"}],"curies":[{"name":"wp","href":"https:\/\/api.w.org\/{rel}","templated":true}]}}