{"id":622,"date":"2020-05-13T11:41:54","date_gmt":"2020-05-13T09:41:54","guid":{"rendered":"http:\/\/www.cgt-lkn.org\/bizkaia\/hezkuntza\/?p=622"},"modified":"2020-05-13T11:41:54","modified_gmt":"2020-05-13T09:41:54","slug":"comunicado-gestion-del-departamento-de-educacion-covid-19","status":"publish","type":"post","link":"https:\/\/www.cgt-lkn.org\/bizkaia-hezkuntza\/?p=622","title":{"rendered":"Comunicado: Gesti\u00f3n del departamento de Educaci\u00f3n covid-19"},"content":{"rendered":"<p>A pesar de que somos muy critic@s con la gesti\u00f3n que ha desarrollado el Departamento de Educaci\u00f3n desde el inicio de la crisis del COVID19, sin contar para nada con l@s agentes y miembr@s de la comunidad educativa, consideramos positivo el cambio de rumbo adoptado a \u00faltima hora.<\/p>\n<p>En principio nosotr@s estamos en contra de la reapertura de los centros escolares en este curso, debido a que las instalaciones actualmente no cumplen las m\u00ednimas condiciones sanitarias y de seguridad que requiere esta situaci\u00f3n, porque no existen planes ni protocolos de actuaci\u00f3n adecuados y si existieran no contamos con los recursos necesarios para implementarlos (mascarillas y guantes, term\u00f3metros, personal sanitario en los centros, ba\u00f1os y espacios comunes adaptados, equipos de limpieza suficientes y adecuados para una desinfecci\u00f3n continuada, etc.), porque ya est\u00e1n en marcha las planificaciones para continuar con los procesos educativos de forma no presencial hasta el fin de curso, estas se est\u00e1n desarrollando de manera \u00f3ptima, y porque tanto el alumnado, las familias y el profesorado han realizado un esfuerzo inmenso para adaptarse a ellas.<\/p>\n<p>&nbsp;<\/p>\n<p>Eso si, consideramos imprescindible que de cara a afrontar con garant\u00edas estos nuevos retos el pr\u00f3ximo curso escolar, es necesario empezar\u00a0 a prever desde ya todas las adaptaciones y reformas necesarias as\u00ed como empezar a preparar los planes, protocolos y presupuestos necesarios para llevarlas a cabo.<\/p>\n<p>Siempre estaremos a favor de la autonom\u00eda de los centros y los equipos docentes! La direcci\u00f3n de cada centro, junto a l@s trabajador@s, familias y alumnado que conforman la comunidad educativa, son los que conocen mejor que nadie las caracter\u00edsticas espec\u00edficas de su centro y los recursos, condiciones y plazos necesarios para su adaptaci\u00f3n a las nuevas condiciones impuestas por crisis como la actual.<\/p>\n<p>Pero dado el alto riesgo de contagio que actualmente amenaza la salud y la seguridad de l@s alumn@s y trabajador@s consideramos que hay que evitar la actividad presencial o al menos reducirla al m\u00ednimo imprescindible: realizaci\u00f3n de actividades de refuerzo, recuperaci\u00f3n o evaluaci\u00f3n que no se puedan realizar de otra manera, recogida de libros u otros materiales o la atenci\u00f3n a alumn@s sin ordenador o recursos digitales por ejemplo.<\/p>\n<p>&nbsp;<\/p>\n<p>En Bilbao, a 12 de mayo de 2020<\/p>\n","protected":false},"excerpt":{"rendered":"<p>Consideramos imprescindible que de cara a afrontar con garant\u00edas estos nuevos retos el pr\u00f3ximo curso escolar, es necesario empezar\u00a0 a prever desde ya todas las adaptaciones y reformas necesarias as\u00ed como empezar a preparar los planes, protocolos y presupuestos necesarios para llevarlas a cabo.<\/p>\n","protected":false},"author":178,"featured_media":589,"comment_status":"closed","ping_status":"open","sticky":false,"template":"","format":"standard","meta":{"footnotes":"","_links_to":"","_links_to_target":""},"categories":[22,33,26,24],"tags":[38,28,30,39],"class_list":["post-622","post","type-post","status-publish","format-standard","has-post-thumbnail","hentry","category-castellano","category-covid-19","category-comunicados","category-osasuna","tag-comunicado","tag-covid-19","tag-irakasleak","tag-salud"],"publishpress_future_action":{"enabled":false,"date":"2026-05-07 03:35:16","action":"change-status","newStatus":"draft","terms":[],"taxonomy":"category","extraData":[]},"publishpress_future_workflow_manual_trigger":{"enabledWorkflows":[]},"_links":{"self":[{"href":"https:\/\/www.cgt-lkn.org\/bizkaia-hezkuntza\/index.php?rest_route=\/wp\/v2\/posts\/622","targetHints":{"allow":["GET"]}}],"collection":[{"href":"https:\/\/www.cgt-lkn.org\/bizkaia-hezkuntza\/index.php?rest_route=\/wp\/v2\/posts"}],"about":[{"href":"https:\/\/www.cgt-lkn.org\/bizkaia-hezkuntza\/index.php?rest_route=\/wp\/v2\/types\/post"}],"author":[{"embeddable":true,"href":"https:\/\/www.cgt-lkn.org\/bizkaia-hezkuntza\/index.php?rest_route=\/wp\/v2\/users\/178"}],"replies":[{"embeddable":true,"href":"https:\/\/www.cgt-lkn.org\/bizkaia-hezkuntza\/index.php?rest_route=%2Fwp%2Fv2%2Fcomments&post=622"}],"version-history":[{"count":1,"href":"https:\/\/www.cgt-lkn.org\/bizkaia-hezkuntza\/index.php?rest_route=\/wp\/v2\/posts\/622\/revisions"}],"predecessor-version":[{"id":623,"href":"https:\/\/www.cgt-lkn.org\/bizkaia-hezkuntza\/index.php?rest_route=\/wp\/v2\/posts\/622\/revisions\/623"}],"wp:featuredmedia":[{"embeddable":true,"href":"https:\/\/www.cgt-lkn.org\/bizkaia-hezkuntza\/index.php?rest_route=\/wp\/v2\/media\/589"}],"wp:attachment":[{"href":"https:\/\/www.cgt-lkn.org\/bizkaia-hezkuntza\/index.php?rest_route=%2Fwp%2Fv2%2Fmedia&parent=622"}],"wp:term":[{"taxonomy":"category","embeddable":true,"href":"https:\/\/www.cgt-lkn.org\/bizkaia-hezkuntza\/index.php?rest_route=%2Fwp%2Fv2%2Fcategories&post=622"},{"taxonomy":"post_tag","embeddable":true,"href":"https:\/\/www.cgt-lkn.org\/bizkaia-hezkuntza\/index.php?rest_route=%2Fwp%2Fv2%2Ftags&post=622"}],"curies":[{"name":"wp","href":"https:\/\/api.w.org\/{rel}","templated":true}]}}