{"id":612,"date":"2020-05-11T20:28:50","date_gmt":"2020-05-11T18:28:50","guid":{"rendered":"http:\/\/www.cgt-lkn.org\/bizkaia\/hezkuntza\/?p=612"},"modified":"2020-07-16T09:23:11","modified_gmt":"2020-07-16T07:23:11","slug":"cgt-lkn-sindikatutik-covid19-delako-izurritearen-aurrean-e-a-e-ko-hezkuntza-sailak-egin-duen-kudeaketaren-aurrean-zuokin-gogoeta-eta-hausnarketa-batzuk-partekatu-nahi-ditugu-2","status":"publish","type":"post","link":"https:\/\/www.cgt-lkn.org\/bizkaia-hezkuntza\/?p=612","title":{"rendered":"La gesti\u00f3n que ha hecho el Departamento de Educaci\u00f3n frente a la pandemia del COVID19 CGT-LKN sindikatutik COVID19 delako izurritearen aurrean E.A.E.ko Hezkuntza Sailak egin duen kudeaketaren aurrean zuokin gogoeta eta hausnarketa batzuk partekatu nahi ditugu."},"content":{"rendered":"<p>Desde el sindicato CGT-LKN queremos compartir con vosotr@s una serie de pensamientos y reflexiones en relaci\u00f3n a la gesti\u00f3n que ha hecho el Departamento de Educaci\u00f3n frente a la pandemia del COVID19<\/p>\n<p>En relaci\u00f3n con el cierre de los centros:<\/p>\n<p>La decisi\u00f3n de cerrar los centros educativos despu\u00e9s de lo que se ve\u00eda venir en Madrid, y en lo que se refiere a nuestro \u00e1mbito, en Vitoria y Balmaseda, lleg\u00f3 TARDE; tenemos la sospecha bastante fundada de que se esper\u00f3 a cerrar todo lo concerniente a la segunda evaluaci\u00f3n de la ESO (hasta justo despu\u00e9s de que se hicieron las reuniones de evaluaci\u00f3n, confeccionar calificaciones, corregir actas y repartir boletines).<\/p>\n<p>El cierre en s\u00ed fue IMPROVISADO e IRRESPONSABLE. Por un lado, debido a que se envi\u00f3 a tod@s l@s alumn@s a casa sin adoptar medidas para responder \u00a0a las graves problematicas que eso creaba a las personas que ten\u00edan que ocuparse de su cuidado (entre ell@s\u00a0 much@s trabajador@s del propio sistema educativo), poniendo en cuesti\u00f3n el garantizar el cuidado adecuado de es@s menores. Por otro lado, haber obligado a l@s trbajador@s de Educaci\u00f3n a acudir a los centros educativos clausurados, adem\u00e1s exponerl@s al contagio, les supuso muchas dificultades para conciliar con el cuidado de sus hijos e hijas.<a href=\"https:\/\/www.cgt-lkn.org\/wp-content\/uploads\/sites\/19\/2020\/05\/Langileon-eta-ikasleon-osasunarekin-jolasean.png\"><img loading=\"lazy\" decoding=\"async\" class=\"size-medium wp-image-578 alignright\" src=\"https:\/\/www.cgt-lkn.org\/wp-content\/uploads\/sites\/19\/2020\/05\/Langileon-eta-ikasleon-osasunarekin-jolasean-300x202.png\" alt=\"\" width=\"300\" height=\"202\" srcset=\"https:\/\/www.cgt-lkn.org\/bizkaia-hezkuntza\/wp-content\/uploads\/sites\/19\/2020\/05\/Langileon-eta-ikasleon-osasunarekin-jolasean-300x202.png 300w, https:\/\/www.cgt-lkn.org\/bizkaia-hezkuntza\/wp-content\/uploads\/sites\/19\/2020\/05\/Langileon-eta-ikasleon-osasunarekin-jolasean-150x101.png 150w, https:\/\/www.cgt-lkn.org\/bizkaia-hezkuntza\/wp-content\/uploads\/sites\/19\/2020\/05\/Langileon-eta-ikasleon-osasunarekin-jolasean-400x269.png 400w, https:\/\/www.cgt-lkn.org\/bizkaia-hezkuntza\/wp-content\/uploads\/sites\/19\/2020\/05\/Langileon-eta-ikasleon-osasunarekin-jolasean.png 600w\" sizes=\"auto, (max-width: 300px) 100vw, 300px\" \/><\/a><\/p>\n<p>Respecto a la organizaci\u00f3n del trabajo:<\/p>\n<p>La propia situaci\u00f3n y el Departamento de Educaci\u00f3n nos ha impuesto trabajar de forma on-line, pero el Departamento no ha ofrecido a l@s docentes material did\u00e1ctico ni herramientas tecnol\u00f3gicas adaptadas y adecuadas al complejo proceso de ense\u00f1anza-aprendizaje, oblig\u00e1ndonos a usar las herramientas comunes de las grandes multinacionales del sector y a adaptar nosotr@s mism@s tanto el material did\u00e1ctico como las metodolog\u00edas de trabajo (por no alargarnos en hablar del abandono inicial de l@s alumn@s con necesidades educativas especiales o aquell@s sin acceso a recursos inform\u00e1ticos). Desde el Departamento de Educaci\u00f3n no nos han indicado unas pautas comunes a seguir, y cuando lo han hecho estaban llenas de contradicciones.<\/p>\n<p>Con la digitalizaci\u00f3n el volumen de documentos, informes y plantillas a rellenar por los docentes se ha multiplicado de forma considerable, aumentando la carga de trabajo habitual.<\/p>\n<p>Desde el Departamento de Educaci\u00f3n apenas se han facilitado instrucciones pr\u00e1cticas relativas a la pr\u00e1ctica docente en s\u00ed, y cuando lo han hecho estaban plagadas de contradicciones y sinsentidos. Por poner un ejemplo se habla de flexibilidad y adaptabilidad, mientras a trav\u00e9s de la presi\u00f3n de la Inspecci\u00f3n Educativa se ha pretendido obligarnos a cumplir a rajatabla los horarios escolares ordinarios.<\/p>\n<p>No se ha tenido en cuenta en ning\u00fan momento la llamada \u201cBrecha digital\u201d, tanto en el caso de l@s alumn@s como el de l@s ense\u00f1antes; en muchos hogares se dispone de un solo ordenador y se tiene que compartir entre todos los miembros de la familia. Parecido pasa con l@s alumn@s que se encuentran en centros de acogida. O en la multitud de \u00a0hogares en los que no hay\u00a0 siquiera un\u00a0 ordenador o conexi\u00f3n a Internet&#8230;<\/p>\n<p>Ante esta situaci\u00f3n excepcional, es remarcable la falta de empat\u00eda y flexibilidad mostrada en relaci\u00f3n a las situaciones familiares y personales concretas del profesorado. No hemos escogido el teletrabajo, estamos encerrad@s en casa, trabajando y \u00a0ocupandonos del cuidado de personas mayores y menores a nuestro cargo.<\/p>\n<p>Y para m\u00e1s inri, las bajas que se han dado desde que se impuso el \u201cEstado de Alarma\u201d se han\u00a0 quedado sin cubrir hasta el d\u00eda 23 de abril (excepto las que ten\u00edan que ver con maternidad y jubilaci\u00f3n), para perjuicio de los equipos docentes, alumn@s y l@s trabajador@s que est\u00e1n en las listas de sustituciones. Y s\u00f3lo se han empezado a cubrir las bajas tras muchas\u00a0 denuncias y presi\u00f3n de docentes y sindicatos.<\/p>\n<p>M\u00e1s tarde, con mucho retraso y limit\u00e1ndose a copiar lo que\u00a0 los docentes ya habiamos puesto en pr\u00e1ctica, sin dialogar ni consultar nada a los miembros de la comunidad educativa, y lo que es m\u00e1s grave, usando como excusa la autonom\u00eda de los centros escolares para dejar todo el peso y la responsabilidad de desarrollar medidas pr\u00e1cticas en manos de los equipos directivos de los centros escolares, el Departamento de Educaci\u00f3n se saco de la manga un \u201cPlan de Educaci\u00f3n\u201d para regular el final del curso.<\/p>\n<p>Y ahora, de nuevo sin consultar con nadie, cuando todav\u00eda estamos <a href=\"blank\">inmers@s<\/a> en la crisis del COVID19, por motivos puramente econ\u00f3micos y propagand\u00edsticos, sin ninguna justificaci\u00f3n pedag\u00f3gica, para que <a href=\"blank\">l<\/a>as madres y padres puedan regresar al trabajo y dar una improvisada soluci\u00f3n al alumnado que finaliza un ciclo educativo, han impuesto la reapertura de los centros educativos en unas condiciones similares \u00fanicamente adoptando unas pocas medidas inconcretas.. . Sin reducir las ratios, sin reforzar las plantillas, sin dise\u00f1ar protocolos sanitarios o de seguridad, obligando a <a href=\"blank\">much@s<\/a> docentes a alternar el trabajo presencial y telem\u00e1tico, en edificios inadecuados, sin aclarar como se va a hacer para que\u00a0 <a href=\"blank\">l@s<\/a> adolescentes respeten las distancias y medidas de seguridad, etc. Nuestras razones para oponernos a la reapertura precipitada de los centros escolares no difiere de la manifestada estos d\u00edas por los equipos directivos de multitud de centros escolares de Euskadi.<\/p>\n<p>Pero, \u00bfqu\u00e9 pod\u00edamos esperar de los partidos de un gobierno que antepone la econom\u00eda y sus intereses electorales frente al bienestar y la salud de l@s ciudadan@s, y que basa su pol\u00edtica en el marketing, el negocio y los continuos recortes de los servicios p\u00fablicos? Solo gracias a, una vez m\u00e1s, la profesionalidad, esfuerzo y responsabilidad de los trabajadores y trabajadoras del sector p\u00fablico y al enorme esfuerzo de las familias podr\u00e1n esconder las consecuencias de una gesti\u00f3n lamentable de esta situaci\u00f3n.<\/p>\n<p>Secci\u00f3n sindical de trabajador@s de Educaci\u00f3n P\u00fablica,\u00a0 CGT-LKN de Bizkaia<\/p>\n<p>&nbsp;<\/p>\n<p>CGT-LKN sindikatutik COVID19 delako izurritearen aurrean E.A.E.ko Hezkuntza Sailak egin duen kudeaketaren aurrean zuokin gogoeta eta hausnarketa batzuk partekatu nahi ditugu.<\/p>\n<p>&nbsp;<\/p>\n<p>Ikastetxeen itxieraren inguruan:<\/p>\n<p><a href=\"https:\/\/www.cgt-lkn.org\/wp-content\/uploads\/sites\/19\/2020\/05\/IREKITZEARI-EZ-copia.jpg\"><img loading=\"lazy\" decoding=\"async\" class=\"size-medium wp-image-616 alignleft\" src=\"https:\/\/www.cgt-lkn.org\/wp-content\/uploads\/sites\/19\/2020\/05\/IREKITZEARI-EZ-copia-246x300.jpg\" alt=\"\" width=\"246\" height=\"300\" srcset=\"https:\/\/www.cgt-lkn.org\/bizkaia-hezkuntza\/wp-content\/uploads\/sites\/19\/2020\/05\/IREKITZEARI-EZ-copia-246x300.jpg 246w, https:\/\/www.cgt-lkn.org\/bizkaia-hezkuntza\/wp-content\/uploads\/sites\/19\/2020\/05\/IREKITZEARI-EZ-copia-123x150.jpg 123w, https:\/\/www.cgt-lkn.org\/bizkaia-hezkuntza\/wp-content\/uploads\/sites\/19\/2020\/05\/IREKITZEARI-EZ-copia-400x488.jpg 400w, https:\/\/www.cgt-lkn.org\/bizkaia-hezkuntza\/wp-content\/uploads\/sites\/19\/2020\/05\/IREKITZEARI-EZ-copia.jpg 600w\" sizes=\"auto, (max-width: 246px) 100vw, 246px\" \/><\/a><\/p>\n<p>Madrilen, eta geurera etorrita, Gasteizen eta Balmasedan gertatutakoaren aurrean Ikastetxeak ixteko erabakia BERANDU hartu zen; DBHko 2. Ebaluazioarekin lotutako eginbeharrak osatu arte itxaron zelaren susmo sendoa dugu (ebaluaketa bileren emaitza zein akta guztiak zuzendu eta bildu eta nota-buletinak banatu arte).<\/p>\n<p>Itxiera INPROBISATUA eta ARDURAGABEA izan zen. Batetik ikasle guztiak etxera bidali zirelako haien zaintzaz arduratu behar zutenei (hoien artean hezkuntzako langile asko) sortarazten zitzaizkien problematika larriei erantzuteko inolako neurririk kudeatu gabe eta ondorioz adingabeko hoien zaintza bermatzeko gaitasuna kolokan jarriz. Bestalde hezkuntzako langileoi itxitako\u00a0 ikastetxetara lan egitera behartu izana, langileak kutsatzeko arrisku larrian jartzeaz gain, haiei etxeratuta zituzten seme-alaben zaintza bermatzeko arazo larriak sortarazi zizkien.<\/p>\n<p>&nbsp;<\/p>\n<p>Lanaren antolaketaren inguruan:<\/p>\n<p>Egoerak berak eta Hezkuntza Sailak on-line lan egitea\u00a0 inposatu digu, baina Sailak hura behar bezela burutzeko irakaskuntza-ikaskuntza prozesu anitzei\u00a0 egokitutako baliabide teknologikorik ez material didaktikorik ez digu eskeini, berriro ere multinazional handien menpeko produktuak erabiltzera eta gure kabuz materiala zein lan egiteko modu guztia moldatzera derrigortuta gaudelarik (behar bereziak dituzten ikasleetaz edota baliabide teknologikoak eskura ez dituzten ikasleetaz hitz egiten ez luzatzearren).<\/p>\n<p>&nbsp;<\/p>\n<p>Digitalizazioarekin batera bete beharreko agiri eta txantiloi kopurua neurrigabe hazi da, gure jarduera didaktikoa egokitzeak suposatu duen lan kargaren handitzea bikoiztuz.\u00a0 Hezkuntza Sailetik ez digute jarraibide askorik ematen, eta ematen dituztenetan kontraesanez beteta datoz. Malgutasunaz, egokitzapenetaz hitz politak esaten dira baina aldi berean Ikuskarien bitartez ohiko ordutegiak betearazi nahi dizkigute!<\/p>\n<p>&nbsp;<\/p>\n<p>\u201cArrakala digitala\u201d delakoa ez da kontutan izan, ez ikasleen ez irakasleen kasuan; etxe askotan ordenagailu bakarra dago eta familiako kide guztien artean partekatu beharra dago, harrera etxeetan bizi diren ikasleak ere egoera berean daude; hainbat etxetan ordenagailurik edo Interneterako loturarik\u00a0 ez daukate\u2026<\/p>\n<p>&nbsp;<\/p>\n<p>Guzti honen aurrean Hezkuntza Sailetik irakasleon egoera pertsonalen eta familiarraren aurrean ez dute enpatia eta malgutasun askorik erakustsi.\u00a0 Guk ez dugu telelana egitea aukeratu, etxean behartuta itxita gaude ohiko lanaz gain gure seme-alaben zein adinekoen\u00a0 zaintza burutzen.<\/p>\n<p>&nbsp;<\/p>\n<p>Eta egoera okertzeko, Hezkuntza Saila \u201calarma egoera\u201d indarrean jarri zenetik gertatzen ari diren bajak (amatasunarekin edo erretiroekin lotuta daudenak izan ezik) ez da betetzen ari, irakasle taldeen, ikasleon eta ordezkapen zerrendetan dauden lankideon kalterako.<\/p>\n<p>&nbsp;<\/p>\n<p><a href=\"https:\/\/www.cgt-lkn.org\/wp-content\/uploads\/sites\/19\/2020\/05\/Langileon-eta-ikasleon-osasunarekin-jolasean.png\"><img loading=\"lazy\" decoding=\"async\" class=\"size-medium wp-image-578 alignright\" src=\"https:\/\/www.cgt-lkn.org\/wp-content\/uploads\/sites\/19\/2020\/05\/Langileon-eta-ikasleon-osasunarekin-jolasean-300x202.png\" alt=\"\" width=\"300\" height=\"202\" srcset=\"https:\/\/www.cgt-lkn.org\/bizkaia-hezkuntza\/wp-content\/uploads\/sites\/19\/2020\/05\/Langileon-eta-ikasleon-osasunarekin-jolasean-300x202.png 300w, https:\/\/www.cgt-lkn.org\/bizkaia-hezkuntza\/wp-content\/uploads\/sites\/19\/2020\/05\/Langileon-eta-ikasleon-osasunarekin-jolasean-150x101.png 150w, https:\/\/www.cgt-lkn.org\/bizkaia-hezkuntza\/wp-content\/uploads\/sites\/19\/2020\/05\/Langileon-eta-ikasleon-osasunarekin-jolasean-400x269.png 400w, https:\/\/www.cgt-lkn.org\/bizkaia-hezkuntza\/wp-content\/uploads\/sites\/19\/2020\/05\/Langileon-eta-ikasleon-osasunarekin-jolasean.png 600w\" sizes=\"auto, (max-width: 300px) 100vw, 300px\" \/><\/a>Gerora, berandu eta jada irakasleok abiatutako lan ildoak kopiatuz,\u00a0 hezkuntza komunitateko eragileekin ezer hitz egin eta adostu gabe eta larriena ikastetxeen autonomiaren izenean erabaki eta neurri zehatz pottoloak praktikan garatzea ikastetxeetako zuzendaritza talden lepo gainera botata, Hezkuntza Sailak ikasturte amaiera arautzeko \u201cHezkuntza plana\u201d aurkeztu zuen.<\/p>\n<p>&nbsp;<\/p>\n<p>Eta orain, berriro ere inorekin adostu gabe, oraindik COVID19aren krisialdian sartuta gaudelarik, interes ekonomikoak eta propagandistikoak lehenetsita eta inolako arrazoi pedagogikorik gabe, gurasoak lanera itzuli ahal izateko eta zikloak amaitzear dauden ikasleei sasizko irtenbide bat emateko, azaleko neurri gutxi batzuk hartuta ikastetxeak aurreko baldintza paretsuetan irekitzea inposatu dute, guztia kudeatzea tokian tokiko zuzendaritza taldearen lepo gainera botata&#8230;ratioak ikutu gabe, lan taldeak indartu gabe, langile askori aldi berean lan presentziala eta telelana egitera behartuz, eraikinen desinfekzioa nola gauzatuko den zehaztu gabe, desegokiak diren eraikin bertsuetan, langileoi zein ikasleoi testak egiteko eta osasuna bermatzeko protokolorik zehaztu gabe, nerabeen arteko distantziak nola arraio mantenduaraziko ditugun zehaztu gabe, etabar. <strong>Itxialdiaren amaierarekin ados ez egoteko eta hari aurre egiteko gure arrazoiak hainbat eskoletako eta institutuetako zuzendaritza taldeek plazaratutako adierazpenetan jasotakoekin bat datoz.<\/strong><\/p>\n<p>Baina haren politikaren ardatza marketinean, negozioan eta zerbitzu publikoen murrizketa jarraietan oinarritu duten gobernuko alderdien\u00a0 aldetik, hauteskundeak eta ekonomia gizakion osasunaren eta ongizatearen aurretik jartzen duen gobernu baten aldetik ezin genuen besterik espero. Herri honetako langile publikoen profesionaltasunari, ahaleginari eta erantzunkizunari zein familien ahalegin itzelari\u00a0 esker berriro ere bere kudeaketa negargarriaren ondorioak ezkutuan gorde nahi ditu.<\/p>\n<p>&nbsp;<\/p>\n<p>Bizkaiko CGT-LKNko Hezkuntza Publikoko langileon sail sindikala<\/p>\n","protected":false},"excerpt":{"rendered":"<p>.<strong>Itxialdiaren amaierarekin ados ez egoteko eta hari aurre egiteko gure arrazoiak hainbat eskoletako eta institutuetako zuzendaritza taldeek plazaratutako adierazpenetan jasotakoekin bat datoz.<\/strong><\/p>\n","protected":false},"author":178,"featured_media":616,"comment_status":"closed","ping_status":"open","sticky":false,"template":"","format":"standard","meta":{"footnotes":"","_links_to":"","_links_to_target":""},"categories":[22,33,23,4,26],"tags":[28,30,37,32],"class_list":["post-612","post","type-post","status-publish","format-standard","has-post-thumbnail","hentry","category-castellano","category-covid-19","category-euskera","category-irakasleak","category-comunicados","tag-covid-19","tag-irakasleak","tag-komunikatua","tag-publika"],"publishpress_future_action":{"enabled":false,"date":"2026-05-07 02:28:16","action":"change-status","newStatus":"draft","terms":[],"taxonomy":"category","extraData":[]},"publishpress_future_workflow_manual_trigger":{"enabledWorkflows":[]},"_links":{"self":[{"href":"https:\/\/www.cgt-lkn.org\/bizkaia-hezkuntza\/index.php?rest_route=\/wp\/v2\/posts\/612","targetHints":{"allow":["GET"]}}],"collection":[{"href":"https:\/\/www.cgt-lkn.org\/bizkaia-hezkuntza\/index.php?rest_route=\/wp\/v2\/posts"}],"about":[{"href":"https:\/\/www.cgt-lkn.org\/bizkaia-hezkuntza\/index.php?rest_route=\/wp\/v2\/types\/post"}],"author":[{"embeddable":true,"href":"https:\/\/www.cgt-lkn.org\/bizkaia-hezkuntza\/index.php?rest_route=\/wp\/v2\/users\/178"}],"replies":[{"embeddable":true,"href":"https:\/\/www.cgt-lkn.org\/bizkaia-hezkuntza\/index.php?rest_route=%2Fwp%2Fv2%2Fcomments&post=612"}],"version-history":[{"count":4,"href":"https:\/\/www.cgt-lkn.org\/bizkaia-hezkuntza\/index.php?rest_route=\/wp\/v2\/posts\/612\/revisions"}],"predecessor-version":[{"id":619,"href":"https:\/\/www.cgt-lkn.org\/bizkaia-hezkuntza\/index.php?rest_route=\/wp\/v2\/posts\/612\/revisions\/619"}],"wp:featuredmedia":[{"embeddable":true,"href":"https:\/\/www.cgt-lkn.org\/bizkaia-hezkuntza\/index.php?rest_route=\/wp\/v2\/media\/616"}],"wp:attachment":[{"href":"https:\/\/www.cgt-lkn.org\/bizkaia-hezkuntza\/index.php?rest_route=%2Fwp%2Fv2%2Fmedia&parent=612"}],"wp:term":[{"taxonomy":"category","embeddable":true,"href":"https:\/\/www.cgt-lkn.org\/bizkaia-hezkuntza\/index.php?rest_route=%2Fwp%2Fv2%2Fcategories&post=612"},{"taxonomy":"post_tag","embeddable":true,"href":"https:\/\/www.cgt-lkn.org\/bizkaia-hezkuntza\/index.php?rest_route=%2Fwp%2Fv2%2Ftags&post=612"}],"curies":[{"name":"wp","href":"https:\/\/api.w.org\/{rel}","templated":true}]}}