{"id":609,"date":"2020-05-11T20:25:29","date_gmt":"2020-05-11T18:25:29","guid":{"rendered":"http:\/\/www.cgt-lkn.org\/bizkaia\/hezkuntza\/?p=609"},"modified":"2020-05-11T20:25:29","modified_gmt":"2020-05-11T18:25:29","slug":"carta-de-un-padre-al-director-del-instituto-de-durango-no-veo-responsable-por-mi-parte-participar-en-este-ensayo","status":"publish","type":"post","link":"https:\/\/www.cgt-lkn.org\/bizkaia-hezkuntza\/?p=609","title":{"rendered":"Carta de un padre al director del instituto de Durango: \u00abNo veo responsable por mi parte participar en este ensayo\u00bb"},"content":{"rendered":"<p>FUENTE: <a href=\"http:\/\/www.durangon.com\">www.durangon.com<\/a><\/p>\n<p>&nbsp;<\/p>\n<p>Instituto-DurangoEl alumnado de segundo curso de Bachillerato, FP Superior al completo y segundo de ciclos medios y b\u00e1sicos ser\u00e1n los primeros en volver a las aulas en Euskadi. As\u00ed lo anunci\u00f3 ayer la consejera de Educaci\u00f3n del Gobierno Vasco, Cristina Uriarte, quien anunci\u00f3 que el regreso ser\u00e1 escalonado a partir del 18 de mayo en Euskadi.<\/p>\n<p>Ante esta decisi\u00f3n, un padre afectado ha enviado esta ma\u00f1ana una carta al director del instituto de Durango. En la misiva, Jos\u00e9 Mari V\u00e9lez de Mendizabal cuestiona que Uriarte asegurara ante los medios de comunicaci\u00f3n que la formaci\u00f3n presencial que se va a ofrecer a partir del d\u00eda 18 puede servir de \u00abensayo para septiembre\u201d.<\/p>\n<p>Mientras no exista un plan consensuado por todos los implicados, insiste, \u00abla legitimidad de la instrucci\u00f3n es nula\u00bb y, en su caso, \u00abno veo responsable por mi parte participar en este ensayo\u00bb.<\/p>\n<p>&nbsp;<\/p>\n<p>Puedes leer aqu\u00ed la carta \u00edntegra<\/p>\n<p>Buenos d\u00edas.<\/p>\n<p>Ante la oligaci\u00f3n impuesta por el Gobierno Vasco, v\u00eda Consejer\u00eda de Educaci\u00f3n, de tener que enviar a mi hija a las <a href=\"https:\/\/www.cgt-lkn.org\/wp-content\/uploads\/sites\/19\/2020\/05\/gutuna-carta.png\"><img loading=\"lazy\" decoding=\"async\" class=\"size-full wp-image-610 alignleft\" src=\"https:\/\/www.cgt-lkn.org\/wp-content\/uploads\/sites\/19\/2020\/05\/gutuna-carta.png\" alt=\"\" width=\"225\" height=\"225\" srcset=\"https:\/\/www.cgt-lkn.org\/bizkaia-hezkuntza\/wp-content\/uploads\/sites\/19\/2020\/05\/gutuna-carta.png 225w, https:\/\/www.cgt-lkn.org\/bizkaia-hezkuntza\/wp-content\/uploads\/sites\/19\/2020\/05\/gutuna-carta-150x150.png 150w\" sizes=\"auto, (max-width: 225px) 100vw, 225px\" \/><\/a>aulas el 25 de Mayo, le manifiesto mi absoluto desacuerdo con dicha obligaci\u00f3n.<\/p>\n<p>De lo le\u00eddo en su peri\u00f3dico oficial, resulta que ahora mi hija de 16 a\u00f1os es \u201cadulta\u201d. Igualmente, seg\u00fan la consejera Cristina Uriarte, \u201ces factible dar clases con seguridad para la salud\u00bb siguiendo las \u00abnormas de comportamiento e higiene\u00bb dictadas por el Departamento de Salud.\u201d Por lo que, seg\u00fan ella, \u201centre esas medidas para evitar contagios se ha decidido impartir clases en un horario intensivo de 5 horas para as\u00ed suprimir el servicio de comedor, distanciar los pupitres 1,5 metros entre ellos y establecer turnos que eviten aglomeraciones en el patio\u00bb.<\/p>\n<p>\u00abSer\u00e1 adem\u00e1s obligatorio que estudiantes, docentes y resto de trabajadores lleven mascarilla y cada centro deber\u00e1 organizar entradas y salidas escalonadas y, en el caso de que cuenten con dos accesos, usarlos de manera unidireccional\u201d.<\/p>\n<p>M\u00e1s all\u00e1 de que no se especifican realmente cu\u00e1les van a ser esas medidas, ni el para qu\u00e9 de tener que acudir en estas fechas a las clases, Uriarte se\u00f1ala en el mismo peri\u00f3dico que \u00abtrabaja con varios escenarios, aunque la decisi\u00f3n final de si se vuelve a clase con total normalidad o con condiciones especiales la tendr\u00e1 el Departamento de Salud\u00bb. Ha dicho, en todo caso, que la recuperaci\u00f3n parcial de la formaci\u00f3n presencial a partir del d\u00eda 18 puede servir de \u00abensayo\u00bb para septiembre\u201d<\/p>\n<p>Parece que este es el objeto y objetivo de fondo, al que nos obligan a participar, no la educaci\u00f3n ni el bienestar y salud de nuestros hijos e hijas. Pero se esconden en \u201cse ha decidido por tanto recuperar las clases presenciales \u00fanicamente en los cursos m\u00e1s sensibles y cr\u00edticos\u00bb en los que los alumnos se juegan la obtenci\u00f3n de un t\u00edtulo o la promoci\u00f3n a estudios superiores\u201d para lanzar esta \u201cyihad\u201d a las aulas y hacernos a todos los involucrados \u201ch\u00e9roes\u201d del regreso a su pretendida vuelta a la normalidad con este ENSAYO.<\/p>\n<p>Mientras no exista un plan consensuado por todos los implicados, Directores, profesores, padres y alumnos, personal administrativo y auxiliar, limpiadoras, la legitimidad de la instrucci\u00f3n es nula. La llamada desescalada no solo ha de ser cogestionada entre gobierno central y gobierno vasco, lo que tiene valor para unos tambi\u00e9n ha de tenerlo para otros, y m\u00e1s si hablamos de la salud de nuestros hijos e hijas.<\/p>\n<p>&nbsp;<\/p>\n<p>Demasiadas cuestiones:<\/p>\n<p>&nbsp;<\/p>\n<p>Sobre las medidas para proteger la salud:<\/p>\n<p>\u00bfAlumnos por aula para realmente mantener la distancia de seguridad?<\/p>\n<p>Entradas y salidas, \u00bf control de temperatura?<\/p>\n<p>Aglomeraciones en el exterior del instituto a la espera de entrar, qui\u00e9n lo controla,\u00bfla polic\u00eda?<\/p>\n<p>Uso de los pasillo. En el que est\u00e1 mi hija dudo que tenga metro y medio.<\/p>\n<p>Uso de los ba\u00f1os. Cinco horas sin ba\u00f1os no es posible. \u00bfc\u00f3mo se va a gestionar su uso y desinfecci\u00f3n?<\/p>\n<p>Respecto de la metodolog\u00eda<\/p>\n<p>\u00bfCu\u00e1ntos alumnos por aula?, no m\u00e1s del 50% entiendo, \u00bfc\u00f3mo en el resto de la sociedad, bares,..?<\/p>\n<p>Si eso es as\u00ed, qu\u00e9 profesores van a dar las materias y c\u00f3mo, si lo han de compaginar con la atenci\u00f3n on- line a otros niveles y alumnos?<\/p>\n<p>Mi hija tiene ex\u00e1menes on-line. \u00bfSe plantea realizar ex\u00e1menes en ese plazo, m\u00e1s ex\u00e1menes?<\/p>\n<p>En conclusi\u00f3n, no hay previsi\u00f3n, ni provisi\u00f3n, sino solo el deseo de hacer ese ensayo a costa de los afectados en el mismo.<\/p>\n<p>Por ello, hasta que las condiciones no sean las adecuadas, no veo responsable por mi parte participar en este ensayo,<\/p>\n<p>&nbsp;<\/p>\n<p>Un saludo.<\/p>\n<p>Josemari V\u00e9lez de Mendizabal<\/p>\n","protected":false},"excerpt":{"rendered":"<p>Ante la oligaci\u00f3n impuesta por el Gobierno Vasco, v\u00eda Consejer\u00eda de Educaci\u00f3n, de tener que enviar a mi hija a las aulas el 25 de Mayo, le manifiesto mi absoluto desacuerdo con dicha obligaci\u00f3n.<\/p>\n","protected":false},"author":178,"featured_media":610,"comment_status":"closed","ping_status":"open","sticky":false,"template":"","format":"standard","meta":{"footnotes":"","_links_to":"","_links_to_target":""},"categories":[18,22,33],"tags":[28,35,36,32],"class_list":["post-609","post","type-post","status-publish","format-standard","has-post-thumbnail","hentry","category-beriak","category-castellano","category-covid-19","tag-covid-19","tag-instituto-de-durango","tag-padre","tag-publika"],"publishpress_future_action":{"enabled":false,"date":"2026-05-07 03:34:15","action":"change-status","newStatus":"draft","terms":[],"taxonomy":"category","extraData":[]},"publishpress_future_workflow_manual_trigger":{"enabledWorkflows":[]},"_links":{"self":[{"href":"https:\/\/www.cgt-lkn.org\/bizkaia-hezkuntza\/index.php?rest_route=\/wp\/v2\/posts\/609","targetHints":{"allow":["GET"]}}],"collection":[{"href":"https:\/\/www.cgt-lkn.org\/bizkaia-hezkuntza\/index.php?rest_route=\/wp\/v2\/posts"}],"about":[{"href":"https:\/\/www.cgt-lkn.org\/bizkaia-hezkuntza\/index.php?rest_route=\/wp\/v2\/types\/post"}],"author":[{"embeddable":true,"href":"https:\/\/www.cgt-lkn.org\/bizkaia-hezkuntza\/index.php?rest_route=\/wp\/v2\/users\/178"}],"replies":[{"embeddable":true,"href":"https:\/\/www.cgt-lkn.org\/bizkaia-hezkuntza\/index.php?rest_route=%2Fwp%2Fv2%2Fcomments&post=609"}],"version-history":[{"count":1,"href":"https:\/\/www.cgt-lkn.org\/bizkaia-hezkuntza\/index.php?rest_route=\/wp\/v2\/posts\/609\/revisions"}],"predecessor-version":[{"id":611,"href":"https:\/\/www.cgt-lkn.org\/bizkaia-hezkuntza\/index.php?rest_route=\/wp\/v2\/posts\/609\/revisions\/611"}],"wp:featuredmedia":[{"embeddable":true,"href":"https:\/\/www.cgt-lkn.org\/bizkaia-hezkuntza\/index.php?rest_route=\/wp\/v2\/media\/610"}],"wp:attachment":[{"href":"https:\/\/www.cgt-lkn.org\/bizkaia-hezkuntza\/index.php?rest_route=%2Fwp%2Fv2%2Fmedia&parent=609"}],"wp:term":[{"taxonomy":"category","embeddable":true,"href":"https:\/\/www.cgt-lkn.org\/bizkaia-hezkuntza\/index.php?rest_route=%2Fwp%2Fv2%2Fcategories&post=609"},{"taxonomy":"post_tag","embeddable":true,"href":"https:\/\/www.cgt-lkn.org\/bizkaia-hezkuntza\/index.php?rest_route=%2Fwp%2Fv2%2Ftags&post=609"}],"curies":[{"name":"wp","href":"https:\/\/api.w.org\/{rel}","templated":true}]}}