{"id":597,"date":"2020-05-11T20:00:44","date_gmt":"2020-05-11T18:00:44","guid":{"rendered":"http:\/\/www.cgt-lkn.org\/bizkaia\/hezkuntza\/?p=597"},"modified":"2020-05-11T20:00:44","modified_gmt":"2020-05-11T18:00:44","slug":"comunicado-a-la-comunidad-educativa","status":"publish","type":"post","link":"https:\/\/www.cgt-lkn.org\/bizkaia-hezkuntza\/?p=597","title":{"rendered":"COMUNICADO A LA COMUNIDAD EDUCATIVA"},"content":{"rendered":"<p style=\"text-align: center\"><strong>COMUNICADO A LA COMUNIDAD EDUCATIVA<\/strong><\/p>\n<p>Ante la situaci\u00f3n excepcional en que nos encontramos por la pandemia del Covid-19 queremos manifestar, antes de cualquier otra cuesti\u00f3n, nuestras condolencias y apoyo a las familias de las v\u00edctimas que se han producido hasta el momento, aunque a veces parece que se nos olvida que estamos ante un problema de salud p\u00fablica.\u00a0Este debe ser nuestro principal sentimiento en estos momentos.<\/p>\n<p>HEIZE, Asociaci\u00f3n de directores y directoras de la Escuela P\u00fablica Vasca ante la propuesta del Gobierno Vasco para volver paulatinamente a la normalidad en el \u00e1mbito educativo, quiere mediante este comunicado hacer las siguientes consideraciones:<\/p>\n<p>Si bien una vuelta a la normalidad es deseable y anhelada por todos y todas, la Escuela P\u00fablica Vasca es la m\u00e1s interesada en que dicha vuelta se d\u00e9 en las condiciones de seguridad sanitaria exigibles para as\u00ed ofrecer un servicio educativo de calidad a la sociedad.<\/p>\n<p>Desde principios de marzo se han ido tomando medidas para hacer frente a la situaci\u00f3n creada. Somos conscientes que no hay decisiones f\u00e1ciles, que todas las propuestas son revisables y las posibilidades de error elevadas, ya que son muchas m\u00e1s las incertidumbres que las certezas.<\/p>\n<p>Reiteramos nuestro compromiso y colaboraci\u00f3n, como responsables de los centros educativos de la Red P\u00fablica Vasca, en la b\u00fasqueda e implementaci\u00f3n de las medidas que nos permitan a todos y todas (alumnado, personal docente y no docente y miembros de la comunidad educativa en general) superar esta situaci\u00f3n de la mejor manera posible.<\/p>\n<p><img loading=\"lazy\" decoding=\"async\" class=\"size-full wp-image-19885 alignright\" src=\"https:\/\/www.cgt-lkn.org\/wp-content\/uploads\/2020\/05\/Heize-euskal-Eskola-Publikoaren-zuzendaritza-elkarteen-federazioa.png\" alt=\"\" width=\"280\" height=\"180\" \/>Por todo ello, desde HEIZE queremos manifestar a la opini\u00f3n p\u00fablica y a la comunidad educativa en especial que exigimos la puesta en pr\u00e1ctica por parte de nuestras autoridades de las instrucciones que Osakidetza y el Servicio de Prevenci\u00f3n de Riesgos Laborales dicten y que el departamento de Educaci\u00f3n articule las medidas y recursos necesarios para que la vuelta de nuestro alumnado y profesorado a la normalidad se d\u00e9 en las condiciones m\u00e1ximas de seguridad que detallamos a continuaci\u00f3n:<\/p>\n<p>\u25cf La definici\u00f3n de medidas concretas y espec\u00edficas (incluyendo los protocolos de actuaci\u00f3n) dentro de un Plan de Contingencia.<\/p>\n<p>\u25cf La dotaci\u00f3n de las medidas de protecci\u00f3n (EPI) para toda persona dentro del recinto escolar, as\u00ed como de pruebas de detecci\u00f3n del virus para el personal docente y no docente.<\/p>\n<p>\u25cf La limpieza y desinfecci\u00f3n de las instalaciones y de los medios de transporte escolar.<\/p>\n<p>\u25cf El cumplimiento de las medidas de separaci\u00f3n y distancia entre personas, tanto en zonas comunes como en las aulas (m\u00ednimo de 2m y 15 personas como m\u00e1ximo). Recomendaciones para la utilizaci\u00f3n de aulas espec\u00edficas: inform\u00e1tica, laboratorios, pl\u00e1stica, tecnolog\u00eda, vestuarios, etc.<\/p>\n<p>\u25cf La provisi\u00f3n e instalaci\u00f3n de mamparas de protecci\u00f3n en casos necesarios.<\/p>\n<p>\u25cf Indicaciones para la flexibilizaci\u00f3n de las entradas y salidas para evitar aglomeraciones, as\u00ed como para el control del tr\u00e1nsito de personas en las instalaciones.<\/p>\n<p>\u25cf Indicaciones para las medidas organizativas en los espacios de recreo o similares (dotaci\u00f3n m\u00ednima necesaria de personal de guardia, mantenimiento de distancias, medidas de seguridad\u2026).<\/p>\n<p>Como directoras y directores de los centros educativos de titularidad p\u00fablica cumpliremos con nuestro compromiso para con el alumnado y familias, as\u00ed como con lo que nuestras autoridades educativas dispongan; pero con toda claridad queremos indicar que en caso de que no se garanticen y adopten las medidas necesarias indicadas, no podremos hacernos responsables de las consecuencias<br \/>\npara la salud de nuestro alumnado, profesorado y personal no docente que de ello se pueda derivar.<\/p>\n<p>Por \u00faltimo solicitamos un servicio permanente de asesoramiento para los equipos directivos que aborde, eval\u00fae y responda a las necesidades que vayan surgiendo en este proceso de desescalada, as\u00ed como activar un grupo de trabajo mixto entre administraci\u00f3n y equipos directivos para dise\u00f1ar y acordar nuevas medidas.<\/p>\n<p>Finalmente queremos reiterar nuestro compromiso y disponibilidad para colaborar en la adopci\u00f3n de medidas que nos permitan superar esta situaci\u00f3n in\u00e9dita para todos.<\/p>\n<p>Abogamos por la b\u00fasqueda de soluciones a los problemas citados bas\u00e1ndonos en la coordinaci\u00f3n, colaboraci\u00f3n y pensando siempre en ofrecer una ense\u00f1anza de\u00a0 calidad para todos y todas.<\/p>\n<p>&nbsp;<\/p>\n<p>www.heize.eus\u00a0 \u00a0 \u00a0 \u00a0 \u00a0 \u00a0 \u00a0 \u00a0 \u00a0 \u00a0 \u00a0 \u00a0 \u00a0 \u00a0 \u00a0 \u00a0 \u00a0 \u00a0 \u00a0 \u00a0 \u00a0 \u00a0 \u00a0 \u00a0 \u00a0 \u00a0 \u00a0 \u00a0 \u00a0 \u00a0 \u00a0 \u00a0 \u00a0 twitter:@heizefed\u00a0 \u00a0 \u00a0 \u00a0 \u00a0 \u00a0 \u00a0 \u00a0 \u00a0 \u00a0 \u00a0 \u00a0 \u00a0 \u00a0 \u00a0 \u00a0 \u00a0 \u00a0 \u00a0 \u00a0 \u00a0 \u00a0 \u00a0 \u00a0 \u00a0heize@heize.eus<\/p>\n<p>&nbsp;<\/p>\n<p>&nbsp;<\/p>\n","protected":false},"excerpt":{"rendered":"<p>HEIZE, Asociaci\u00f3n de directores y directoras de la Escuela P\u00fablica Vasca ante la propuesta del Gobierno Vasco para volver paulatinamente a la normalidad en el \u00e1mbito educativo, quiere mediante este comunicado hacer las siguientes consideraciones:<\/p>\n","protected":false},"author":178,"featured_media":598,"comment_status":"closed","ping_status":"open","sticky":false,"template":"","format":"standard","meta":{"footnotes":"","_links_to":"","_links_to_target":""},"categories":[22,4],"tags":[],"class_list":["post-597","post","type-post","status-publish","format-standard","has-post-thumbnail","hentry","category-castellano","category-irakasleak"],"publishpress_future_action":{"enabled":false,"date":"2026-05-07 04:44:10","action":"change-status","newStatus":"draft","terms":[],"taxonomy":"category","extraData":[]},"publishpress_future_workflow_manual_trigger":{"enabledWorkflows":[]},"_links":{"self":[{"href":"https:\/\/www.cgt-lkn.org\/bizkaia-hezkuntza\/index.php?rest_route=\/wp\/v2\/posts\/597","targetHints":{"allow":["GET"]}}],"collection":[{"href":"https:\/\/www.cgt-lkn.org\/bizkaia-hezkuntza\/index.php?rest_route=\/wp\/v2\/posts"}],"about":[{"href":"https:\/\/www.cgt-lkn.org\/bizkaia-hezkuntza\/index.php?rest_route=\/wp\/v2\/types\/post"}],"author":[{"embeddable":true,"href":"https:\/\/www.cgt-lkn.org\/bizkaia-hezkuntza\/index.php?rest_route=\/wp\/v2\/users\/178"}],"replies":[{"embeddable":true,"href":"https:\/\/www.cgt-lkn.org\/bizkaia-hezkuntza\/index.php?rest_route=%2Fwp%2Fv2%2Fcomments&post=597"}],"version-history":[{"count":1,"href":"https:\/\/www.cgt-lkn.org\/bizkaia-hezkuntza\/index.php?rest_route=\/wp\/v2\/posts\/597\/revisions"}],"predecessor-version":[{"id":599,"href":"https:\/\/www.cgt-lkn.org\/bizkaia-hezkuntza\/index.php?rest_route=\/wp\/v2\/posts\/597\/revisions\/599"}],"wp:featuredmedia":[{"embeddable":true,"href":"https:\/\/www.cgt-lkn.org\/bizkaia-hezkuntza\/index.php?rest_route=\/wp\/v2\/media\/598"}],"wp:attachment":[{"href":"https:\/\/www.cgt-lkn.org\/bizkaia-hezkuntza\/index.php?rest_route=%2Fwp%2Fv2%2Fmedia&parent=597"}],"wp:term":[{"taxonomy":"category","embeddable":true,"href":"https:\/\/www.cgt-lkn.org\/bizkaia-hezkuntza\/index.php?rest_route=%2Fwp%2Fv2%2Fcategories&post=597"},{"taxonomy":"post_tag","embeddable":true,"href":"https:\/\/www.cgt-lkn.org\/bizkaia-hezkuntza\/index.php?rest_route=%2Fwp%2Fv2%2Ftags&post=597"}],"curies":[{"name":"wp","href":"https:\/\/api.w.org\/{rel}","templated":true}]}}