{"id":537,"date":"2020-04-18T16:44:34","date_gmt":"2020-04-18T16:44:34","guid":{"rendered":"http:\/\/www.cgt-lkn.org\/bizkaia\/hezkuntza\/?p=537"},"modified":"2020-04-18T16:44:34","modified_gmt":"2020-04-18T16:44:34","slug":"lunes-20-abril-en-directo-covid-19-salud-laboral-2","status":"publish","type":"post","link":"https:\/\/www.cgt-lkn.org\/bizkaia-hezkuntza\/?p=537","title":{"rendered":"Lunes 20 abril \u2013 en Directo Covid-19 Salud Laboral 2"},"content":{"rendered":"<p><iframe loading=\"lazy\" title=\"Covid-19 Salud Laboral 2\" width=\"700\" height=\"394\" src=\"https:\/\/www.youtube.com\/embed\/cCNFnj1IdPk?feature=oembed\" frameborder=\"0\" allow=\"accelerometer; autoplay; clipboard-write; encrypted-media; gyroscope; picture-in-picture\" allowfullscreen><\/iframe><\/p>\n","protected":false},"excerpt":{"rendered":"<p>Julio Fuentes, Secretario de Salud Laboral de la CGT en MCLMEx, nuevamente responde a tus dudas sobre las medidas de prevenci\u00f3n, que est\u00e1n tomando las empresas durante la crisis del Covid-19. En esta ocasi\u00f3n, y dados los \u00faltimos cambios, toda la informaci\u00f3n queda nuevamente actualizada<\/p>\n","protected":false},"author":6,"featured_media":538,"comment_status":"open","ping_status":"closed","sticky":false,"template":"","format":"standard","meta":{"footnotes":"","_links_to":"","_links_to_target":""},"categories":[22,23,24],"tags":[],"class_list":["post-537","post","type-post","status-publish","format-standard","has-post-thumbnail","hentry","category-castellano","category-euskera","category-osasuna"],"publishpress_future_action":{"enabled":false,"date":"2026-05-07 02:27:24","action":"change-status","newStatus":"draft","terms":[],"taxonomy":"category","extraData":[]},"publishpress_future_workflow_manual_trigger":{"enabledWorkflows":[]},"_links":{"self":[{"href":"https:\/\/www.cgt-lkn.org\/bizkaia-hezkuntza\/index.php?rest_route=\/wp\/v2\/posts\/537","targetHints":{"allow":["GET"]}}],"collection":[{"href":"https:\/\/www.cgt-lkn.org\/bizkaia-hezkuntza\/index.php?rest_route=\/wp\/v2\/posts"}],"about":[{"href":"https:\/\/www.cgt-lkn.org\/bizkaia-hezkuntza\/index.php?rest_route=\/wp\/v2\/types\/post"}],"author":[{"embeddable":true,"href":"https:\/\/www.cgt-lkn.org\/bizkaia-hezkuntza\/index.php?rest_route=\/wp\/v2\/users\/6"}],"replies":[{"embeddable":true,"href":"https:\/\/www.cgt-lkn.org\/bizkaia-hezkuntza\/index.php?rest_route=%2Fwp%2Fv2%2Fcomments&post=537"}],"version-history":[{"count":1,"href":"https:\/\/www.cgt-lkn.org\/bizkaia-hezkuntza\/index.php?rest_route=\/wp\/v2\/posts\/537\/revisions"}],"predecessor-version":[{"id":539,"href":"https:\/\/www.cgt-lkn.org\/bizkaia-hezkuntza\/index.php?rest_route=\/wp\/v2\/posts\/537\/revisions\/539"}],"wp:featuredmedia":[{"embeddable":true,"href":"https:\/\/www.cgt-lkn.org\/bizkaia-hezkuntza\/index.php?rest_route=\/wp\/v2\/media\/538"}],"wp:attachment":[{"href":"https:\/\/www.cgt-lkn.org\/bizkaia-hezkuntza\/index.php?rest_route=%2Fwp%2Fv2%2Fmedia&parent=537"}],"wp:term":[{"taxonomy":"category","embeddable":true,"href":"https:\/\/www.cgt-lkn.org\/bizkaia-hezkuntza\/index.php?rest_route=%2Fwp%2Fv2%2Fcategories&post=537"},{"taxonomy":"post_tag","embeddable":true,"href":"https:\/\/www.cgt-lkn.org\/bizkaia-hezkuntza\/index.php?rest_route=%2Fwp%2Fv2%2Ftags&post=537"}],"curies":[{"name":"wp","href":"https:\/\/api.w.org\/{rel}","templated":true}]}}