{"id":527,"date":"2020-03-27T00:03:39","date_gmt":"2020-03-26T23:03:39","guid":{"rendered":"http:\/\/www.cgt-lkn.org\/bizkaia\/hezkuntza\/?p=527"},"modified":"2020-07-16T09:24:26","modified_gmt":"2020-07-16T07:24:26","slug":"guia-rapida-covid-19-sobre-seguridad-y-salud-en-los-centros-de-trabajo","status":"publish","type":"post","link":"https:\/\/www.cgt-lkn.org\/bizkaia-hezkuntza\/?p=527","title":{"rendered":"Gu\u00eda r\u00e1pida Covid-19 sobre Seguridad y Salud en los centros de trabajo"},"content":{"rendered":"<p><strong>Mediante la presente gu\u00eda os presentamos una serie de aclaraciones sobre las dudas m\u00e1s habituales que nos est\u00e1n llegando desde los centros de trabajo. Los Servicios de Prevenci\u00f3n de muchas empresas no est\u00e1n haciendo los deberes, y es por ello necesario que las trabajadoras que se ven obligadas a asistir a sus lugares de trabajo cuenten con informaci\u00f3n suficiente para evitar contagiarse a s\u00ed mismas o al resto de sus compa\u00f1eras.<\/strong><\/p>\n<p>Tambi\u00e9n facilitamos informaci\u00f3n relativa al teletrabajo, as\u00ed como a EPI (equipos de protecci\u00f3n individual), gesti\u00f3n de las bajas por contagio o por cuarentena. Os solicitamos que compart\u00e1is esta peque\u00f1a gu\u00eda con vuestros conocidos y conocidas, a fin de que sea lo m\u00e1s \u00fatil posible.<\/p>\n<p><a href=\"https:\/\/cgt.org.es\/wp-content\/uploads\/2020\/03\/Guia-Rapida-CoVid19.pdf\">https:\/\/cgt.org.es\/wp-content\/uploads\/2020\/03\/Guia-Rapida-CoVid19.pdf<\/a><\/p>\n","protected":false},"excerpt":{"rendered":"<p><strong>Mediante la presente gu\u00eda os presentamos una serie de aclaraciones sobre las dudas m\u00e1s habituales que nos est\u00e1n llegando desde los centros de trabajo. Los Servicios de Prevenci\u00f3n de muchas empresas no est\u00e1n haciendo los deberes, y es por ello necesario que las trabajadoras que se ven obligadas a asistir a sus lugares de trabajo cuenten con informaci\u00f3n suficiente para evitar contagiarse a s\u00ed mismas o al resto de sus compa\u00f1eras<\/strong><\/p>\n","protected":false},"author":178,"featured_media":528,"comment_status":"open","ping_status":"closed","sticky":false,"template":"","format":"standard","meta":{"footnotes":"","_links_to":"","_links_to_target":""},"categories":[22,23,26],"tags":[],"class_list":["post-527","post","type-post","status-publish","format-standard","has-post-thumbnail","hentry","category-castellano","category-euskera","category-comunicados"],"publishpress_future_action":{"enabled":false,"date":"2026-05-07 02:50:11","action":"change-status","newStatus":"draft","terms":[],"taxonomy":"category","extraData":[]},"publishpress_future_workflow_manual_trigger":{"enabledWorkflows":[]},"_links":{"self":[{"href":"https:\/\/www.cgt-lkn.org\/bizkaia-hezkuntza\/index.php?rest_route=\/wp\/v2\/posts\/527","targetHints":{"allow":["GET"]}}],"collection":[{"href":"https:\/\/www.cgt-lkn.org\/bizkaia-hezkuntza\/index.php?rest_route=\/wp\/v2\/posts"}],"about":[{"href":"https:\/\/www.cgt-lkn.org\/bizkaia-hezkuntza\/index.php?rest_route=\/wp\/v2\/types\/post"}],"author":[{"embeddable":true,"href":"https:\/\/www.cgt-lkn.org\/bizkaia-hezkuntza\/index.php?rest_route=\/wp\/v2\/users\/178"}],"replies":[{"embeddable":true,"href":"https:\/\/www.cgt-lkn.org\/bizkaia-hezkuntza\/index.php?rest_route=%2Fwp%2Fv2%2Fcomments&post=527"}],"version-history":[{"count":1,"href":"https:\/\/www.cgt-lkn.org\/bizkaia-hezkuntza\/index.php?rest_route=\/wp\/v2\/posts\/527\/revisions"}],"predecessor-version":[{"id":529,"href":"https:\/\/www.cgt-lkn.org\/bizkaia-hezkuntza\/index.php?rest_route=\/wp\/v2\/posts\/527\/revisions\/529"}],"wp:featuredmedia":[{"embeddable":true,"href":"https:\/\/www.cgt-lkn.org\/bizkaia-hezkuntza\/index.php?rest_route=\/wp\/v2\/media\/528"}],"wp:attachment":[{"href":"https:\/\/www.cgt-lkn.org\/bizkaia-hezkuntza\/index.php?rest_route=%2Fwp%2Fv2%2Fmedia&parent=527"}],"wp:term":[{"taxonomy":"category","embeddable":true,"href":"https:\/\/www.cgt-lkn.org\/bizkaia-hezkuntza\/index.php?rest_route=%2Fwp%2Fv2%2Fcategories&post=527"},{"taxonomy":"post_tag","embeddable":true,"href":"https:\/\/www.cgt-lkn.org\/bizkaia-hezkuntza\/index.php?rest_route=%2Fwp%2Fv2%2Ftags&post=527"}],"curies":[{"name":"wp","href":"https:\/\/api.w.org\/{rel}","templated":true}]}}