{"id":494,"date":"2020-03-14T08:57:29","date_gmt":"2020-03-14T07:57:29","guid":{"rendered":"http:\/\/www.cgt-lkn.org\/bizkaia\/hezkuntza\/?p=494"},"modified":"2020-07-16T09:25:17","modified_gmt":"2020-07-16T07:25:17","slug":"modelo-de-carta-para-la-direccion-de-cada-centro","status":"publish","type":"post","link":"https:\/\/www.cgt-lkn.org\/bizkaia-hezkuntza\/?p=494","title":{"rendered":"Modelo de carta para la direcci\u00f3n de cada centro\/ HEZKUNTZA SAILEKO LANGILEAGOAREN KUDEAKETARAKO ZUZENDARITZARI ETA  IKASTETXEKO ZUZENDARITZARI"},"content":{"rendered":"<p style=\"text-align: center\">DESCAGAR <a href=\"https:\/\/www.cgt-lkn.org\/wp-content\/uploads\/sites\/19\/2020\/03\/Modelo-de-carta-para-la-direcci\u00f3n-de-cada-centro.pdf\">Modelo de carta para la direcci\u00f3n de cada centro<\/a> PDF<\/p>\n<p style=\"text-align: center\"><a href=\"https:\/\/www.cgt-lkn.org\/wp-content\/uploads\/sites\/19\/2020\/03\/HEZKUNTZA-SAILEKO-LANGILEAGOAREN-KUDEAKETARAKO-ZUZENDARITZARI-ETA-\u2026\u2026\u2026\u2026\u2026\u2026-IKASTETXEKO-ZUZENDARITZARI.pdf\">HEZKUNTZA SAILEKO LANGILEAGOAREN KUDEAKETARAKO ZUZENDARITZARI ETA IKASTETXEKO ZUZENDARITZARI<\/a><\/p>\n<p>&nbsp;<\/p>\n<p>HEZKUNTZA SAILEKO LANGILEAGOAREN KUDEAKETARAKO ZUZENDARITZARI ETA \u2026\u2026\u2026\u2026\u2026\u2026 IKASTETXEKO ZUZENDARITZARI<\/p>\n<p>&nbsp;<\/p>\n<p>\u2026\u2026\u2026\u2026\u2026\u2026\u2026\u2026\u2026\u2026\u2026\u2026..\u2026\u2026&#8230;k, \u2026\u2026\u2026\u2026\u2026..NANa duena eta Hezkuntza Saileko langilea dena, \u2026\u2026\u2026\u2026\u2026\u2026\u2026\u2026&#8230;ikastetxean, Eusko Jaurlaritzak zein Hezkuntza Sailak 2020\/03\/13ko jarraibideetan, eta Langile Publikoaren Oinarrizko Estatutuaren 48j artikuluan jasotzen dena oinarri hartuta, Administrazioak agindutako ikastetxeen itxieraren ondorioz \u2026\u2026. urtetako nire \u2026.. seme\/alaba(k) zaintzeko eta haien segurtasuna zein osasuna bermatu ahal izateko, berraizan sahiestezin hau betetzeko, ikastetxeen itxialdia dirauen bitartean ez naizela nire lantokira joango jakinarazten dut. Eta baliabide eta tresna teknologikoak erabilita etxetik neure lan jarduerako betebeharrak telematikoki betetzen jarraituko dudala aditzera ematen dut.<\/p>\n<p>&nbsp;<\/p>\n<p>Aurrekoa kontutan izanda aipatu zuzendaritzek adierazitakoaren berri dutela onartzea eta neure etxetik telematikoki neure lana burutzeko baimena ematea ESKATZEN DIET.<\/p>\n<p>&nbsp;<\/p>\n<p>Sinatuta:<\/p>\n<p>&nbsp;<\/p>\n<p>\u2026\u2026\u2026\u2026\u2026\u2026.n, 2020ko martxoaren \u2026\u2026(e)an<\/p>\n<p>&nbsp;<\/p>\n<p>&nbsp;<\/p>\n<p>&nbsp;<\/p>\n<p>\u2026\u2026\u2026\u2026\u2026\u2026\u2026\u2026\u2026\u2026\u2026\u2026\u2026\u2026\u2026\u2026\u2026\u2026\u2026., con DNI \u2026\u2026\u2026\u2026\u2026\u2026\u2026\u2026\u2026\u2026, trabajador empleado por el Departamento de Educaci\u00f3n del Gobierno Vasco en el \u2026\u2026\u2026\u2026\u2026\u2026\u2026\u2026\u2026\u2026\u2026\u2026\u2026\u2026\u2026. de \u2026\u2026\u2026\u2026\u2026. (Bizkaia) , por medio del presente escrito y ampar\u00e1ndose en lo dispuesto por el Departamento de Educaci\u00f3n y el articulo 48 j del texto refundido del Estatuto B\u00e1sico del Empleado P\u00fablico viene a comunicar a estas Direcciones que, como consecuencia de la decisi\u00f3n adoptada por la Administraci\u00f3n de cerrar el centro educativo de mi\/s \u2026\u2026\u2026\u2026.. hijo\/as, de \u2026\u2026\u2026\u2026\u2026\u2026\u2026. a\u00f1os, me veo obligado\/a, para velar por su seguridad y salud, as\u00ed como acompa\u00f1arles, a permanecer en mi domicilio durante el periodo que va a permanecer cerrado el mencionado centro, por obligaci\u00f3n imperativa establecida por la Administraci\u00f3n, consideraci\u00f3n que ha de tener el presente supuesto. As\u00ed mismo quiero solicitar poder continuar realizando mi labor profesional desde mi domicilio mediante el uso de las nuevas tecnolog\u00edas con la modalidad de teletrabajo.<\/p>\n<p>&nbsp;<\/p>\n<p>Por todo lo expuesto,<\/p>\n<p>&nbsp;<\/p>\n<p><strong>SOLICITO DE ESA DIRECCION<\/strong> que, tenga por hechas las anteriores manifestaciones a los efectos que procedan, estando a su disposici\u00f3n para cualquier aclaraci\u00f3n,<strong> y comunico que continuar\u00e9 realizando mi labor docente por v\u00eda telem\u00e1tica\u00a0 desde mi domicilio<\/strong>.<\/p>\n<p>&nbsp;<\/p>\n<p>En \u2026\u2026\u2026\u2026\u2026\u2026\u2026\u2026\u2026.., a \u2026\u2026. de marzo de 2020<\/p>\n<p>&nbsp;<\/p>\n<p>Fdo.: \u2026\u2026\u2026\u2026\u2026\u2026\u2026\u2026\u2026\u2026\u2026\u2026\u2026\u2026\u2026\u2026..<\/p>\n<p>&nbsp;<\/p>\n<p>Recib\u00ed: La Empresa<\/p>\n","protected":false},"excerpt":{"rendered":"<p>DESCAGAR <a href=\"https:\/\/www.cgt-lkn.org\/wp-content\/uploads\/sites\/19\/2020\/03\/Modelo-de-carta-para-la-direcci\u00f3n-de-cada-centro.pdf\">Modelo de carta para la direcci\u00f3n de cada centro<\/a> PDF<\/p>\n","protected":false},"author":178,"featured_media":0,"comment_status":"closed","ping_status":"open","sticky":false,"template":"","format":"standard","meta":{"footnotes":"","_links_to":"","_links_to_target":""},"categories":[8,22,33,23,4,26],"tags":[],"class_list":["post-494","post","type-post","status-publish","format-standard","hentry","category-agiriak-documentos","category-castellano","category-covid-19","category-euskera","category-irakasleak","category-comunicados"],"publishpress_future_action":{"enabled":false,"date":"2026-05-07 02:37:04","action":"change-status","newStatus":"draft","terms":[],"taxonomy":"category","extraData":[]},"publishpress_future_workflow_manual_trigger":{"enabledWorkflows":[]},"_links":{"self":[{"href":"https:\/\/www.cgt-lkn.org\/bizkaia-hezkuntza\/index.php?rest_route=\/wp\/v2\/posts\/494","targetHints":{"allow":["GET"]}}],"collection":[{"href":"https:\/\/www.cgt-lkn.org\/bizkaia-hezkuntza\/index.php?rest_route=\/wp\/v2\/posts"}],"about":[{"href":"https:\/\/www.cgt-lkn.org\/bizkaia-hezkuntza\/index.php?rest_route=\/wp\/v2\/types\/post"}],"author":[{"embeddable":true,"href":"https:\/\/www.cgt-lkn.org\/bizkaia-hezkuntza\/index.php?rest_route=\/wp\/v2\/users\/178"}],"replies":[{"embeddable":true,"href":"https:\/\/www.cgt-lkn.org\/bizkaia-hezkuntza\/index.php?rest_route=%2Fwp%2Fv2%2Fcomments&post=494"}],"version-history":[{"count":6,"href":"https:\/\/www.cgt-lkn.org\/bizkaia-hezkuntza\/index.php?rest_route=\/wp\/v2\/posts\/494\/revisions"}],"predecessor-version":[{"id":815,"href":"https:\/\/www.cgt-lkn.org\/bizkaia-hezkuntza\/index.php?rest_route=\/wp\/v2\/posts\/494\/revisions\/815"}],"wp:attachment":[{"href":"https:\/\/www.cgt-lkn.org\/bizkaia-hezkuntza\/index.php?rest_route=%2Fwp%2Fv2%2Fmedia&parent=494"}],"wp:term":[{"taxonomy":"category","embeddable":true,"href":"https:\/\/www.cgt-lkn.org\/bizkaia-hezkuntza\/index.php?rest_route=%2Fwp%2Fv2%2Fcategories&post=494"},{"taxonomy":"post_tag","embeddable":true,"href":"https:\/\/www.cgt-lkn.org\/bizkaia-hezkuntza\/index.php?rest_route=%2Fwp%2Fv2%2Ftags&post=494"}],"curies":[{"name":"wp","href":"https:\/\/api.w.org\/{rel}","templated":true}]}}