{"id":488,"date":"2020-02-25T12:35:11","date_gmt":"2020-02-25T12:35:11","guid":{"rendered":"http:\/\/www.cgt-lkn.org\/bizkaia\/hezkuntza\/?p=488"},"modified":"2020-03-14T13:22:31","modified_gmt":"2020-03-14T13:22:31","slug":"homofobos-y-elitistas-asi-son-algunos-de-los-colegios-que-financia-el-gobierno-vasco","status":"publish","type":"post","link":"https:\/\/www.cgt-lkn.org\/bizkaia-hezkuntza\/?p=488","title":{"rendered":"Hom\u00f3fobos y elitistas: as\u00ed son algunos de los colegios que financia el Gobierno Vasco"},"content":{"rendered":"<footer class=\"article-info\">\n<p id=\"m95-94-96\" class=\"signature\">DANILO ALBIN <a id=\"m341-1-342\" class=\"twitter undefined\" title=\"Twitter de Danilo Albin\" href=\"https:\/\/www.twitter.com\/danialri\" target=\"_blank\" rel=\"noopener noreferrer\">@danialri<\/a><\/p>\n<\/footer>\n<div class=\"article-text\">\n<p id=\"m214-213-215\" class=\"pb-article-item-iteration\">Uno se llamaba Jon. El otro, Ekaitz. Cuando estaban en Primero de Bachillerato de Erain, un colegio del Opus Dei situado en Irun (Gipuzkoa) que\u00a0<b>segrega por sexo<\/b>, sentenciaron en un trabajo que el \u00ablobby rosa\u00bb es un \u00abgrupo de presi\u00f3n referente a los homosexuales\u00bb, cuyo objetivo en este mundo es \u00abintroducir la homosexualidad y\u00a0<b>el estilo de vida &#8216;gay&#8217;\u00a0<\/b>en la sociedad\u00bb. Para ello, \u00absuelen organizarse en asociaciones y procuran introducirse en los diferentes \u00e1mbitos de poder y concretamente en los medios de comunicaci\u00f3n\u00bb.<\/p>\n<p id=\"m219-1-220\" class=\"pb-article-item-iteration\">La obra de ambos alumnos mereci\u00f3 ser colgada en internet \u2013all\u00ed est\u00e1 disponible a d\u00eda de hoy\u2013 por el Departamento de Religi\u00f3n de ese colegio, cuya direcci\u00f3n\u00a0<b>recibe dinero del Gobierno Vasco<\/b>. No en vano, Erain es uno de los centros educativos religiosos\u00a0<a title=\"El colegio del Opus que visit\u00f3 Urkullu ense\u00f1a que las relaciones homosexuales son &quot;aberrantes&quot;\" href=\"https:\/\/www.publico.es\/politica\/opus-dei-colegio-opus-visito-urkullu-ensena-relaciones-homosexuales-son-aberrantes.html\" target=\"_blank\" rel=\"noopener noreferrer\">vinculados al Opus<\/a>\u00a0que se benefician de los fondos otorgados cada a\u00f1o por el Ejecutivo auton\u00f3mico.<\/p>\n<div class=\"teads-inread\">\n<div>\n<div class=\"teads-ui-components-credits\"><\/div>\n<\/div>\n<\/div>\n<p id=\"m224-2-225\" class=\"pb-article-item-iteration\">La concertaci\u00f3n educativa en el Pa\u00eds Vasco cuesta unos cuantos millones de euros. Concretamente,\u00a0<b>hasta 608,7 millones<\/b>\u00a0de euros para el curso 2019-2020, seg\u00fan inform\u00f3 el Departamento de Educaci\u00f3n en septiembre pasado. Esa cantidad supuso un incremento de 27,5 millones de euros en relaci\u00f3n al a\u00f1o anterior.<\/p>\n<div class=\"relacionadas\">\n<div class=\"related-module related-news-between-text\">\n<div class=\"related\">\n<div class=\"item-related-news-between-text\">\n<div class=\"img\"><a class=\"image page-item-link\" href=\"https:\/\/www.publico.es\/politica\/censura-parental-defensores-censura-parental-preparan-encuentro-bilbao-apoyo-obispos.html\"><img decoding=\"async\" class=\"alignright\" src=\"https:\/\/www.publico.es\/files\/module_small_modules_list_horizontal\/uploads\/2020\/01\/23\/5e299449e1790.jpeg\" alt=\"Defensores de la censura parental preparan un encuentro en Bilbao con apoyo de obispos\" \/><\/a><\/div>\n<div class=\"text\">\n<div class=\"title\"><a class=\"page-item-link\" href=\"https:\/\/www.publico.es\/politica\/censura-parental-defensores-censura-parental-preparan-encuentro-bilbao-apoyo-obispos.html\">Defensores de la censura parental preparan un encuentro en Bilbao con apoyo de obispos<\/a><\/div>\n<\/div>\n<\/div>\n<\/div>\n<div><\/div>\n<\/div>\n<\/div>\n<p id=\"m229-3-230\" class=\"pb-article-item-iteration\">\u00abDurante este curso 2019-2020, estudian en Euskadi algo m\u00e1s de 341.000 alumnos y alumnas, en las etapas que van desde 2\u00ba ciclo de Educaci\u00f3n Infantil hasta la Formaci\u00f3n Profesional. De entre ellos, cerca de 175.600 lo hacen en centros p\u00fablicos, y en torno a\u00a0<b>165.500 en centros concertados<\/b>\u00ab, se\u00f1alaron desde el Departamento de Educaci\u00f3n.<\/p>\n<p id=\"m234-4-235\" class=\"pb-article-item-iteration\">La red concertada est\u00e1 formada por 314 colegios, entre los que se<b>\u00a0incluyen escuelas religiosas<\/b>\u00a0\u2013agrupadas bajo el paraguas de la\u00a0<a title=\"La patronal de colegios religiosos de Euskadi no logra frenar la huelga en la educaci\u00f3n concertada\" href=\"https:\/\/www.publico.es\/sociedad\/patronal-colegios-religiosos-euskadi-no-logra-frenar-huelga-educacion-concertada.html\" target=\"_blank\" rel=\"noopener noreferrer\">patronal Kristau Eskola<\/a>\u2013 e ikastolas,\u00a0<b>unos centros laicos<\/b>\u00a0que nacieron para promover el aprendizaje en euskera en los duros a\u00f1os de la dictadura franquista, que persegu\u00eda a quienes hablaban y defend\u00edan este idioma. Hoy las ikastolas mantienen su oferta educativa y \u00abcompiten\u00bb por el\u00a0<b>alumnado euskaldun (vascoparlante)<\/b>\u00a0con la escuela p\u00fablica vasca, donde tambi\u00e9n se garantiza una educaci\u00f3n completa en euskera.<\/p>\n<p id=\"m239-5-240\" class=\"pb-article-item-iteration\">\u00abOfrecemos una\u00a0<b>educaci\u00f3n vasca, pluriling\u00fce<\/b>, y somos propulsores en el uso de la tecnolog\u00eda de la informaci\u00f3n y la comunicaci\u00f3n\u00bb, explica Ikastolen Elkartea (Asociaci\u00f3n de Ikastolas) en un apartado de su p\u00e1gina web. En el \u00e1mbito de Euskal Herria \u2013incluyendo Navarra y el Pa\u00eds Vasco franc\u00e9s\u2013 hay, seg\u00fan datos de esa organizaci\u00f3n,\u00a0<b>111 ikastolas<\/b>, con 57.322 alumnos y 4.500 profesores.<\/p>\n<div class=\"relacionadas\">\n<div class=\"related-module related-news-between-text\">\n<div class=\"related\">\n<div class=\"item-related-news-between-text\">\n<div class=\"img\"><a class=\"image page-item-link\" href=\"https:\/\/www.publico.es\/politica\/opus-dei-visita-no-publica-lehendakari-colegio-opus-llega-parlamento-vasco.html\"><img decoding=\"async\" class=\"alignleft\" src=\"https:\/\/www.publico.es\/files\/module_small_modules_list_horizontal\/uploads\/2019\/12\/20\/5dfcc1e4b2d3f.jpg\" alt=\"La visita del lehendakari a un colegio del Opus llega al Parlamento Vasco\" \/><\/a><\/div>\n<div class=\"text\">\n<div class=\"title\"><a class=\"page-item-link\" href=\"https:\/\/www.publico.es\/politica\/opus-dei-visita-no-publica-lehendakari-colegio-opus-llega-parlamento-vasco.html\">La visita del lehendakari a un colegio del Opus llega al Parlamento Vasco<\/a><\/div>\n<\/div>\n<\/div>\n<\/div>\n<div><\/div>\n<\/div>\n<\/div>\n<p>Kristau Eskola cuenta con 128 colegios en Araba, Bizkaia y Gipuzkoa<\/p>\n<p id=\"m249-7-250\" class=\"pb-article-item-iteration\">Por su parte, Kristau Eskola se\u00f1ala que cuenta con\u00a0<b>128 colegios<\/b>\u00a0en Araba, Bizkaia y Gipuzkoa. Participan all\u00ed \u00ab90 mil familias\u00bb y trabajan ocho mil educadores. Los seis colegios vinculados al Opus en Euskadi\u00a0<b>no forman parte de esta entidad<\/b>, sino que est\u00e1n integrados en el Grupo COAS.<\/p>\n<p id=\"m254-8-255\" class=\"pb-article-item-iteration\">Entre esa media docena de centros hay una caracter\u00edstica en com\u00fan: en sus aulas se practica la segregaci\u00f3n por sexo. \u00abEn algunas etapas optamos\u00a0<b>por la educaci\u00f3n diferenciada<\/b>\u00a0porque creemos que as\u00ed es m\u00e1s f\u00e1cil que cada alumna y cada alumno alcance el m\u00e1ximo desarrollo de sus capacidades, descubriendo sus fortalezas y dise\u00f1ando\u00a0<b>su propio proyecto personal<\/b>\u00a0de vida\u00bb, explica COAS en su web.<\/p>\n<p id=\"m259-9-260\" class=\"pb-article-item-iteration\">El Departamento de Religi\u00f3n de ese grupo educativo ofrece distintos materiales\u00a0<b>sobre la \u00abhomosexualidad\u00bb<\/b>. En uno de sus powerpoints para utilizar en clase, acusan \u2013entre otros\u2013 a \u00abquienes buscan el placer con personas del mismo sexo (homosexualidad)\u00bb de actuar contra los preceptos de la \u00abley divina\u00bb. Tambi\u00e9n se\u00f1alan a \u00abquienes\u00a0<a title=\"La cl\u00ednica del Opus recomienda la &quot;fidelidad conyugal&quot; como &quot;mejor profilaxis&quot; para prevenir el VIH\" href=\"https:\/\/www.publico.es\/politica\/dia-mundial-lucha-sida-clinica-opus-recomienda-fidelidad-conyugal-mejor-profilaxis-prevenir-vih.html\" target=\"_blank\" rel=\"noopener noreferrer\">buscan el placer sexual<\/a>\u00a0solitario\u00a0<b>(masturbaci\u00f3n)<\/b>\u00bb o a aquellos que \u00abconsienten voluntariamente pensamiento y deseos impuros\u00bb.<\/p>\n<div class=\"relacionadas\">\n<div class=\"related-module related-news-between-text\">\n<div class=\"related\">\n<div class=\"item-related-news-between-text\">\n<div class=\"img\"><a class=\"image page-item-link\" href=\"https:\/\/www.publico.es\/politica\/opus-dei-colegio-opus-visito-urkullu-ensena-relaciones-homosexuales-son-aberrantes.html\"><img decoding=\"async\" class=\"alignleft\" src=\"https:\/\/www.publico.es\/files\/module_small_modules_list_horizontal\/uploads\/2019\/12\/18\/5dfa0a98e7c5a.jpg\" alt=\"El colegio del Opus que visit\u00f3 Urkullu ense\u00f1a que las relaciones homosexuales son \" \/><\/a><\/div>\n<div class=\"text\">\n<div class=\"title\"><a class=\"page-item-link\" href=\"https:\/\/www.publico.es\/politica\/opus-dei-colegio-opus-visito-urkullu-ensena-relaciones-homosexuales-son-aberrantes.html\">El colegio del Opus que visit\u00f3 Urkullu ense\u00f1a que las relaciones homosexuales son \u00ababerrantes\u00bb<\/a><\/div>\n<\/div>\n<\/div>\n<\/div>\n<div><\/div>\n<\/div>\n<\/div>\n<p>El Gobierno Vasco destin\u00f3 m\u00e1s de 13 millones de euros a centros vinculados al Opus<\/p>\n<p id=\"m269-11-270\" class=\"pb-article-item-iteration\">De acuerdo a los listados del Departamento de Educaci\u00f3n, en el curso 2019\/2020 los seis centros vinculados al Opus\u00a0<b>recibieron m\u00e1s de 13 millones\u00a0<\/b>de euros del Gobierno Vasco. El colegio que m\u00e1s dinero recibi\u00f3 fue Ayalde, con\u00a0<b>4.471.773 euros<\/b>. Seg\u00fan ha podido cotejar P\u00fablico, el monto total otorgado en esta ocasi\u00f3n a dichos centros religiosos es similar al de a\u00f1os anteriores.<\/p>\n<h2 id=\"m274-12-275\" class=\"highlighted\">Segregaci\u00f3n socioecon\u00f3mica<\/h2>\n<p id=\"m279-13-280\" class=\"pb-article-item-iteration\">Adem\u00e1s de las pol\u00e9micas posiciones ideol\u00f3gicas que defienden algunos de estos centros educativos financiados con dinero p\u00fablico, el\u00a0<b>modelo de concertaci\u00f3n del Pa\u00eds Vasco<\/b>\u00a0esconde otro problema: \u00a0distintas plataformas, sindicatos y partidos han denunciado en varias ocasiones el car\u00e1cter \u00absegregador\u00bb en t\u00e9rminos socioecon\u00f3micos de la educaci\u00f3n concertada.<\/p>\n<p id=\"m284-14-285\" class=\"pb-article-item-iteration\">\u00a0\u00abEn Euskadi, al igual que en muchas comunidades aut\u00f3nomas, la tasa de\u00a0<b>segregaci\u00f3n escolar socioecon\u00f3mica\u00a0<\/b>no ha dejado de aumentar durante los \u00faltimos a\u00f1os. El aumento de la segregaci\u00f3n escolar se debe, principalmente, a la falta de pol\u00edticas educativas que pongan freno a este fen\u00f3meno y apuesten por una educaci\u00f3n inclusiva basada en el principio de equidad\u00bb, denunci\u00f3 Save The Children en un informe publicado en abril de 2018.<\/p>\n<div class=\"relacionadas\">\n<div class=\"related-module related-news-between-text\">\n<div class=\"related\">\n<div class=\"item-related-news-between-text\">\n<div class=\"img\"><a class=\"image page-item-link\" href=\"https:\/\/www.publico.es\/politica\/euskadi-lehendakari-oculto-visita-colegio-opus-dei-segrega-sexos.html\"><img decoding=\"async\" class=\"alignleft\" src=\"https:\/\/www.publico.es\/files\/module_small_modules_list_horizontal\/uploads\/2019\/12\/18\/5dfa0ac0eab9e.jpg\" alt=\"El lehendakari ocult\u00f3 su visita a un colegio del Opus Dei que segrega por sexos\" \/><\/a><\/div>\n<div class=\"text\">\n<div class=\"title\"><a class=\"page-item-link\" href=\"https:\/\/www.publico.es\/politica\/euskadi-lehendakari-oculto-visita-colegio-opus-dei-segrega-sexos.html\">El lehendakari ocult\u00f3 su visita a un colegio del Opus Dei que segrega por sexos<\/a><\/div>\n<\/div>\n<\/div>\n<\/div>\n<div><\/div>\n<\/div>\n<\/div>\n<p>\u00ab4 de cada 10 ni\u00f1os y ni\u00f1as en Euskadi estudian en centros con concentraci\u00f3n de alumnado vulnerable\u00bb<\/p>\n<p id=\"m294-16-295\" class=\"pb-article-item-iteration\">La ONG advirti\u00f3 que \u00ab<b>en la actualidad, 4 de cada 10<\/b>\u00a0ni\u00f1os y ni\u00f1as en Euskadi estudian en centros con concentraci\u00f3n de alumnado vulnerable\u00bb. En tal sentido, destacaba en su informe que la segregaci\u00f3n socioecon\u00f3mica en las escuelas consiste precisamente en la \u00abdistribuci\u00f3n desigual en centros escolares de los ni\u00f1os y ni\u00f1as que pertenecen a las familias con menos recursos\u00bb. \u00abEn Euskadi el \u00edndice de segregaci\u00f3n escolar es de 0,27 y es la\u00a0<b>cuarta comunidad aut\u00f3noma<\/b>\u00a0m\u00e1s alta, por detr\u00e1s de Madrid, Catalu\u00f1a y La Rioja\u00bb, apuntaba en ese informe.<\/p>\n<p id=\"m299-17-300\" class=\"pb-article-item-iteration\">Save The Children se\u00f1alaba que \u00abel\u00a0<b>88,9% de los centros vascos<\/b>\u00a0con muy altos niveles de concentraci\u00f3n son de titularidad p\u00fablica\u00bb. \u00abSi tenemos en cuenta que el 48% del total del alumnado est\u00e1 escolarizado en centros concertados podemos hacernos una idea de la\u00a0<b>falta de corresponsabilidad<\/b>\u00a0de esta red en su labor de contribuir a la igualdad de oportunidades y a la equidad educativa\u00bb, advert\u00eda.<\/p>\n<\/div>\n<p>fuente: https:\/\/www.publico.es\/politica\/educacion-concertada-homofobos-elitistas-son-colegios-financia-gobierno-vasco.html<\/p>\n","protected":false},"excerpt":{"rendered":"<h2 id=\"m69-68-70\"><span style=\"font-size: 10pt\">El modelo de concertaci\u00f3n vigente en Euskadi garantiza m\u00e1s de 600 millones de euros para la financiaci\u00f3n de 314 centros, entre los que se encuentran aquellos de car\u00e1cter religioso. Seis de ellos, vinculados al Opus, recibieron este curso m\u00e1s de 13 millones de euros.<\/span><\/h2>\n","protected":false},"author":178,"featured_media":0,"comment_status":"closed","ping_status":"open","sticky":false,"template":"","format":"standard","meta":{"footnotes":"","_links_to":"","_links_to_target":""},"categories":[18,19],"tags":[],"class_list":["post-488","post","type-post","status-publish","format-standard","hentry","category-beriak","category-publika"],"publishpress_future_action":{"enabled":false,"date":"2026-05-07 04:43:12","action":"change-status","newStatus":"draft","terms":[],"taxonomy":"category","extraData":[]},"publishpress_future_workflow_manual_trigger":{"enabledWorkflows":[]},"_links":{"self":[{"href":"https:\/\/www.cgt-lkn.org\/bizkaia-hezkuntza\/index.php?rest_route=\/wp\/v2\/posts\/488","targetHints":{"allow":["GET"]}}],"collection":[{"href":"https:\/\/www.cgt-lkn.org\/bizkaia-hezkuntza\/index.php?rest_route=\/wp\/v2\/posts"}],"about":[{"href":"https:\/\/www.cgt-lkn.org\/bizkaia-hezkuntza\/index.php?rest_route=\/wp\/v2\/types\/post"}],"author":[{"embeddable":true,"href":"https:\/\/www.cgt-lkn.org\/bizkaia-hezkuntza\/index.php?rest_route=\/wp\/v2\/users\/178"}],"replies":[{"embeddable":true,"href":"https:\/\/www.cgt-lkn.org\/bizkaia-hezkuntza\/index.php?rest_route=%2Fwp%2Fv2%2Fcomments&post=488"}],"version-history":[{"count":1,"href":"https:\/\/www.cgt-lkn.org\/bizkaia-hezkuntza\/index.php?rest_route=\/wp\/v2\/posts\/488\/revisions"}],"predecessor-version":[{"id":489,"href":"https:\/\/www.cgt-lkn.org\/bizkaia-hezkuntza\/index.php?rest_route=\/wp\/v2\/posts\/488\/revisions\/489"}],"wp:attachment":[{"href":"https:\/\/www.cgt-lkn.org\/bizkaia-hezkuntza\/index.php?rest_route=%2Fwp%2Fv2%2Fmedia&parent=488"}],"wp:term":[{"taxonomy":"category","embeddable":true,"href":"https:\/\/www.cgt-lkn.org\/bizkaia-hezkuntza\/index.php?rest_route=%2Fwp%2Fv2%2Fcategories&post=488"},{"taxonomy":"post_tag","embeddable":true,"href":"https:\/\/www.cgt-lkn.org\/bizkaia-hezkuntza\/index.php?rest_route=%2Fwp%2Fv2%2Ftags&post=488"}],"curies":[{"name":"wp","href":"https:\/\/api.w.org\/{rel}","templated":true}]}}