{"id":363,"date":"2013-10-22T19:17:34","date_gmt":"2013-10-22T19:17:34","guid":{"rendered":"http:\/\/www.cgt-lkn.org\/bizkaia\/hezkuntza\/?p=363"},"modified":"2013-10-22T19:19:25","modified_gmt":"2013-10-22T19:19:25","slug":"urriak-24-de-octubre-estatu-mailako-greba-orokorra-hezkuntzan-huelga-general-educativa","status":"publish","type":"post","link":"https:\/\/www.cgt-lkn.org\/bizkaia-hezkuntza\/?p=363","title":{"rendered":"URRIAK 24 de OCTUBRE : ESTATU MAILAKO GREBA OROKORRA HEZKUNTZAN &#8211; HUELGA GENERAL EDUCATIVA"},"content":{"rendered":"<p style=\"text-align: center\"><a href=\"https:\/\/www.cgt-lkn.org\/wp-content\/uploads\/sites\/19\/2013\/10\/kartela_FECGT.jpg\"><a href=\"https:\/\/www.cgt-lkn.org\/wp-content\/uploads\/sites\/19\/2013\/10\/kartela_FECGT.jpg\"><img loading=\"lazy\" decoding=\"async\" class=\"aligncenter size-full wp-image-364\" alt=\"kartela_FECGT\" src=\"https:\/\/www.cgt-lkn.org\/wp-content\/uploads\/sites\/19\/2013\/10\/kartela_FECGT.jpg\" width=\"679\" height=\"960\" srcset=\"https:\/\/www.cgt-lkn.org\/bizkaia-hezkuntza\/wp-content\/uploads\/sites\/19\/2013\/10\/kartela_FECGT.jpg 566w, https:\/\/www.cgt-lkn.org\/bizkaia-hezkuntza\/wp-content\/uploads\/sites\/19\/2013\/10\/kartela_FECGT-212x300.jpg 212w\" sizes=\"auto, (max-width: 679px) 100vw, 679px\" \/><\/a><\/a><\/p>\n<p>&nbsp;<\/p>\n<p>24 de octubre: huelga de la ense\u00f1anza contra la LOMCE y los recortes<\/p>\n<p>La Federaci\u00f3n de Ense\u00f1anza de la CGT ha convocado- junto a otras organizaciones sociales y sindicales- Huelga del sector de la Ense\u00f1anza para el pr\u00f3ximo 24 de octubre.<\/p>\n<p>Esta convocatoria se enmarca en un calendario de movilizaciones contra la contrarreforma educativa del PP (Ley Org\u00e1nica de Mejora de la Calidad Educativa) y los continuados recortes en plantillas, salarios, becas y ayudas, atenci\u00f3n a la diversidad, aumento de alumnos por clase\u2026 de las diferentes administraciones educativas, promovido desde la Plataforma Estatal en defensa de la Escuela P\u00fablica, en la que adem\u00e1s de las organizaciones sindicales citados est\u00e1n la CEAPA, la Federaci\u00f3n de Movimientos de Renovaci\u00f3n Pedag\u00f3gica y varios sindicatos de estudiantes.<\/p>\n<p>El calendario de movilizaciones consiste en una consulta ciudadana sobre la LOMCE y los recortes educativos, la huelga de la ense\u00f1anza p\u00fablica del 24 de octubre y una marcha sobre Madrid, seguramente el 9 de noviembre. Los d\u00edas 23, 24 y 25 de octubre est\u00e1 convocada tambi\u00e9n huelga de estudiantes.<\/p>\n<p>Estas acciones coinciden en el tiempo con los tr\u00e1mites parlamentarios de la LOMCE promovida por el ministro Wert y el Gobierno del PP. Esta ley propugna m\u00e1s privatizaci\u00f3n de la ense\u00f1anza, m\u00e1s gesti\u00f3n privada de la p\u00fablica, mayor jerarquizaci\u00f3n del profesorado, m\u00e1s obst\u00e1culos y segregaci\u00f3n para el alumnado, religi\u00f3n cat\u00f3lica como asignatura evaluable, subvenciones a las privadas que segreguen por sexo\u2026<br \/>\nLa Federaci\u00f3n de Ense\u00f1anza de la CGT hace un llamamiento al profesorado, PAS, PDI, madres y padres y alumnado a sumarse a la huelga con masividad y contundencia para demostrar, una vez m\u00e1s, que las propuestas educativas del gobierno del PP y los recortes de los gobiernos de los diversos territorios y de las universidades son profundamente antisociales y perjudican gravemente la calidad de la educaci\u00f3n p\u00fablica y la igualdad de oportunidades de la ciudadan\u00eda.<\/p>\n<p>Tambi\u00e9n a realizar asambleas de centros, localidades y provincias para proponer y consensuar nuevas acciones de protesta y movilizaci\u00f3n que den continuidad a nuestra lucha por una ense\u00f1anza p\u00fablica, de calidad y de gesti\u00f3n p\u00fablica. Las movilizaciones de Madrid y Catalunya, en cursos anteriores, o de Baleares, este inicio de curso, son modelos que la CGT comparte y que potencia porque se basan en la participaci\u00f3n activa de la comunidad educativa en la toma de decisiones y en las acciones.<\/p>\n<p>La CGT hace una llamamiento a las clases populares para que el apoyo ciudadano a la Huelga del 24 de octubre sea masivo y se deje constancia nuevamente de nuestra oposici\u00f3n al desmantelamiento de los servicios p\u00fablicos.\u00a0Por una Educaci\u00f3n Publica, de calidad y universal para todas y todos<br \/>\n\u00a1\u00a1 El 24 de octubre Huelga en la Ense\u00f1anza !!<\/p>\n","protected":false},"excerpt":{"rendered":"<p>&nbsp; 24 de octubre: huelga de la ense\u00f1anza contra la LOMCE y los recortes La Federaci\u00f3n de Ense\u00f1anza de la<\/p>\n","protected":false},"author":178,"featured_media":0,"comment_status":"open","ping_status":"open","sticky":false,"template":"","format":"standard","meta":{"footnotes":"","_links_to":"","_links_to_target":""},"categories":[12,5,4],"tags":[],"class_list":["post-363","post","type-post","status-publish","format-standard","hentry","category-ekimenak-campanas","category-ikasleak","category-irakasleak"],"publishpress_future_action":{"enabled":false,"date":"2026-05-07 04:43:14","action":"change-status","newStatus":"draft","terms":[],"taxonomy":"category","extraData":[]},"publishpress_future_workflow_manual_trigger":{"enabledWorkflows":[]},"_links":{"self":[{"href":"https:\/\/www.cgt-lkn.org\/bizkaia-hezkuntza\/index.php?rest_route=\/wp\/v2\/posts\/363","targetHints":{"allow":["GET"]}}],"collection":[{"href":"https:\/\/www.cgt-lkn.org\/bizkaia-hezkuntza\/index.php?rest_route=\/wp\/v2\/posts"}],"about":[{"href":"https:\/\/www.cgt-lkn.org\/bizkaia-hezkuntza\/index.php?rest_route=\/wp\/v2\/types\/post"}],"author":[{"embeddable":true,"href":"https:\/\/www.cgt-lkn.org\/bizkaia-hezkuntza\/index.php?rest_route=\/wp\/v2\/users\/178"}],"replies":[{"embeddable":true,"href":"https:\/\/www.cgt-lkn.org\/bizkaia-hezkuntza\/index.php?rest_route=%2Fwp%2Fv2%2Fcomments&post=363"}],"version-history":[{"count":4,"href":"https:\/\/www.cgt-lkn.org\/bizkaia-hezkuntza\/index.php?rest_route=\/wp\/v2\/posts\/363\/revisions"}],"predecessor-version":[{"id":366,"href":"https:\/\/www.cgt-lkn.org\/bizkaia-hezkuntza\/index.php?rest_route=\/wp\/v2\/posts\/363\/revisions\/366"}],"wp:attachment":[{"href":"https:\/\/www.cgt-lkn.org\/bizkaia-hezkuntza\/index.php?rest_route=%2Fwp%2Fv2%2Fmedia&parent=363"}],"wp:term":[{"taxonomy":"category","embeddable":true,"href":"https:\/\/www.cgt-lkn.org\/bizkaia-hezkuntza\/index.php?rest_route=%2Fwp%2Fv2%2Fcategories&post=363"},{"taxonomy":"post_tag","embeddable":true,"href":"https:\/\/www.cgt-lkn.org\/bizkaia-hezkuntza\/index.php?rest_route=%2Fwp%2Fv2%2Ftags&post=363"}],"curies":[{"name":"wp","href":"https:\/\/api.w.org\/{rel}","templated":true}]}}