{"id":356,"date":"2013-08-27T09:05:41","date_gmt":"2013-08-27T09:05:41","guid":{"rendered":"http:\/\/www.cgt-lkn.org\/bizkaia\/hezkuntza\/?p=356"},"modified":"2020-06-19T08:16:01","modified_gmt":"2020-06-19T06:16:01","slug":"jeremy-hammond-askatu","status":"publish","type":"post","link":"https:\/\/www.cgt-lkn.org\/bizkaia-hezkuntza\/?p=356","title":{"rendered":"Jeremy Hammond askatu!"},"content":{"rendered":"<p><a href=\"http:\/\/borrokan.files.wordpress.com\/2013\/08\/jeremyprop_11x17.png\"><img loading=\"lazy\" decoding=\"async\" class=\"aligncenter\" src=\"http:\/\/borrokan.files.wordpress.com\/2013\/08\/jeremyprop_11x17.png\" alt=\"jeremyprop_11x17\" width=\"490\" height=\"757\" \/><\/a><\/p>\n<p>Jeremy Hammond (Chicago 8\/01\/1985), es un joven anarquista y programador inform\u00e1tico de 27 a\u00f1os, que lleva desde el 5 de marzo de 2012 detenido y encarcelado, dispersado en una c\u00e1rcel de m\u00e1xima seguridad de New York, sometido a fuertes medidas de control y censura. Jeremy, junto a otr@s seis ciberactivistas de Irlanda, reino Unido y Holanda, han sido acusado en base a las declaraciones y la colaboraci\u00f3n de un informante del FBI. Se les acusa de haber robado datos de la empresa privada de seguridad e inteligencia \u00abStrategic Forecasting Inc\u00bb (Stratfor), datos relacionados con trabajos realizados por dicha empresa para agencias estatales como la NSA, CIA o FBI y filtrarlos a Wikileaks para su difusi\u00f3n p\u00fablica. Estos datos demuestran la vigilancia p\u00fablica, a trav\u00e9s de empresas privadas, de todo tipo de activistas y movimientos sociales. Jeremy y sus compas son acusad@s de conformar un grupo \u00a0internacional de hackers denominado \u00abLulzSec\u00bb que habria atacado webs de empresas e instituciones p\u00fablicas norteamericanas.<\/p>\n<p>Jeremy Hammond ha sido desde sus a\u00f1os de instituto un militante muy activo, contra la guerra de Irak, los grupos nazis y derechistas, contra la represi\u00f3n, etc. \u00a0En diciembre de 2006 fue condenado a 2 a\u00f1os de c\u00e1rcel por atacar la p\u00e1gina web del grupo derechista \u00abPatriot Action\u00bb (beligerante contra los grupos y activistas anti-guerra), y cumpli\u00f3 \u00edntegramente su pena en una c\u00e1rcel federal en Greenville (Illinois).<\/p>\n<p>El juicio de Jeremy se inici\u00f3 el pasado 23 de julio en New York. Ante una pena que podr\u00eda alcanzar los 30 a\u00f1os de prisi\u00f3n Jeremy se declaro autor de los hechos imputados con lo que se enfrentara a una pena m\u00e1xima de 10 a\u00f1os en prisi\u00f3n. Ahora el compa\u00f1ero est\u00e1 a la espera de la sentencia del tribunal el pr\u00f3ximo 6 de septiembre.<\/p>\n<p>Declaraci\u00f3n de Jeremy tras las sesiones iniciales de su juicio:<\/p>\n<p><strong>\u00abAhora que me he declarado culpable es un alivio ser libre para decir que he colaborado con\u00a0<em>Anonymous<\/em>\u00a0para hackear\u00a0<em>Stratfor<\/em>, entre otras muchas p\u00e1ginas web. Entre otras las de empresas que suministran al ejercito y la polic\u00eda, empresas privadas de inteligencia y seguridad y agencias de las fuerzas de la ley. Lo he hecho porque creo que la gente tiene derecho a conocer lo que los gobiernos y corporaciones est\u00e1n haciendo a puerta cerrada. Hice lo que creo que es correcto\u00bb<\/strong><\/p>\n<p><a href=\"www.freejeremy.net\"><strong>www.freejeremy.net<\/strong><\/a><\/p>\n<p><a href=\"http:\/\/borrokan.files.wordpress.com\/2013\/08\/dec4084adbe2706c3b5edbb18a761698.jpg\"><img loading=\"lazy\" decoding=\"async\" class=\"aligncenter\" src=\"http:\/\/borrokan.files.wordpress.com\/2013\/08\/dec4084adbe2706c3b5edbb18a761698.jpg\" alt=\"dec4084adbe2706c3b5edbb18a761698\" width=\"490\" height=\"245\" \/><\/a><\/p>\n<p>Jeremy Hammond #18729-424<\/p>\n<p>Metropolitan Correctional Center<\/p>\n<p>150 Park Row<\/p>\n<p>10007 New York (USA)<\/p>\n","protected":false},"excerpt":{"rendered":"<p>Jeremy Hammond (Chicago 8\/01\/1985), es un joven anarquista y programador inform\u00e1tico de 27 a\u00f1os, que lleva desde el 5 de<\/p>\n","protected":false},"author":178,"featured_media":0,"comment_status":"closed","ping_status":"open","sticky":false,"template":"","format":"standard","meta":{"footnotes":"","_links_to":"","_links_to_target":""},"categories":[18,16],"tags":[51,50],"class_list":["post-356","post","type-post","status-publish","format-standard","hentry","category-beriak","category-espetxeak-carceles","tag-anonymous","tag-jeremy-hammond"],"publishpress_future_action":{"enabled":false,"date":"2026-05-07 04:43:59","action":"change-status","newStatus":"draft","terms":[],"taxonomy":"category","extraData":[]},"publishpress_future_workflow_manual_trigger":{"enabledWorkflows":[]},"_links":{"self":[{"href":"https:\/\/www.cgt-lkn.org\/bizkaia-hezkuntza\/index.php?rest_route=\/wp\/v2\/posts\/356","targetHints":{"allow":["GET"]}}],"collection":[{"href":"https:\/\/www.cgt-lkn.org\/bizkaia-hezkuntza\/index.php?rest_route=\/wp\/v2\/posts"}],"about":[{"href":"https:\/\/www.cgt-lkn.org\/bizkaia-hezkuntza\/index.php?rest_route=\/wp\/v2\/types\/post"}],"author":[{"embeddable":true,"href":"https:\/\/www.cgt-lkn.org\/bizkaia-hezkuntza\/index.php?rest_route=\/wp\/v2\/users\/178"}],"replies":[{"embeddable":true,"href":"https:\/\/www.cgt-lkn.org\/bizkaia-hezkuntza\/index.php?rest_route=%2Fwp%2Fv2%2Fcomments&post=356"}],"version-history":[{"count":4,"href":"https:\/\/www.cgt-lkn.org\/bizkaia-hezkuntza\/index.php?rest_route=\/wp\/v2\/posts\/356\/revisions"}],"predecessor-version":[{"id":715,"href":"https:\/\/www.cgt-lkn.org\/bizkaia-hezkuntza\/index.php?rest_route=\/wp\/v2\/posts\/356\/revisions\/715"}],"wp:attachment":[{"href":"https:\/\/www.cgt-lkn.org\/bizkaia-hezkuntza\/index.php?rest_route=%2Fwp%2Fv2%2Fmedia&parent=356"}],"wp:term":[{"taxonomy":"category","embeddable":true,"href":"https:\/\/www.cgt-lkn.org\/bizkaia-hezkuntza\/index.php?rest_route=%2Fwp%2Fv2%2Fcategories&post=356"},{"taxonomy":"post_tag","embeddable":true,"href":"https:\/\/www.cgt-lkn.org\/bizkaia-hezkuntza\/index.php?rest_route=%2Fwp%2Fv2%2Ftags&post=356"}],"curies":[{"name":"wp","href":"https:\/\/api.w.org\/{rel}","templated":true}]}}