{"id":252,"date":"2012-10-30T17:36:00","date_gmt":"2012-10-30T17:36:00","guid":{"rendered":"http:\/\/www.cgt-lkn.org\/bizkaia\/hezkuntza\/?p=252"},"modified":"2012-11-16T08:16:06","modified_gmt":"2012-11-16T08:16:06","slug":"tattoo-circus-2012-eibar","status":"publish","type":"post","link":"https:\/\/www.cgt-lkn.org\/bizkaia-hezkuntza\/?p=252","title":{"rendered":"TATTOO CIRCUS 2012 : EIBAR"},"content":{"rendered":"<div>\n<p><img decoding=\"async\" class=\"aligncenter\" src=\"http:\/\/euskalherria.indymedia.org\/images\/2012\/10\/82368.jpg\" alt=\"\" \/><\/p>\n<\/div>\n<p>Tattoo Circus-a kartzelen kontra eta presoekiko elkartasunaren alde lan egiten duten talde eta egitura ezberdinen arteko topaketa bat da.<\/p>\n<p>Aurten, aurrenekoz ospatuko da Eibarren (abenduak 21, 22, 23), ideia hau berria izan ez arren. Lehenengo edizioa, Erroman ospatu zen 2007.urtean. Honen ostean, Bartzelona, Londres, Tesalonika, Zaragozako eta hainbat tokitako ekintzaile gehiagok bereganatu zuten, topaketa mota hau. Milaka lagunek hartu dute parte bertan, egun, beraien gorputzak begiratzean, borroka hau ikusten dutelarik beraien azaletan.<\/p>\n<p>Tattoo Circus-aren funtsa, adierazpen askatasunaren eta parte-hartze politikoaren arteko lotura sortzea eta indartzea da, hau da, tatuaiaren kultura eta errepresioaren nahiz kartzelaratzeen aurkako borroka batzen diren gunea sortzea.<\/p>\n<p>Inork ez du irabazi ekonomikorik ateratzen ekimen honetatik, ez tatuatzaileek, ez piercing egileek, ez taldeek, ez artistek ,ez kolektiboek&#8230; Bertara bideratutako, esfortzu, ezagutza, indar eta erabilitako baliabide guztiak, estatuaren, kapitalismoaren eta hauen beso errepresibo guztien aurka egiteko batzen dira.<\/p>\n<p>Honetaz gain, Tatto Circus-a, hitzaldiak, tailerrak, erakusketak, distri topaketak eta presoei idazteko gunea ere bada. Guzti honek, badauka beste alderdi ludikoago bat ere, antzerkiak, kontzertuak, janaria eta barra esate baterako.<\/p>\n<p>Proiektu honetan parte hartzera gonbidatzen zaituztegu, gerturatuz, bertako lanetan lagunduz, pertsona moduan aberastuz eta guzti honetaz gozatuz; beti ere askatasuna lapurtuta duten lagun guztiei elkartasuna adieraziz.<\/p>\n<p><strong>ERAKUSKETA SUBASTA TATTOO CIRCUS<\/strong>\u00a0Eibarko Karrika Tabernan.<br \/>\nAzaraoan zehar, abenduak 22ra arte, ikusgai izango dira hainbat lan\u00a0artistiko Karrika Tabernan (Eibar). Hilabete osoan zuk zeuk ipini\u00a0ahalko diozu prezioa gustoko duzun lanar eta azken suabastan erabakiko<br \/>\nda nork eramango duen etxera; subasta abenduaren 22an izango da\u00a0arratsaldeko 4retan.\u00a0Erakusketako lanetatik ateratako dirua presoei leguntzeko izango da.<\/p>\n<p>ANIMATU, ETORRI, IKUSI ETA JOLASTU ELKARTASUNAREN ALDE!!!<\/p>\n<p>ESPETXEAK APURTU!!!<\/p>\n<p>___________________________________________________________________________________________________________________________________________________________________________<\/p>\n<p><strong>Tattoo Circus es un encuentro para diferentes colectivos y estructuras que operan en el \u00e1mbito de la lucha contra las c\u00e1rceles y en solidaridad a lxs presxs.<\/strong><\/p>\n<p><strong>Este a\u00f1o se celebra en Eibar por primera vez (21, 22, 23 de diciembre), pero la idea no es nueva. Su primera edici\u00f3n fue en el 2007 en Roma, activistas de Barcelona, Londres, Tesalonica, Zaragoza y muchas m\u00e1s asumieron el concepto de este encuentro. Miles de personas han participado y hoy miran sus cuerpos con los cuales apoyaron a aquellas personas que no pueden estar entre nosotrxs.<\/strong><\/p>\n<p><strong>La esencia de este acto de solidaridad es crear una puerta de enlace entre la libre expresi\u00f3n y la participaci\u00f3n pol\u00edtica. Tattoo Circus , crear un espacio donde la cultura del tatuaje y la lucha contra la represi\u00f3n y el encarcelamiento se reunir\u00e1n.<\/strong><\/p>\n<p><strong>El principio del Tattoo Circus es que nadie gana nada en este encuentro, ni los\u00a0tatuadorxs,\u00a0 perforadorxs, bandas,\u00a0artistas,\u00a0colectivos\u2026..todo el esfuerzo, conocimiento, energ\u00eda, recursos son por convicci\u00f3n pol\u00edtica contra el Estado, el capitalismo y todas sus herramientas de represi\u00f3n.<\/strong><\/p>\n<p><strong>Tattoo Circus es tambi\u00e9n un conjunto de\u00a0talleres\u00a0(cartas a presxs, serigraf\u00eda\u2026),\u00a0charlas(informativas, experiencias personales de lucha dentro las c\u00e1rceles\u2026\u2026.),\u00a0lecturas,\u00a0exposiciones, encuentro de distris\u2026..<\/strong><\/p>\n<p><strong>La parte m\u00e1s l\u00fadica estar\u00e1 a cargo de lxs artistas,\u00a0obras de teatro,\u00a0conciertos,\u00a0comida\u00a0y\u00a0barra.<\/strong><\/p>\n<p><strong>Os invitamos a participar, ayudar y enriquecer este proyecto en solidaridad a nuestrxs compa\u00f1erxs privadas de libertad.<\/strong><\/p>\n<p><strong>EXPOSICION SUBASTA TATTOO CIRCUS<\/strong>\u00a0en el bar Karrika Taberna de Eibar.<br \/>\nDiferentes trabajos artisticos estaran expuestos en el bar Karrika de\u00a0Eibar entre el 22 de noviembre y el 22 de diciembre, dia este en el\u00a0que se subastaran. Durante todo el mes las personas que quieran pujar<br \/>\npor uno de los trabajos pondran precio al que mas le guste y el dia 22\u00a0de diciembre en una subasta general podr\u00e1 llevarselo a casa, la\u00a0subasta tendra lugar el dia 22 de diciembre a las 16.00 en el mismo<br \/>\nlocal.\u00a0Todo el dinero recaudado ira destinado a la ayuda pro-presxs!!!<br \/>\nAnimate y apuesta por la solidaridad!!!!!<br \/>\nInauguracion el dia 22 de Noviembre a las 19.00<\/p>\n<p><strong>\u00a0<\/strong><strong>ABAJO LOS MUROS DE LAS PRISIONES!!<\/strong><\/p>\n<p><strong><a href=\"http:\/\/eibartattoocircus.blogspot.com.es\/\" target=\"_blank\">http:\/\/eibartattoocircus.blogspot.com.es\/<\/a><\/strong><\/p>\n<p><img decoding=\"async\" src=\"http:\/\/euskalherria.indymedia.org\/img\/mail_small.gif\" alt=\"tattocircuseibar@gmail.com\" \/>\u00a0e-mail:\u00a0<a href=\"mailto:tattocircuseibar@gmail.com\" rel=\"external\">tattocircuseibar@gmail.com<\/a><\/p>\n","protected":false},"excerpt":{"rendered":"<p>Tattoo Circus-a kartzelen kontra eta presoekiko elkartasunaren alde lan egiten duten talde eta egitura ezberdinen arteko topaketa bat da. Aurten,<\/p>\n","protected":false},"author":178,"featured_media":0,"comment_status":"open","ping_status":"open","sticky":false,"template":"","format":"standard","meta":{"footnotes":"","_links_to":"","_links_to_target":""},"categories":[16],"tags":[],"class_list":["post-252","post","type-post","status-publish","format-standard","hentry","category-espetxeak-carceles"],"publishpress_future_action":{"enabled":false,"date":"2026-05-07 04:43:11","action":"change-status","newStatus":"draft","terms":[],"taxonomy":"category","extraData":[]},"publishpress_future_workflow_manual_trigger":{"enabledWorkflows":[]},"_links":{"self":[{"href":"https:\/\/www.cgt-lkn.org\/bizkaia-hezkuntza\/index.php?rest_route=\/wp\/v2\/posts\/252","targetHints":{"allow":["GET"]}}],"collection":[{"href":"https:\/\/www.cgt-lkn.org\/bizkaia-hezkuntza\/index.php?rest_route=\/wp\/v2\/posts"}],"about":[{"href":"https:\/\/www.cgt-lkn.org\/bizkaia-hezkuntza\/index.php?rest_route=\/wp\/v2\/types\/post"}],"author":[{"embeddable":true,"href":"https:\/\/www.cgt-lkn.org\/bizkaia-hezkuntza\/index.php?rest_route=\/wp\/v2\/users\/178"}],"replies":[{"embeddable":true,"href":"https:\/\/www.cgt-lkn.org\/bizkaia-hezkuntza\/index.php?rest_route=%2Fwp%2Fv2%2Fcomments&post=252"}],"version-history":[{"count":4,"href":"https:\/\/www.cgt-lkn.org\/bizkaia-hezkuntza\/index.php?rest_route=\/wp\/v2\/posts\/252\/revisions"}],"predecessor-version":[{"id":255,"href":"https:\/\/www.cgt-lkn.org\/bizkaia-hezkuntza\/index.php?rest_route=\/wp\/v2\/posts\/252\/revisions\/255"}],"wp:attachment":[{"href":"https:\/\/www.cgt-lkn.org\/bizkaia-hezkuntza\/index.php?rest_route=%2Fwp%2Fv2%2Fmedia&parent=252"}],"wp:term":[{"taxonomy":"category","embeddable":true,"href":"https:\/\/www.cgt-lkn.org\/bizkaia-hezkuntza\/index.php?rest_route=%2Fwp%2Fv2%2Fcategories&post=252"},{"taxonomy":"post_tag","embeddable":true,"href":"https:\/\/www.cgt-lkn.org\/bizkaia-hezkuntza\/index.php?rest_route=%2Fwp%2Fv2%2Ftags&post=252"}],"curies":[{"name":"wp","href":"https:\/\/api.w.org\/{rel}","templated":true}]}}