{"id":1364,"date":"2025-05-19T08:07:18","date_gmt":"2025-05-19T06:07:18","guid":{"rendered":"https:\/\/www.cgt-lkn.org\/bizkaia\/hezkuntza\/?p=1364"},"modified":"2025-05-19T08:07:18","modified_gmt":"2025-05-19T06:07:18","slug":"firma-el-convenio-del-profesorado-de-la-ensenanza-publica","status":"publish","type":"post","link":"https:\/\/www.cgt-lkn.org\/bizkaia-hezkuntza\/?p=1364","title":{"rendered":"Firma el convenio del profesorado de la ense\u00f1anza p\u00fablica"},"content":{"rendered":"<p>El Acuerdo Regulador ha sido firmado por la mayor\u00eda de la representaci\u00f3n docente. A trav\u00e9s de la lucha de los y las trabajadoras hemos conseguido los recursos que ped\u00edamos para mejorar la calidad educativa, mejorar las condiciones de trabajo, aliviar las cargas de trabajo, aumentar el salario, la cobranza del verano para el personal sustituto, alargar el permiso de lactancia, situar la tasa de interinidad por debajo del 5% y medidas de rejuvenecimiento.<\/p>\n<ul>\n<li>Coordinadores o coordinadoras para proyectos ling\u00fc\u00edsticos. Docentes para centros de muy alto y alto \u00edndice de complejidad educativa: hasta 15 grupos, 0,5 jornadas; a partir de 16 grupos, 1 jornada. Profesores para el resto de centros de acuerdo seg\u00fan los siguientes criterios: resultados de la evaluaci\u00f3n interna del centro de la competencia ling\u00fc\u00edstica en euskera, resultados de la evaluaci\u00f3n diagn\u00f3stica realizada por el centro en la evaluaci\u00f3n de la competencia ling\u00fc\u00edstica en euskera y contexto socioling\u00fc\u00edstico. En el curso 2025-26 se iniciar\u00e1 un pilotaje en al menos 10 centros de HKI alto y muy alto, en el curso 2026-27 se extender\u00e1 a los centros de HKI alto y muy alto y en el curso 2027-28 a todos los dem\u00e1s centros. Seg\u00fan nuestros c\u00e1lculos estimamos que ser\u00e1n m\u00e1s de 350 profesores.<\/li>\n<li>El programa EUSLE se ampliar\u00e1 de 3\u00ba a 6\u00ba de Primaria. Se aplicar\u00e1 a partir del curso 2025-26.<\/li>\n<li>Incrementar los recursos de los centros con alto \u00cdndice de Complejidad Educativa.<\/li>\n<li>M\u00e1s profesorado de Pedagog\u00eda Terap\u00e9utica, consultores\/as y orientadores\/a adicionales y descenso de ratios para el profesorado de Audici\u00f3n y Lenguaje.<\/li>\n<li>Recursos adicionales para los equipos directivos.<\/li>\n<li>Coordinadores de Bienestar y Protecci\u00f3n, entre otros, para trabajar la coeducaci\u00f3n.<\/li>\n<\/ul>\n<p>Para poner en v\u00edas de recuperaci\u00f3n el poder adquisitivo perdido, sin embargo, por primera vez en los \u00faltimos 15 a\u00f1os en la funci\u00f3n p\u00fablica de la CAV, hemos conseguido acordar aqu\u00ed los salarios, consiguiendo una subida salarial del 7% para todo el profesorado. Los incrementos por cursos ser\u00e1n del 2% desde el inicio de 2025-26, 2,5% en desde el inicio del curso 2026-27 y 2,5% desde el inicio del 2027-28.<\/p>\n<p>Se ha acordado una f\u00f3rmula de adelanto de la edad de jubilaci\u00f3n, contemplando la posibilidad de adelantarla 18 meses, acumulando reducciones de jornada desde los 60 a\u00f1os hasta la edad de jubilaci\u00f3n. Durante este periodo, el profesorado podr\u00e1 irse directamente a casa durante un a\u00f1o y 3 meses, y los restantes 3 meses sin necesidad de impartir clases de atenci\u00f3n directa.<\/p>\n<p>Adem\u00e1s, se estabilizar\u00e1 el empleo gracias a lo firmado por LAB en el acuerdo laboral el 1 de junio de 2023. La tasa de temporalidad se situar\u00e1 por debajo del 5%, y se recoger\u00e1 la posibilidad de negociar el modelo de oposici\u00f3n.<\/p>\n<p>En cuanto a las cargas de trabajo, se acuerda reducir las horas lectivas. En Infantil y Primaria se han reducido las horas lectivas a 21 horas, 22 ser\u00e1n las horas m\u00e1ximas en el curso 25-26, y 21 horas lectivas m\u00e1ximas a partir del 26-27. En Educaci\u00f3n Secundaria, en las ense\u00f1anzas de r\u00e9gimen especial y en de Formaci\u00f3n Profesional se impartir\u00e1n como m\u00e1ximo 17 horas lectivas, incluidos los programas\u00a0<em>Hedatzen<\/em>\u00a0o de car\u00e1cter an\u00e1logo.<\/p>\n","protected":false},"excerpt":{"rendered":"<p>El Acuerdo Regulador ha sido firmado por la mayor\u00eda de la representaci\u00f3n docente. A trav\u00e9s de la lucha de los<\/p>\n","protected":false},"author":6,"featured_media":20,"comment_status":"closed","ping_status":"closed","sticky":false,"template":"","format":"standard","meta":{"footnotes":"","_links_to":"","_links_to_target":""},"categories":[122,22,85,4],"tags":[172,72],"class_list":["post-1364","post","type-post","status-publish","format-standard","has-post-thumbnail","hentry","category-berriak","category-castellano","category-destacado","category-irakasleak","tag-convenio","tag-greba-huelga"],"publishpress_future_action":{"enabled":false,"date":"2026-05-07 04:44:11","action":"change-status","newStatus":"draft","terms":[],"taxonomy":"category","extraData":[]},"publishpress_future_workflow_manual_trigger":{"enabledWorkflows":[]},"_links":{"self":[{"href":"https:\/\/www.cgt-lkn.org\/bizkaia-hezkuntza\/index.php?rest_route=\/wp\/v2\/posts\/1364","targetHints":{"allow":["GET"]}}],"collection":[{"href":"https:\/\/www.cgt-lkn.org\/bizkaia-hezkuntza\/index.php?rest_route=\/wp\/v2\/posts"}],"about":[{"href":"https:\/\/www.cgt-lkn.org\/bizkaia-hezkuntza\/index.php?rest_route=\/wp\/v2\/types\/post"}],"author":[{"embeddable":true,"href":"https:\/\/www.cgt-lkn.org\/bizkaia-hezkuntza\/index.php?rest_route=\/wp\/v2\/users\/6"}],"replies":[{"embeddable":true,"href":"https:\/\/www.cgt-lkn.org\/bizkaia-hezkuntza\/index.php?rest_route=%2Fwp%2Fv2%2Fcomments&post=1364"}],"version-history":[{"count":1,"href":"https:\/\/www.cgt-lkn.org\/bizkaia-hezkuntza\/index.php?rest_route=\/wp\/v2\/posts\/1364\/revisions"}],"predecessor-version":[{"id":1365,"href":"https:\/\/www.cgt-lkn.org\/bizkaia-hezkuntza\/index.php?rest_route=\/wp\/v2\/posts\/1364\/revisions\/1365"}],"wp:featuredmedia":[{"embeddable":true,"href":"https:\/\/www.cgt-lkn.org\/bizkaia-hezkuntza\/index.php?rest_route=\/wp\/v2\/media\/20"}],"wp:attachment":[{"href":"https:\/\/www.cgt-lkn.org\/bizkaia-hezkuntza\/index.php?rest_route=%2Fwp%2Fv2%2Fmedia&parent=1364"}],"wp:term":[{"taxonomy":"category","embeddable":true,"href":"https:\/\/www.cgt-lkn.org\/bizkaia-hezkuntza\/index.php?rest_route=%2Fwp%2Fv2%2Fcategories&post=1364"},{"taxonomy":"post_tag","embeddable":true,"href":"https:\/\/www.cgt-lkn.org\/bizkaia-hezkuntza\/index.php?rest_route=%2Fwp%2Fv2%2Ftags&post=1364"}],"curies":[{"name":"wp","href":"https:\/\/api.w.org\/{rel}","templated":true}]}}