{"id":1339,"date":"2024-12-15T11:51:56","date_gmt":"2024-12-15T10:51:56","guid":{"rendered":"https:\/\/www.cgt-lkn.org\/bizkaia\/hezkuntza\/?p=1339"},"modified":"2025-10-20T14:17:56","modified_gmt":"2025-10-20T12:17:56","slug":"muface-todos-los-recursos-y-financiacion-a-lo-publico","status":"publish","type":"post","link":"https:\/\/www.cgt-lkn.org\/bizkaia-hezkuntza\/?p=1339","title":{"rendered":"MUFACE \u00abtodos los recursos y financiaci\u00f3n, a lo p\u00fablico\u00bb"},"content":{"rendered":"<h2 class=\"wp-block-heading\"><strong>Por el fin del negocio de las aseguradoras privadas y su concertaci\u00f3n.<\/strong><\/h2>\n<p><strong><a href=\"https:\/\/www.peticion.es\/firma_para_que_los_1500_millones_de_euros_anuales_pasen_de_las_companias_privadas_a_la_sanidad_publica#form\">Firma contra la financiaci\u00f3n con recursos p\u00fablicos de la sanidad privada. Aqu\u00ed.<\/a><\/strong><\/p>\n<h3 class=\"wp-block-heading\"><strong>Desde la CGT tenemos claro que los recursos y los impuestos de todas han de destinarse, sin ning\u00fan tipo de duda, a los servicios p\u00fablicos.<\/strong><\/h3>\n<p>Es una gran incoherencia que haya sindicatos que representen a trabajadoras p\u00fablicas, y est\u00e9n defendiendo que se les d\u00e9 asistencia sanitaria con aseguradoras privadas. Esto supone otra ranciedad y absurdidad m\u00e1s de la deriva neocapitalista. Este conjunto de sindicatos, con CCOO, UGT, CSIF y ANPE a la cabeza, defienden unos privilegios, ya obsoletos, que recortan los servicios de la sanidad p\u00fablica con la finalidad de favorecer a empresas privadas e incrementar sus beneficios.<br \/>\nSe evidencia a menudo la mala praxis de las aseguradoras privadas para la obtenci\u00f3n de beneficios econ\u00f3micos, como ejemplo: hacer pruebas innecesarias para posibles diagn\u00f3sticos infundados; aumentar miedo ante posibles problemas de salud; derivar a la seguridad social cuando no pueden\/quieren hacerse cargo de tratamiento a seguir; pagos m\u00ednimos a especialistas de la salud. Se dar\u00eda la misma incoherencia que si sindicatos\/trabajadoras de la sanidad p\u00fablica (doctoras\/es, enfermeros\/as, auxiliares\u2026) o de profesionales del tercer sector (educadoras\/es sociales, t\u00e9cnicos\/as en atenci\u00f3n sociosanitaria\u2026) jueces y abogac\u00edas, exigieran que se les pagase la educaci\u00f3n privada, costes y juristas en juicios y\/o las residencias privadas para familiares como privilegio por ser trabajadoras p\u00fablicas. Incoherente y absurdo.<\/p>\n<p>El gobierno ha de poner fin a las negociaciones con las aseguradoras privadas para que estas cesen de una vez en sus amenazas, chantajes y exigencias. Desde\u00a0<strong>CGT exigimos que se transfieran de inmediato todos los recursos de nuestros impuestos destinados a MUFACE a la Seguridad Social (sanidad p\u00fablica), y cese, de una vez por todas, la privatizaci\u00f3n del derecho a unos servicios p\u00fablicos de calidad que cubren necesidades esenciales.<\/strong><\/p>\n<p><img decoding=\"async\" class=\"aligncenter\" src=\"https:\/\/fecgt.net\/wp-content\/uploads\/2024\/11\/muface-infografia-724x1024.jpg\" \/><\/p>\n<p>Desde MUFACE se atiende aproximadamente a un 5% del total de trabajadoras\/es del estado espa\u00f1ol (alrededor de 1 mill\u00f3n, de un total de 20 millones aproximadamente), con aseguradoras privadas est\u00e1 solamente el 3,3% del total de usuarios de MUFACE y en descenso, ya que cada vez m\u00e1s trabajadoras p\u00fablicas escogen la sanidad p\u00fablica. Este gobierno, que se autodenomina como<em>\u00a0el m\u00e1s progresista de la historia<\/em>, ha de defender los servicios p\u00fablicos. Es necesario que los m\u00e1s de 1.300 millones de euros que entrega cada a\u00f1o a las compa\u00f1\u00edas privadas sean destinados a la sanidad p\u00fablica. Uno de los chantajes m\u00e1s utilizados por quienes defienden la privatizaci\u00f3n, es la p\u00e9rdida de 13.000 puestos de trabajo si cesan los conciertos de MUFACE. Desde CGT se valora como algo positivo, dado que ser\u00edan 13.000 puestos de trabajo que se podr\u00e1n recuperar en la sanidad p\u00fablica.<\/p>\n<p>\u00a1Integraci\u00f3n de lo concertado a los servicios p\u00fablicos ya!<\/p>\n<p>\u00a1Basta de sostener privilegios y gastos de algunas con impuestos de todas!<\/p>\n<p>\u00a1Escogemos la p\u00fablica, escogemos la seguridad social!<\/p>\n<h3 class=\"wp-block-heading\"><strong>Como trabajadoras y como usuarias, es el momento de luchar y elegir lo p\u00fablico,\u00a0<\/strong><\/h3>\n<h3 class=\"wp-block-heading\"><strong>\u00a1Solo as\u00ed revertiremos la privatizaci\u00f3n de los servicios p\u00fablicos!<\/strong><\/h3>\n<p><strong><a href=\"https:\/\/www.peticion.es\/firma_para_que_los_1500_millones_de_euros_anuales_pasen_de_las_companias_privadas_a_la_sanidad_publica#form\">Firma contra la financiaci\u00f3n con recursos p\u00fablicos de la sanidad privada. Aqu\u00ed.<\/a><\/strong><\/p>\n<p><img decoding=\"async\" src=\"https:\/\/fecgt.net\/wp-content\/uploads\/2024\/12\/CAMPANA-MUFACE4-1024x768.jpg\" \/><\/p>\n<h2 style=\"text-align: center\"><strong>Para recibir las noticias \u00fanete a nuestro canal de\u00a0<a href=\"https:\/\/t.me\/HezkuntzaCGT_LKN\">Telegram<\/a><\/strong><\/h2>\n<p><a href=\"https:\/\/t.me\/HezkuntzaCGT_LKN\"><img decoding=\"async\" class=\"aligncenter\" src=\"https:\/\/www.cgt-lkn.org\/wp-content\/uploads\/sites\/19\/2020\/11\/telegram-CGT-Hezkuntza-300x219.jpg\" \/><\/a><\/p>\n<div class=\"penci-page-header\">\n<h1 class=\"entry-title\" style=\"text-align: center\"><strong style=\"font-size: 1.0625rem\">S\u00cdGUENOS EN LAS REDES SOCIALES Y NO TE PIERDAS NADA<\/strong><\/h1>\n<\/div>\n<div class=\"post-entry blockquote-style-2\">\n<div class=\"inner-post-entry entry-content\">\n<div class=\"pf-content\">\n<div class=\"post-entry blockquote-style-2\">\n<div class=\"inner-post-entry entry-content\">\n<div class=\"pf-content\">\n<div class=\"pf-content\">\n<h2 class=\"titulo-h2\" style=\"text-align: center\"><a href=\"https:\/\/www.cgt-lkn.org\/facebook-instagram-twitter\">\u00a1S\u00edguenos en nuestras redes sociales!<\/a><\/h2>\n<p><a href=\"https:\/\/www.cgt-lkn.org\/facebook-instagram-twitter\"><img loading=\"lazy\" decoding=\"async\" class=\"size-full wp-image-15385 aligncenter\" src=\"https:\/\/www.cgt-lkn.org\/wp-content\/uploads\/5022\/08\/REDES-sociales.jpeg\" alt=\"\" width=\"300\" height=\"168\" \/><\/a><\/p>\n<p><a href=\"https:\/\/www.ivoox.com\/escuchar-audios-cgt-lkn-euskal-herria_al_162987_1.html?show=programs\"><img loading=\"lazy\" decoding=\"async\" class=\" wp-image-15127 aligncenter\" src=\"https:\/\/www.cgt-lkn.org\/wp-content\/uploads\/2024\/01\/ivoox.png\" alt=\"\" width=\"242\" height=\"137\" \/><\/a><\/p>\n<\/div>\n<div class=\"pf-content\">\n<p style=\"text-align: left\"><a href=\"https:\/\/www.cgt-lkn.org\/pagina-ejemplo\/afiliate\"><img loading=\"lazy\" decoding=\"async\" class=\"size-medium wp-image-23051 aligncenter\" src=\"https:\/\/www.cgt-lkn.org\/wp-content\/uploads\/3021\/01\/AFILIATE-JUNTOS-SOMOS-FUERTES-CGT-216x300.jpg\" alt=\"\" width=\"216\" height=\"300\" \/><\/a><\/p>\n<\/div>\n<\/div>\n<\/div>\n<\/div>\n<\/div>\n<\/div>\n<\/div>\n","protected":false},"excerpt":{"rendered":"<p><span data-olk-copy-source=\"MessageBody\">Firma y difunde para que MUFACE destine todos los recursos a la sanidad p\u00fablica y finalicen, de inmediato, <\/span>las negociaciones para concertar servicios p\u00fablicos con las empresas\/aseguradoras privadas.<br \/>\nToda la difusi\u00f3n posible y la m\u00e1xima recogida de firmas que podamos.<\/p>\n","protected":false},"author":6,"featured_media":1343,"comment_status":"closed","ping_status":"closed","sticky":false,"template":"","format":"standard","meta":{"footnotes":"","_links_to":"","_links_to_target":""},"categories":[122,18,22,12,11,16,4,1,24,19],"tags":[113,164,165],"class_list":["post-1339","post","type-post","status-publish","format-standard","has-post-thumbnail","hentry","category-berriak","category-beriak","category-castellano","category-ekimenak-campanas","category-errepresioa-represion","category-espetxeak-carceles","category-irakasleak","category-sin-categoria","category-osasuna","category-publika","tag-federacion-ensenanza","tag-muface","tag-sanidad-publica"],"publishpress_future_action":{"enabled":false,"date":"2026-05-07 04:44:36","action":"change-status","newStatus":"draft","terms":[],"taxonomy":"category","extraData":[]},"publishpress_future_workflow_manual_trigger":{"enabledWorkflows":[]},"_links":{"self":[{"href":"https:\/\/www.cgt-lkn.org\/bizkaia-hezkuntza\/index.php?rest_route=\/wp\/v2\/posts\/1339","targetHints":{"allow":["GET"]}}],"collection":[{"href":"https:\/\/www.cgt-lkn.org\/bizkaia-hezkuntza\/index.php?rest_route=\/wp\/v2\/posts"}],"about":[{"href":"https:\/\/www.cgt-lkn.org\/bizkaia-hezkuntza\/index.php?rest_route=\/wp\/v2\/types\/post"}],"author":[{"embeddable":true,"href":"https:\/\/www.cgt-lkn.org\/bizkaia-hezkuntza\/index.php?rest_route=\/wp\/v2\/users\/6"}],"replies":[{"embeddable":true,"href":"https:\/\/www.cgt-lkn.org\/bizkaia-hezkuntza\/index.php?rest_route=%2Fwp%2Fv2%2Fcomments&post=1339"}],"version-history":[{"count":3,"href":"https:\/\/www.cgt-lkn.org\/bizkaia-hezkuntza\/index.php?rest_route=\/wp\/v2\/posts\/1339\/revisions"}],"predecessor-version":[{"id":1381,"href":"https:\/\/www.cgt-lkn.org\/bizkaia-hezkuntza\/index.php?rest_route=\/wp\/v2\/posts\/1339\/revisions\/1381"}],"wp:featuredmedia":[{"embeddable":true,"href":"https:\/\/www.cgt-lkn.org\/bizkaia-hezkuntza\/index.php?rest_route=\/wp\/v2\/media\/1343"}],"wp:attachment":[{"href":"https:\/\/www.cgt-lkn.org\/bizkaia-hezkuntza\/index.php?rest_route=%2Fwp%2Fv2%2Fmedia&parent=1339"}],"wp:term":[{"taxonomy":"category","embeddable":true,"href":"https:\/\/www.cgt-lkn.org\/bizkaia-hezkuntza\/index.php?rest_route=%2Fwp%2Fv2%2Fcategories&post=1339"},{"taxonomy":"post_tag","embeddable":true,"href":"https:\/\/www.cgt-lkn.org\/bizkaia-hezkuntza\/index.php?rest_route=%2Fwp%2Fv2%2Ftags&post=1339"}],"curies":[{"name":"wp","href":"https:\/\/api.w.org\/{rel}","templated":true}]}}