{"id":1325,"date":"2024-10-16T10:33:30","date_gmt":"2024-10-16T08:33:30","guid":{"rendered":"https:\/\/www.cgt-lkn.org\/bizkaia\/hezkuntza\/?p=1325"},"modified":"2025-10-20T14:17:50","modified_gmt":"2025-10-20T12:17:50","slug":"el-absentismo-es-ideologia","status":"publish","type":"post","link":"https:\/\/www.cgt-lkn.org\/bizkaia-hezkuntza\/?p=1325","title":{"rendered":"El absentismo es ideolog\u00eda"},"content":{"rendered":"<p>Domingo 13.10.24 EL DIARIO VASCO<br \/>\nI\u00d1AKI\u00a0 IZQUIERDO<\/p>\n<p>Absentismo, la palabra de moda. Ha hecho fortuna, se ha instalado en el debate p\u00fablico como si fuera un concepto t\u00e9cnico, pero es ideolog\u00eda. Como la austeridad en la crisis de 2008, y tiene los mismos padres. Su inclusi\u00f3n y normalizaci\u00f3n es una maniobra de gran habilidad: convierte en as\u00e9ptico un t\u00e9rmino cargado de intenci\u00f3n y, de esta forma, lo homologa. Crea un nuevo sentido com\u00fan.<\/p>\n<p>Voluntariamente o por inercia, todo el mundo usa la palabra como si fuera blanca. Aunque sea otra cosa, da a entender que se refiere a las personas que faltan a su trabajo porque si. El equivoco se adereza con unas cifras y ya se pueden extraer las conclusiones que interesan: el 9% del personal se escaquea y Gipuzkoa bate r\u00e9cords en una Euskadi l\u00edder mundial.<\/p>\n<p>Absentismo deber\u00eda referirse a faltar al trabajo sin justifica- ci\u00f3n ni cobertura legal. Sin embargo, incluye las bajas m\u00e9dicas, los permisos retribuidos, accidentes de trabajo, maternidad, paternidad, permisos por boda, hospitalizaci\u00f3n de un familiar cercano, huelgas&#8230;<\/p>\n<p>En ninguno de esos casos la persona falta a trabajar: no tiene que ir, que es distinto. Meterlo todo en el mismo saco no es un imperativo t\u00e9cnico. Se hace as\u00ed porque alguien quiere, Una particularidad del absentismo es que, pese a la resonancia que tiene en el debate p\u00fablico, no hay estad\u00edsticas oficiales, sino que se toman los datos de consultoras de trabajo temporal o asociaciones empresariales como Confebask o Adegi en sus \u00faltimos informes de coyuntura, donde no falta el paquete completo habitual de altos costes salariales, nuevas exigencias fiscales y lamento por la falta de trabajadores cualificados.<\/p>\n<p>La batalla cultural del absentismo es otra palanca de una estrategia m\u00e1s amplia por cambiar las relaciones labora- les. Y funciona. Ah\u00ed est\u00e1 el globo sonda de las &#8216;bajas flexibles&#8217; de la ministra Saiz. A ella le costar\u00e1 el cargo, pero el mensaje queda. El t\u00e9rmino culpa al trabajador, establece una relaci\u00f3n de adversarios entre empresa y empleados. Pero si lo que se buscan son soluciones y no solo el beneficio propio, tocar\u00e1<br \/>\nanalizar el problema (que lo hay, y serio) desde todos los \u00e1ngulos.<\/p>\n<p>Es preciso un an\u00e1lisis critico. La inmensa mayor\u00eda de las bajas no son fraudulentas. Los caraduras profesionales, maestros en conseguir no ir a trabajar nunca (que siempre suelen ser los mismos, en todas las empresas, p\u00fablicas y priva- das), provocan que el problema se caricaturice y que, as\u00ed, no se cuestione el nudo gordiano de la cuesti\u00f3n: si las condiciones laborales agudizan el problema.<\/p>\n<p>Para un an\u00e1lisis del absentismo riguroso y no solo de parte ser\u00e1 necesario encender la luz en toda la sala y no solo poner la lupa de la culpabilidad sobre el trabajador. Preguntar- se de forma seria por qu\u00e9 crecen las bajas, si la automatizaci\u00f3n y las nuevas tecnolog\u00edas que ven\u00edan para ayudar han provocado que cada vez se asuman m\u00e1s tareas, a costa de la salud. Si hay patrones de gobernanza t\u00f3xicos. Es tarea de las instituciones conocer si hay un conjunto de factores que produce el efecto de m\u00e1s bajas. Tambi\u00e9n si hay deriva- ci\u00f3n indebida (con sus costes) al sistema p\u00fablico de salud como contingencias comunes de lo que son bajas con origen profesional y, por tanto, con otras obligaciones para empresas y mutuas.<\/p>\n<p>El mandato. institucional es descartar que haya cualquier fraude, no comprar marcos. Si la ausencia es legal, no es absentismo, es un derecho.<\/p>\n<p>Incluso dando por buenos los datos de las ETT, de ese absentismo en tomo al 9% el 20% ser\u00edan bajas injustificadas. Lo que significa que hasta con esos n\u00fameros interesados el 1,8% del total de trabajadores faltar\u00eda a su puesto mientras el 98,2% hace lo que debe.<\/p>\n<p>Estos estudios no suelen incluir el c\u00e1lculo del n\u00famero de personas que acuden a sus puestos enfermas por miedo a perder el empleo ni las horas extras que no se pagan.<\/p>\n<p>Es necesario un diagn\u00f3stico solvente que permita abordar el problema desde par\u00e1metros objetivos, no ideol\u00f3gicos, y no asumir de forma acr\u00edtica el concepto como si fuera un fen\u00f3meno meteorol\u00f3gico inevitable y el hombre del tiempo no tuviera la culpa de que llueva.<\/p>\n<div class=\"pf-content\">\n<h2><\/h2>\n<h2>\u24b6<a href=\"https:\/\/whatsapp.com\/channel\/0029VaraVeoDp2Q6PS1nDh3T\"><img loading=\"lazy\" decoding=\"async\" class=\" wp-image-15522 aligncenter\" style=\"text-align: center\" src=\"https:\/\/www.cgt-lkn.org\/wp-content\/uploads\/5022\/08\/canal-wasahpp-cgt-euskal-herria-300x162.jpg\" alt=\"\" width=\"341\" height=\"184\" \/><\/a><\/h2>\n<h2 style=\"text-align: center\"><strong>Para recibir las noticias \u00fanete a nuestro canal d<\/strong><strong style=\"letter-spacing: 0px\">e\u00a0<a href=\"https:\/\/t.me\/cgtlknbizkaia\" target=\"_blank\" rel=\"noopener\">Telegram<\/a><\/strong><\/h2>\n<h2 style=\"text-align: center\"><a href=\"https:\/\/t.me\/cgtlknbizkaia\"><img loading=\"lazy\" decoding=\"async\" class=\"aligncenter wp-image-19213 size-medium\" src=\"https:\/\/www.cgt-lkn.org\/wp-content\/uploads\/2020\/04\/Telegram-CGT-LKN-Bizkaia-300x166.jpg\" alt=\"\" width=\"300\" height=\"166\" \/><\/a><\/h2>\n<h2 class=\"titulo-h2\" style=\"text-align: center\"><a href=\"https:\/\/www.cgt-lkn.org\/facebook-instagram-twitter\">\u00a1S\u00edguenos en nuestras redes sociales!<\/a><\/h2>\n<p><a href=\"https:\/\/www.cgt-lkn.org\/facebook-instagram-twitter\"><img loading=\"lazy\" decoding=\"async\" class=\"size-full wp-image-15385 aligncenter\" src=\"https:\/\/www.cgt-lkn.org\/wp-content\/uploads\/5022\/08\/REDES-sociales.jpeg\" alt=\"\" width=\"300\" height=\"168\" \/><\/a><\/p>\n<p><a href=\"https:\/\/www.ivoox.com\/escuchar-audios-cgt-lkn-euskal-herria_al_162987_1.html?show=programs\"><img loading=\"lazy\" decoding=\"async\" class=\" wp-image-15127 aligncenter\" src=\"https:\/\/www.cgt-lkn.org\/wp-content\/uploads\/2024\/01\/ivoox.png\" alt=\"\" width=\"242\" height=\"137\" \/><\/a><\/div>\n<div class=\"pf-content\">\n<p style=\"text-align: left\"><a href=\"https:\/\/www.cgt-lkn.org\/pagina-ejemplo\/afiliate\"><img loading=\"lazy\" decoding=\"async\" class=\"size-medium wp-image-23051 aligncenter\" src=\"https:\/\/www.cgt-lkn.org\/wp-content\/uploads\/3021\/01\/AFILIATE-JUNTOS-SOMOS-FUERTES-CGT-216x300.jpg\" alt=\"\" width=\"216\" height=\"300\" \/><\/a><\/p>\n<\/div>\n","protected":false},"excerpt":{"rendered":"<p>Lo que se presenta como un t\u00e9rmino t\u00e9cnico es en realidad una construcci\u00f3n pol\u00edtica, igual que la austeridad en la crisis de 2008, y tiene los mismos padres.<\/p>\n","protected":false},"author":179,"featured_media":1326,"comment_status":"closed","ping_status":"closed","sticky":false,"template":"","format":"standard","meta":{"footnotes":"","_links_to":"","_links_to_target":""},"categories":[18,22,24],"tags":[161,162,163],"class_list":["post-1325","post","type-post","status-publish","format-standard","has-post-thumbnail","hentry","category-beriak","category-castellano","category-osasuna","tag-absentismo","tag-baja","tag-economia"],"publishpress_future_action":{"enabled":false,"date":"2026-05-07 04:44:37","action":"change-status","newStatus":"draft","terms":[],"taxonomy":"category","extraData":[]},"publishpress_future_workflow_manual_trigger":{"enabledWorkflows":[]},"_links":{"self":[{"href":"https:\/\/www.cgt-lkn.org\/bizkaia-hezkuntza\/index.php?rest_route=\/wp\/v2\/posts\/1325","targetHints":{"allow":["GET"]}}],"collection":[{"href":"https:\/\/www.cgt-lkn.org\/bizkaia-hezkuntza\/index.php?rest_route=\/wp\/v2\/posts"}],"about":[{"href":"https:\/\/www.cgt-lkn.org\/bizkaia-hezkuntza\/index.php?rest_route=\/wp\/v2\/types\/post"}],"author":[{"embeddable":true,"href":"https:\/\/www.cgt-lkn.org\/bizkaia-hezkuntza\/index.php?rest_route=\/wp\/v2\/users\/179"}],"replies":[{"embeddable":true,"href":"https:\/\/www.cgt-lkn.org\/bizkaia-hezkuntza\/index.php?rest_route=%2Fwp%2Fv2%2Fcomments&post=1325"}],"version-history":[{"count":2,"href":"https:\/\/www.cgt-lkn.org\/bizkaia-hezkuntza\/index.php?rest_route=\/wp\/v2\/posts\/1325\/revisions"}],"predecessor-version":[{"id":1380,"href":"https:\/\/www.cgt-lkn.org\/bizkaia-hezkuntza\/index.php?rest_route=\/wp\/v2\/posts\/1325\/revisions\/1380"}],"wp:featuredmedia":[{"embeddable":true,"href":"https:\/\/www.cgt-lkn.org\/bizkaia-hezkuntza\/index.php?rest_route=\/wp\/v2\/media\/1326"}],"wp:attachment":[{"href":"https:\/\/www.cgt-lkn.org\/bizkaia-hezkuntza\/index.php?rest_route=%2Fwp%2Fv2%2Fmedia&parent=1325"}],"wp:term":[{"taxonomy":"category","embeddable":true,"href":"https:\/\/www.cgt-lkn.org\/bizkaia-hezkuntza\/index.php?rest_route=%2Fwp%2Fv2%2Fcategories&post=1325"},{"taxonomy":"post_tag","embeddable":true,"href":"https:\/\/www.cgt-lkn.org\/bizkaia-hezkuntza\/index.php?rest_route=%2Fwp%2Fv2%2Ftags&post=1325"}],"curies":[{"name":"wp","href":"https:\/\/api.w.org\/{rel}","templated":true}]}}