{"id":1276,"date":"2024-04-26T12:17:59","date_gmt":"2024-04-26T10:17:59","guid":{"rendered":"https:\/\/www.cgt-lkn.org\/bizkaia\/hezkuntza\/?p=1276"},"modified":"2024-05-05T09:22:00","modified_gmt":"2024-05-05T07:22:00","slug":"maiatzak-1-de-mayo","status":"publish","type":"post","link":"https:\/\/www.cgt-lkn.org\/bizkaia-hezkuntza\/?p=1276","title":{"rendered":"MAIATZAK 1 DE MAYO"},"content":{"rendered":"<p><strong>Bilbon:<\/strong> 11:30h Granv\u00eda 56 ( antig\u00fca cafeter\u00eda Toledo)<\/p>\n<p style=\"text-align: justify;\">1) 2008ko Atzeraldi Handiaz geroztik gertatutako leherketa finantzarioek, pandemikoek eta militarrek argi utzi dute egungo kapitalismoaren diagnostikoa oso ezkorra dela. Nolanahi ere, munduko eliteen diskurtso ofiziala panorama berde eta digital batez hitz egiten tematzen da, teknologiak eta politikak aterako gaituztelakoan harrapatuta gauden labirintotik.<\/p>\n<p style=\"text-align: justify;\">Bistakoak dira bizi ditugun eta datozen urteetan bizitzen jarraituko ditugun tentsioak eta mugak. Lehenik, herritar gehienen bizimodu gero eta prekarioagoa, klasearen, generoaren eta etnia\/arrazaren ondorioz. Bigarrenik, demokrazia liberal ordezkatzailearen deslegitimazioa. Eta, azkenik, munduko ordena zaurgarria, AEBek hegemonia galdu dutelako, multilateralismoa hein batean desegin delako (nazioarteko erakundeek duten pisuaren galera barne), eta gerra-erregimena zabalduz doalako mundu osoan.<\/p>\n<p style=\"text-align: justify;\">Mugei dagokienez, bi dira nagusi: muga biofisikoak, jadanik gaindituak edo gainditzear (batez ere, termino sistemikotan, klima-aldaketa eta funtsezko energia eta lehengaiak agortzea); eta hazkunde iraunkorraren eta orokorraren uhin berri bat hedatu ezina, ekonomia finantzarizatu baten baitan.<\/p>\n<p style=\"text-align: justify;\">2) Maiatzaren Lehena egun seinalatua da: denetariko sindikatuetako edo mugimendu sozialetako pertsonak, edo, besterik gabe, gure askatasuna eta elkartasuna aldarrikatu nahi dugun pertsonak biltzen gara elkarrekin egotearen poza adierazteko eta, data hau aprobetxatuz, gure erreibindikazioak aurkezten ditugu eta kapitalarengandik eta instituzioetan haien zerbitzura daudenengandik jasotzen ditugun bidegabekeriak salatzen ditugu.<\/p>\n<p style=\"text-align: justify;\">Joandako azaroaren 30ean, mugimendu feministak deiturik bildu ginen zaintzen aldeko Greba Orokor Feministara. Gizakiok berezkoa dugu zaintza (interdependentzia) eta naturaren parte ere bada (ekodependentzia). Bizia erdigunean jartzeak pertsonen nahiz naturaren bizia defendatzea esan nahi du. Baina sistema honek ahaztu egin du zaintza, beste edozeren gainetik lehenetsi du onura pribatua, ezkutuan egon dira erreprodukzio soziala eta natura, eta, haiekin batera, feminizazioa eta prekarietatea.<\/p>\n<p style=\"text-align: justify;\">Zaintzaren eskubide subjektiboa defendatzen dugu, bai eta eskubide kolektiboa ere sistema publiko-komunitario baten barruan, jabego publikoa nagusi delarik, bai eta zaintza-zerbitzuen kontrol eta funtzionamendu publikoa ere (egoitzak, etxeko laguntza, eguneko zentroak, haur-eskolak\u2026).<\/p>\n<p style=\"text-align: justify;\">Ordaindutako zaintza-lanak errebalorizatzea eta profesionalizatzea proposatzen dugu: Atzerritartasun Legea indargabetzeko bidean, zaintzan lan egiten duten pertsona guztiak erregularizatzea, erroldatzeko eskubidea emanez. Etxeko langileei dagokienez, barnekoen erregimena ezabatzea, langileak laneko araubide orokorrean sartzea, eta Lanaren Nazioarteko Erakundearen 189. hitzarmena berrestea eta lanbide arteko gutxieneko soldata gainditzea; zaintza profesionalizatuen lan-baldintzak hobetzea, besteak beste lan-ratioak handituz eta lan-ikuskaritzak indartuz.<\/p>\n<p style=\"text-align: justify;\">3) Sistema hau ez da saiatzen gehiengo sozialen behar indibidualak eta kolektiboak asetzen, horrekin batera irabaziak eta metaketa kapitalista lortzen ez badira. Geure burua antikapitalistatzat eta ekosozialistatzat dugunok honako hau aldarrikatzen dugu:<\/p>\n<ul style=\"text-align: justify;\">\n<li>Fiskalitate progresibo eta ekologiko bat aplikatzea, ingurumenean inpaktu gehien duten bizimodua eta kontsumoa zergapetuz, PFEZren goiko tarteak handituz, sozietateen gaineko zergaren hobariak eta kenkariak ezabatuz eta ondarearen eta fortuna handien gaineko zerga areagotuz.<\/li>\n<li>Oinarrizko errenta unibertsala eta baldintzagabea ezartzea, 30 orduko lanaldia soldata murriztu gabe, lanbide arteko gutxieneko soldata 1.400 \u20ac-koa eta gutxieneko pentsioa 1.260 \u20ac-koa, urtero berrikusi beharrekoak. Halaber, gehieneko soldata 1eko 3 proportziora mugatzea proposatzen dugu, desberdintasunak murrizteko.<\/li>\n<li>Euskal eskola publiko doakoa, inklusiboa, laikoa eta berdinzalea, ikasle gehienak integratzen dituena, euskaraz maila guztietan eskolatzeko eskubidea bermatzen duena, eta hezkuntza ekosoziala eta feminista txertatzen duena.<\/li>\n<li>Ingurumen osasuntsua izatea, bai eta laguntza soziosanitario kalitatezkoa, unibertsala, publikoa, integrala, bidezkoa eta doakoa ere, biziaren etapa guztietan. Besteak beste, zerbitzu pribatizatuak berreskuratzea, azpikontratazioa desagerraraztea, lehen arretaren aurrekontua % 25 handitzea eta osasun prebentiboa indartzea.<\/li>\n<li>Pertsona guztiek etxebizitza duina edukitzeko eskubidea: etxegabetze guztiak berehala geldiaraztea, alokairu sozialeko etxebizitzak % 25 ugaritzea, etxebizitza turistikoak murriztea eta kontrolatzea (batez ere herrigune historikoetan), etxebizitzaren merkatuan esku hartzea (saltzeko eta alokatzeko prezioak eta baldintzak) eta \u201cputre-funtsen\u201d jardunean esku hartzea.<\/li>\n<\/ul>\n<p style=\"text-align: justify;\">4) Hego Euskal Herria iparralde globalean dago, herrialde periferikoak eta semiperiferikoak esplotatzeko eta desjabetzeko formulak ezarri dira, ikuspegi kolonial batekin, eta menderatze hori desegin behar dugu, giza eskubideak mundu osoan zabaltzeko eta \u201cEuropa gotorleku militarista\u201d amaitzeko.<\/p>\n<ul style=\"text-align: justify;\">\n<li>Enpresa transnazionalen jarduna arautu, zaindu eta zigortzen duten zentroak sortu behar dira, giza eskubideak bermatzeko. Hau da, Hego Euskal Herriko enpresek atzerrian duten jarduna kontrolatzea, eta atzerriko kapitalak gure herrialdean duen jarduna ere bai.<\/li>\n<li>Desegin egin behar da egitura multilateral hau, ardatz gisa kapitalismoaren garapena (Nazioarteko Diru Funtsa, Munduko Bankua, Munduko Merkataritza Erakundea, etab.) eta gerra dituena (NATO). Zalantzan jarri behar dugu Europar Batasunaren arkitektura, Europako herrialdeak diziplinatzeko tresna baita, metaketa kapitalistaren eta hazkunde mugagabearen mesedetan.<\/li>\n<li>Hego Euskal Herria harrera-herrialde izatea sustatu behar dugu eta bizi-baldintza duinak eman behar dizkiegu pertsona guztiei, edozein izanik ere beren jatorria, arraza edo beste edozein ezaugarri pertsonal. Egungo Atzerritartasun Legea indargabetzea exijitzen dugu, bai eta erregularizazioa ere (lanerako eskubidea, zirkulazio librea, errolda soziala\u2026).<\/li>\n<li>Bakea, bizikidetza eta antimilitarismoa sustatu behar ditugu gizartean, askatasun indibidualen eta kolektiboen alde eta eskubide sozialen alde. Hain zuzen ere, esku-hartze neokolonialak salatu, gatazkak modu baketsuan konpontzen parte hartu (Mendebaldeko Sahara, Kurdistan, Palestina, etab.) eta NATOtik irteteko eskatu behar dugu; gastu militarrak murriztu, armagintza birmoldatu, langileak birziklatzeko planak egin, Bardeetako tiro-ariketak amaitu eta kuartelak helburu sozialetarako erabili, eta poliziak desmilitarizatzu; poliziaren jarduerak kontrolatu, prestakuntza demokratikoa indartu eta Guardia Zibilak eta Polizia Nazionalak Euskal Herritik irten behar dute.<\/li>\n<li>Manifestu hau amaitu aurretik, ozen salatu nahi dugu Israel Gazako zerrendan palestinarren aurka burutzen ari den genozidioa, AEBen eta Iparralde Globaleko herrialde askoren adostasunarekin. Gazako gerrak berehala bukatu behar du. Palestinarrekiko elkartasunez eta justiziaz, Israel genozidioagatik epaitu behar dute Hagako Nazioarteko Auzitegian eta nazioarteko erakunde eta foro guztietatik egotzi behar dute.<\/li>\n<\/ul>\n<p><img loading=\"lazy\" decoding=\"async\" class=\"alignnone  wp-image-6763\" src=\"https:\/\/www.cgt-lkn.org\/wp-content\/uploads\/2020\/04\/CGT_ESK_Steilas-300x100.png\" alt=\"\" width=\"312\" height=\"104\" \/> <img loading=\"lazy\" decoding=\"async\" class=\"alignnone  wp-image-15332\" src=\"https:\/\/www.cgt-lkn.org\/wp-content\/uploads\/2024\/04\/BAT-sindicato-300x147.jpg\" alt=\"\" width=\"194\" height=\"95\" \/><\/p>\n<hr \/>\n<p style=\"text-align: justify;\">1) Los diversos estallidos financieros, pand\u00e9micos y militares acaecidos desde la Gran Recesi\u00f3n de 2008, evidencian que el diagn\u00f3stico del capitalismo actual, s\u00f3lo puede ofrecer elementos negativos. Sin embargo, el discurso oficial de las \u00e9lites mundiales, se empe\u00f1a en dibujarnos un panorama verde y digital que descansa en que, la fe en la tecnolog\u00eda y la pol\u00edtica, ser\u00e1 capaz de sacarnos del laberinto en que estamos atrapadas y atrapados.<\/p>\n<p style=\"text-align: justify;\">Las tensiones y los l\u00edmites con los que ya estamos conviviendo y vamos a seguir haci\u00e9ndolo en los pr\u00f3ximos a\u00f1os, son muy evidentes. En primer lugar, la creciente precariedad en la que tratan de desarrollar sus vidas las mayor\u00edas populares, precariedad siempre atravesada por la clase, el g\u00e9nero y la etnia\/raza. En segundo lugar, la deslegitimaci\u00f3n que sufre el modelo de democracia liberal-representativa. Y, por \u00faltimo, la vulnerabilidad del orden mundial, debido a la p\u00e9rdida de hegemon\u00eda de EE.UU., al relativo desmantelamiento del multilateralismo (incluyendo la p\u00e9rdida de peso espec\u00edfico de las instituciones internacionales), as\u00ed como la consolidaci\u00f3n progresiva del r\u00e9gimen de guerra a escala planetaria.<\/p>\n<p style=\"text-align: justify;\">Por el lado de los l\u00edmites sobresalen dos: los l\u00edmites biof\u00edsicos, que estamos ya superando o a punto de hacerlo (dentro de los cuales destacan, en t\u00e9rminos sist\u00e9micos, el cambio clim\u00e1tico y el agotamiento de energ\u00eda y materias primas fundamentales); y, la aparente imposibilidad de impulsar una nueva onda expansiva de crecimiento estable y generalizado, en el marco de una econom\u00eda financiarizada.<\/p>\n<p style=\"text-align: justify;\">2) Todos los primeros de mayo, son un emblem\u00e1tico d\u00eda, en que personas que pertenecemos a sindicatos o que formamos parte de movimientos sociales de todo tipo o que, simplemente nos\u00a0 sentimos interpelados para levantar nuestra voz contra la injusticia y a favor de la libertad y la solidaridad, nos agrupamos para expresar nuestra alegr\u00eda de estar juntas y juntos y aprovechamos dicha fecha para exponer nuestras reivindicaciones y denunciar los atropellos que sufrimos a manos del capital y quienes, desde las instituciones, est\u00e1n a su servicio.<\/p>\n<p style=\"text-align: justify;\">El pasado 30 de noviembre, convocadas y convocados por el movimiento feminista, nos sumamos a la Huelga General Feminista por los Cuidados. Los Cuidados son inherentes a todos los seres humanos (interdependencia) que, a su vez, son parte de la naturaleza (ecodependencia). Poner la vida en el centro significa defender, tanto la vida de las personas como de la naturaleza. En cambio, los cuidados han sido olvidados por un sistema que ha primado por encima de cualquier otra consideraci\u00f3n el beneficio privado mientras la reproducci\u00f3n social y la naturaleza, se manten\u00edan invisibilizadas y, con ellas, la feminizaci\u00f3n y la precariedad.<\/p>\n<p style=\"text-align: justify;\">Defendemos el derecho subjetivo a los cuidados, as\u00ed como el derecho colectivo dentro de un sistema p\u00fablico-comunitario en el que la propiedad p\u00fablica debe ser ampliamente mayoritaria, as\u00ed como el control y funcionamiento p\u00fablico de los servicios de cuidado existentes (residencias, ayuda a domicilio, centros de d\u00eda, escuelas infantiles\u2026).<\/p>\n<p style=\"text-align: justify;\">Proponemos la revalorizaci\u00f3n y profesionalizaci\u00f3n de los trabajos de cuidados remunerados: en el camino hacia la derogaci\u00f3n de la Ley de Extranjer\u00eda, regularizaci\u00f3n a todas las personas que trabajan en los cuidados, haciendo accesible para ellas el derecho a empadronamiento. Respecto al empleo de hogar, erradicaci\u00f3n del actual r\u00e9gimen interno del empleo de hogar, inclusi\u00f3n de las trabajadoras en el r\u00e9gimen general de trabajo, y ratificaci\u00f3n \u00edntegra del Convenio 189 de la OIT, estableciendo un sueldo por encima del SMI; mejora de las condiciones laborales en los cuidados profesionalizados, a trav\u00e9s, entre otros, del aumento de las ratios laborales y del refuerzo de las inspecciones laborales.<\/p>\n<p style=\"text-align: justify;\">3) La satisfacci\u00f3n de las necesidades individuales y colectivas de las mayor\u00edas sociales, en la l\u00f3gica del sistema vigente, no es un objetivo si no hay por medio la consecuci\u00f3n de un beneficio y acumulaci\u00f3n capitalista. Quienes nos declaramos anticapitalistas y ecosocialista, propugnamos:<\/p>\n<ul style=\"text-align: justify;\">\n<li>La aplicaci\u00f3n de una fiscalidad progresiva y ecol\u00f3gica que grave los modos de vida y consumo de mayor impacto en el medio ambiente, aumentando los tramos m\u00e1s altos del IRPF, eliminando las bonificaciones y deducciones del impuesto de sociedades e incrementando el Impuesto de Patrimonio y Grandes Fortunas.<\/li>\n<li>La implantaci\u00f3n de un sistema de renta b\u00e1sica universal e incondicional, en el marco de unas condiciones laborales marcadas por una jornada de 30 horas sin reducci\u00f3n de salario, un SMI de 1.400 \u20ac y una pensi\u00f3n m\u00ednima de 1.260 \u20ac, cifras que deben ser revisadas anualmente. As\u00ed mismo, proponemos la limitaci\u00f3n del salario m\u00e1ximo a una proporci\u00f3n de 1 a 3, para reducir las desigualdades.<\/li>\n<li>Un modelo de escuela p\u00fablica vasca, gratuita, inclusiva, laica e igualitaria, que integre a la mayor\u00eda del alumnado, que garantice el derecho de escolarizaci\u00f3n en euskera en todos los niveles, y que implemente la educaci\u00f3n ecosocial y feminista en el sistema educativo.<\/li>\n<li>Garant\u00eda del derecho a un medioambiente sano y a una asistencia sociosanitaria de calidad, universal, p\u00fablica, integral, equitativa y gratuita, que cubra todas las etapas de la vida. Entre otras medidas, se recuperar\u00e1n los servicios privatizados, se eliminar\u00e1 la subcontrataci\u00f3n, se incrementar\u00e1 en un 25% el presupuesto de la atenci\u00f3n primaria y se reforzar\u00e1 la salud preventiva.<\/li>\n<li>Reconocimiento del derecho a una vivienda digna a todas las personas, promoviendo las siguientes medidas: paralizaci\u00f3n inmediata de todo desahucio; incremento en un 25% del parque de vivienda p\u00fablica para alquiler social; restricci\u00f3n y control de pisos tur\u00edsticos, sobre todo en los centros hist\u00f3ricos; intervenci\u00f3n en los mercados de vivienda (precios y condiciones de venta y alquiler) y en la actividad de los \u201cfondos buitre\u201d.<\/li>\n<\/ul>\n<p style=\"text-align: justify;\">4) Territorios como Hego Euskal Herria, que se sit\u00faan en el Norte Global, y que hemos impuesto f\u00f3rmulas espec\u00edficas de explotaci\u00f3n y expropiaci\u00f3n sobre pa\u00edses perif\u00e9ricos y semiperif\u00e9ricos, con un claro enfoque colonial, estamos obligados a trabajar por el desmantelamiento de toda esta estructura de sometimiento, por la vigencia del marco de derechos humanos a escala planetaria y por el fin de la \u201cEuropa fortaleza y militarista\u201d.<\/p>\n<ul style=\"text-align: justify;\">\n<li>Es necesario promover la creaci\u00f3n de centros que regulen, hagan seguimiento y sancionen la actividad de empresas transnacionales para garantizar los derechos humanos. Esto es, controlar la labor de las empresas de Hego Euskal Herria en el exterior, as\u00ed como la actividad del capital for\u00e1neo en nuestro territorio.<\/li>\n<li>Hay que exigir el desmantelamiento del conjunto del entramado multilateral centrado en el desarrollo del capitalismo (FMI, BM, OMC, etc.) y en la guerra (OTAN). Debemos cuestionar sin ambages la arquitectura de la UE, herramienta de disciplinamiento de los pueblos europeos al servicio de la acumulaci\u00f3n capitalista y el crecimiento ilimitado.<\/li>\n<li>Debemos promocionar Hego Euskal Herria como tierra de acogida, proporcionando condiciones de vida dignas a todas las personas independiente de su origen, raza o cualquier otra caracter\u00edstica personal. Demandamos la derogaci\u00f3n de la actual ley de extranjer\u00eda y de la regularizaci\u00f3n (derecho al empleo, libre circulaci\u00f3n, empadronamiento social\u2026).<\/li>\n<li>Una tarea ineludible que debemos asumir es la de promocionar socialmente los principios \u00e9ticos de paz, convivencia, y antimilitarismo en defensa de las libertades individuales y colectivas y de los derechos sociales. Esto se concreta en: la denuncia de las intervenciones neocoloniales, la participaci\u00f3n activa en la resoluci\u00f3n pac\u00edfica de conflictos abiertos (Sahara Occidental, Kurdist\u00e1n, Palestina, etc.) y demanda de la salida de la OTAN; reducci\u00f3n progresiva de los gastos militares, reconversi\u00f3n de la industria de armamento, con atenci\u00f3n a los planes de reciclaje laboral, eliminaci\u00f3n de las pr\u00e1cticas de tiro en las Bardenas y reutilizaci\u00f3n de los cuarteles para fines sociales y desmilitarizaci\u00f3n de las polic\u00edas; control de las actuaciones policiales, refuerzo de la formaci\u00f3n democr\u00e1tica y salida de Hego Euskal Herria de la Guardia Civil y de la Polic\u00eda Nacional.<\/li>\n<li>No podemos terminar este manifiesto sin lanzar nuestro grito desgarrador contra el genocidio que se est\u00e1 llevando a cabo en la Franja de Gaza contra el pueblo palestino, por parte de Israel, con la connivencia de EE.UU. y una gran parte de los pa\u00edses del Norte Global. La guerra en Gaza debe acabar ya. La solidaridad y la justicia con el pueblo palestino exige que Israel sea juzgado por su genocidio en la Corte Internacional de La Haya y sea expulsado de todas las organizaciones y foros internacionales.<\/li>\n<\/ul>\n<p style=\"text-align: justify;\"><strong>\u00a0<\/strong><\/p>\n<p style=\"text-align: justify;\">\u00a0<img loading=\"lazy\" decoding=\"async\" class=\"alignnone  wp-image-6763\" src=\"https:\/\/www.cgt-lkn.org\/wp-content\/uploads\/2020\/04\/CGT_ESK_Steilas-300x100.png\" alt=\"\" width=\"312\" height=\"104\" \/> <img loading=\"lazy\" decoding=\"async\" class=\"alignnone  wp-image-15332\" src=\"https:\/\/www.cgt-lkn.org\/wp-content\/uploads\/2024\/04\/BAT-sindicato-300x147.jpg\" alt=\"\" width=\"194\" height=\"95\" \/><\/p>\n<p style=\"text-align: justify;\"><strong>\u00a0<\/strong><\/p>\n<div class=\"pf-content\">\n<h2 style=\"text-align: center;\"><strong>Para recibir las noticias \u00fanete a nuestro canal de\u00a0<a href=\"https:\/\/t.me\/cgtlknbizkaia\" target=\"_blank\" rel=\"noopener\">Telegram<\/a><\/strong><br \/>\n<a href=\"https:\/\/t.me\/cgtlknbizkaia\"><img loading=\"lazy\" decoding=\"async\" class=\"aligncenter wp-image-19213 size-medium\" src=\"https:\/\/www.cgt-lkn.org\/wp-content\/uploads\/2020\/04\/Telegram-CGT-LKN-Bizkaia-300x166.jpg\" alt=\"\" width=\"300\" height=\"166\" \/><\/a><\/h2>\n<h2 style=\"text-align: center;\"><strong>S\u00cdGUENOS<\/strong><\/h2>\n<h2 style=\"text-align: center;\"><a href=\"https:\/\/www.tiktok.com\/@cgt_lkn?is_from_webapp=1&amp;sender_device=pc\"><img loading=\"lazy\" decoding=\"async\" class=\"alignnone  wp-image-14812\" src=\"https:\/\/www.cgt-lkn.org\/wp-content\/uploads\/5022\/08\/tiktok.png\" alt=\"\" width=\"166\" height=\"166\" \/><\/a><\/h2>\n<h2 style=\"text-align: center;\"><a href=\"https:\/\/www.facebook.com\/CgtEuskalHerria\"><img loading=\"lazy\" decoding=\"async\" class=\"wp-image-10809 aligncenter\" src=\"https:\/\/www.cgt-lkn.org\/wp-content\/uploads\/2021\/04\/facebook.jpg\" alt=\"\" width=\"161\" height=\"91\" \/><\/a><\/h2>\n<p>&nbsp;<\/p>\n<p><a href=\"https:\/\/www.instagram.com\/cgt_eh\/\"><img loading=\"lazy\" decoding=\"async\" class=\" wp-image-10810 aligncenter\" src=\"https:\/\/www.cgt-lkn.org\/wp-content\/uploads\/2021\/04\/instagram.jpg\" alt=\"\" width=\"158\" height=\"153\" data-rel=\"penci-gallery-image-content\" \/><\/a><\/p>\n<p><a href=\"https:\/\/twitter.com\/CGT_LKN_Bizkaia\"><img loading=\"lazy\" decoding=\"async\" class=\"aligncenter wp-image-10811 \" src=\"https:\/\/www.cgt-lkn.org\/wp-content\/uploads\/2021\/04\/twitter-300x156.png\" alt=\"\" width=\"128\" height=\"129\" \/><\/a><\/p>\n<\/div>\n<p><a href=\"https:\/\/www.youtube.com\/@cgt_lkn\"><img loading=\"lazy\" decoding=\"async\" class=\" wp-image-15125 aligncenter\" src=\"https:\/\/www.cgt-lkn.org\/wp-content\/uploads\/2024\/01\/youtube-300x300.png\" alt=\"\" width=\"232\" height=\"232\" \/><\/a><\/p>\n<p style=\"text-align: left;\"><a href=\"https:\/\/www.ivoox.com\/escuchar-audios-cgt-lkn-euskal-herria_al_162987_1.html?show=programs\"><img loading=\"lazy\" decoding=\"async\" class=\" wp-image-15127 aligncenter\" src=\"https:\/\/www.cgt-lkn.org\/wp-content\/uploads\/2024\/01\/ivoox.png\" alt=\"\" width=\"242\" height=\"137\" \/><\/a><\/p>\n<div class=\"pf-content\">\n<p style=\"text-align: left;\"><a href=\"https:\/\/www.cgt-lkn.org\/pagina-ejemplo\/afiliate\"><img loading=\"lazy\" decoding=\"async\" class=\"size-medium wp-image-23051 aligncenter\" src=\"https:\/\/www.cgt-lkn.org\/wp-content\/uploads\/3021\/01\/AFILIATE-JUNTOS-SOMOS-FUERTES-CGT-216x300.jpg\" alt=\"\" width=\"216\" height=\"300\" \/><\/a><\/p>\n<\/div>\n","protected":false},"excerpt":{"rendered":"<p><strong>Bilbon:<\/strong> 11:30h Granv\u00eda 56 ( antig\u00fca cafeter\u00eda Toledo)<\/p>\n","protected":false},"author":178,"featured_media":1277,"comment_status":"closed","ping_status":"closed","sticky":false,"template":"","format":"standard","meta":{"footnotes":"","_links_to":"","_links_to_target":""},"categories":[22,23,26,95],"tags":[156],"class_list":["post-1276","post","type-post","status-publish","format-standard","has-post-thumbnail","hentry","category-castellano","category-euskera","category-comunicados","category-movilizaciones","tag-maiatzak-1-de-mayo"],"publishpress_future_action":{"enabled":false,"date":"2026-05-07 02:33:18","action":"change-status","newStatus":"draft","terms":[],"taxonomy":"category","extraData":[]},"publishpress_future_workflow_manual_trigger":{"enabledWorkflows":[]},"_links":{"self":[{"href":"https:\/\/www.cgt-lkn.org\/bizkaia-hezkuntza\/index.php?rest_route=\/wp\/v2\/posts\/1276","targetHints":{"allow":["GET"]}}],"collection":[{"href":"https:\/\/www.cgt-lkn.org\/bizkaia-hezkuntza\/index.php?rest_route=\/wp\/v2\/posts"}],"about":[{"href":"https:\/\/www.cgt-lkn.org\/bizkaia-hezkuntza\/index.php?rest_route=\/wp\/v2\/types\/post"}],"author":[{"embeddable":true,"href":"https:\/\/www.cgt-lkn.org\/bizkaia-hezkuntza\/index.php?rest_route=\/wp\/v2\/users\/178"}],"replies":[{"embeddable":true,"href":"https:\/\/www.cgt-lkn.org\/bizkaia-hezkuntza\/index.php?rest_route=%2Fwp%2Fv2%2Fcomments&post=1276"}],"version-history":[{"count":1,"href":"https:\/\/www.cgt-lkn.org\/bizkaia-hezkuntza\/index.php?rest_route=\/wp\/v2\/posts\/1276\/revisions"}],"predecessor-version":[{"id":1278,"href":"https:\/\/www.cgt-lkn.org\/bizkaia-hezkuntza\/index.php?rest_route=\/wp\/v2\/posts\/1276\/revisions\/1278"}],"wp:featuredmedia":[{"embeddable":true,"href":"https:\/\/www.cgt-lkn.org\/bizkaia-hezkuntza\/index.php?rest_route=\/wp\/v2\/media\/1277"}],"wp:attachment":[{"href":"https:\/\/www.cgt-lkn.org\/bizkaia-hezkuntza\/index.php?rest_route=%2Fwp%2Fv2%2Fmedia&parent=1276"}],"wp:term":[{"taxonomy":"category","embeddable":true,"href":"https:\/\/www.cgt-lkn.org\/bizkaia-hezkuntza\/index.php?rest_route=%2Fwp%2Fv2%2Fcategories&post=1276"},{"taxonomy":"post_tag","embeddable":true,"href":"https:\/\/www.cgt-lkn.org\/bizkaia-hezkuntza\/index.php?rest_route=%2Fwp%2Fv2%2Ftags&post=1276"}],"curies":[{"name":"wp","href":"https:\/\/api.w.org\/{rel}","templated":true}]}}