{"id":1258,"date":"2024-02-09T16:16:31","date_gmt":"2024-02-09T15:16:31","guid":{"rendered":"https:\/\/www.cgt-lkn.org\/bizkaia\/hezkuntza\/?p=1258"},"modified":"2025-01-10T11:03:26","modified_gmt":"2025-01-10T10:03:26","slug":"mutuas-el-negocio-de-la-salud","status":"publish","type":"post","link":"https:\/\/www.cgt-lkn.org\/bizkaia-hezkuntza\/?p=1258","title":{"rendered":"Mutuas: El Negocio de la Salud"},"content":{"rendered":"<p><iframe loading=\"lazy\" title=\"Mutuas_ El Negocio de la Salud\" width=\"700\" height=\"394\" src=\"https:\/\/www.youtube.com\/embed\/NKj8SXAZ09I?start=2258&#038;feature=oembed\" frameborder=\"0\" allow=\"accelerometer; autoplay; clipboard-write; encrypted-media; gyroscope; picture-in-picture; web-share\" allowfullscreen><\/iframe><\/p>\n<p>En defensa del sistema p\u00fablico de salud, integraci\u00f3n de las mutuas<\/p>\n<p><strong>\u00bfSab\u00edas que\u2026<\/strong>\u00a0las Mutuas en el estado espa\u00f1ol invierten un 0,3% en prevenci\u00f3n mientras que en Alemania destinan un 10% de su presupuesto?<\/p>\n<p><strong>\u00bfSab\u00edas que\u2026<\/strong>\u00a0es frecuente que, ilegalmente, las Mutuas deriven pruebas y tratamientos a centros privados, encareciendo su coste y financiando as\u00ed el negocio sanitario privado a costa del dinero p\u00fablico de las cotizaciones a la Seguridad Social?<\/p>\n<p><strong>\u00bfSab\u00edas que\u2026<\/strong>\u00a0en mayo de 2023 se ha firmado el \u201cV Acuerdo por el Empleo y la Negociaci\u00f3n Colectiva\u201d(CCOO, UGT, CEOE y CEPYME) en el que se acuerda impulsar la atenci\u00f3n sanitaria por las mutuas a los da\u00f1os de traumatolog\u00eda de las\/os trabajadores apoyando as\u00ed el desmantelamiento progresivo del Sistema Sanitario p\u00fablico y convirti\u00e9ndose en valedores de la privatizaci\u00f3n de la sanidad impulsada por las mutuas?<\/p>\n<p><strong>\u00bfSab\u00edas que\u2026<\/strong>\u00a0en este acuerdo nos venden la inmediatez en la realizaci\u00f3n de pruebas diagn\u00f3sticas de imagen y tratamiento de algunos da\u00f1os como una mejora, sin preocuparse de la prevenci\u00f3n frente a los riesgos laborales que con frecuencia los provocan?<\/p>\n<p><strong>\u00bfSab\u00edas que\u2026<\/strong>\u00a0Mientras a las\/os trabajadores en activo nos reparan aceleradamente, nuestros familiares, personas desempleadas y nosotras mismas\/os cuando seamos pensionistas, dispondremos de menos recursos para que nuestra salud sea atendida?<\/p>\n<p><strong>\u00bfSab\u00edas que\u2026<\/strong>\u00a0las empresas pueden contratar directamente la atenci\u00f3n de las accidentes y enfermedades profesionales con la Seguridad Social (INSS) o constituirse como autoaseguradora colaboradora con la Seguridad Social abandonando as\u00ed las mutuas?<\/p>\n<p><strong>\u00bfSab\u00edas que\u2026<\/strong>\u00a0las mutualidades de funcionarias\/os (ISFAS, MUJEJU, MUFACE\u2026), ajenas a la Seguridad Social, son deficitarias y los presupuestos del Estado pagan todos los a\u00f1os sus d\u00e9ficits con dinero que va directamente a la atenci\u00f3n sanitaria privada?<\/p>\n<p><strong>Por todo lo anterior<\/strong>\u00a0rechazamos la propuesta de convenio planteado por las mutuas y los contenidos del cap\u00edtulo VII del V-AENC, solicitamos la inclusi\u00f3n de todos sus empleados\/as p\u00fablicos en la autoaseguradora que existe abandonando la mutua y exigimos la aplicaci\u00f3n inmediata de la disposici\u00f3n final tercera de la Ley 14\/1986 General de Sanidad que establece que \u201cEl Gobierno, mediante Real Decreto, a propuesta conjunta de los Ministerios concernidos, dispondr\u00e1 que los centros, servicios y establecimientos sanitarios de las Mutuas de Accidentes\u201d, integr\u00e1ndolos en el Sistema P\u00fablico de Salud.<\/p>\n<h2><strong>S\u00cdGUENOS<\/strong><\/h2>\n<h2><a href=\"https:\/\/www.facebook.com\/CgtEuskalHerria\"><img loading=\"lazy\" decoding=\"async\" class=\"size-full wp-image-14812 aligncenter\" src=\"https:\/\/www.cgt-lkn.org\/wp-content\/uploads\/5022\/08\/tiktok.png\" sizes=\"auto, (max-width: 225px) 100vw, 225px\" srcset=\"https:\/\/www.cgt-lkn.org\/wp-content\/uploads\/5022\/08\/tiktok.png 225w, https:\/\/www.cgt-lkn.org\/wp-content\/uploads\/5022\/08\/tiktok-150x150.png 150w\" alt=\"\" width=\"225\" height=\"225\" data-rel=\"penci-gallery-image-content\" \/><img loading=\"lazy\" decoding=\"async\" class=\"wp-image-10809 aligncenter\" src=\"https:\/\/www.cgt-lkn.org\/wp-content\/uploads\/2021\/04\/facebook.jpg\" sizes=\"auto, (max-width: 247px) 100vw, 247px\" srcset=\"https:\/\/www.cgt-lkn.org\/wp-content\/uploads\/2021\/04\/facebook.jpg 298w, https:\/\/www.cgt-lkn.org\/wp-content\/uploads\/2021\/04\/facebook-60x34.jpg 60w\" alt=\"\" width=\"247\" height=\"140\" \/><\/a><\/h2>\n<p><a href=\"https:\/\/www.instagram.com\/cgt_eh\/\"><img loading=\"lazy\" decoding=\"async\" class=\"size-full wp-image-10810 aligncenter\" src=\"https:\/\/www.cgt-lkn.org\/wp-content\/uploads\/2021\/04\/instagram.jpg\" sizes=\"auto, (max-width: 228px) 100vw, 228px\" srcset=\"https:\/\/www.cgt-lkn.org\/wp-content\/uploads\/2021\/04\/instagram.jpg 228w, https:\/\/www.cgt-lkn.org\/wp-content\/uploads\/2021\/04\/instagram-60x58.jpg 60w\" alt=\"\" width=\"228\" height=\"221\" data-rel=\"penci-gallery-image-content\" \/><img loading=\"lazy\" decoding=\"async\" class=\"size-medium wp-image-10811 aligncenter\" src=\"https:\/\/www.cgt-lkn.org\/wp-content\/uploads\/2021\/04\/twitter-300x156.png\" sizes=\"auto, (max-width: 300px) 100vw, 300px\" srcset=\"https:\/\/www.cgt-lkn.org\/wp-content\/uploads\/2021\/04\/twitter-300x156.png 300w, https:\/\/www.cgt-lkn.org\/wp-content\/uploads\/2021\/04\/twitter-60x31.png 60w, https:\/\/www.cgt-lkn.org\/wp-content\/uploads\/2021\/04\/twitter.png 311w\" alt=\"\" width=\"300\" height=\"156\" \/><\/a><\/p>\n<p>&nbsp;<\/p>\n<div class=\"pf-content\">\n<p><a href=\"https:\/\/www.cgt-lkn.org\/pagina-ejemplo\/afiliate\"><img loading=\"lazy\" decoding=\"async\" class=\"size-medium wp-image-93 aligncenter\" src=\"https:\/\/www.cgt-lkn.org\/bizkaia\/teneco\/files\/2023\/01\/directos-al-corazon-del-sistema-afiliate-cgt.jpg\" alt=\"\" width=\"189\" height=\"267\" \/><\/a><\/p>\n<\/div>\n<div class=\"printfriendly pf-button pf-button-content pf-alignleft\"><a title=\"Printer Friendly, PDF &amp; Email\" href=\"https:\/\/www.cgt-lkn.org\/blog\/archivos\/15147#\" rel=\"nofollow\"><img decoding=\"async\" class=\"pf-button-img\" src=\"https:\/\/cdn.printfriendly.com\/icons\/printfriendly-icon-md.png\" alt=\"Print Friendly, PDF &amp; Email\" \/><span id=\"printfriendly-text2\" class=\"pf-button-text\">Prnt \/ PDF<\/span><\/a><\/div>\n<div class=\"addtoany_share_save_container addtoany_content addtoany_content_bottom\">\n<div class=\"addtoany_header\">Comparte:<\/div>\n<\/div>\n","protected":false},"excerpt":{"rendered":"<p><strong>\u00bfSab\u00edas que\u2026<\/strong>\u00a0\u2013 el Estado espa\u00f1ol es el \u00fanico pa\u00eds occidental donde una entidad empresarial como es la Mutua tiene el poder de decidir inicialmente si una lesi\u00f3n o enfermedad tiene o no, el car\u00e1cter de laboral? \u2013 las Mutuas ocultan el origen laboral y minimizan la gravedad de la mayor parte de las enfermedades o accidentes profesionales? \u2013 las Mutuas solamente buscan cuando estamos de baja, la reincorporaci\u00f3n laboral lo antes posible para que seamos m\u00e1s productivos? \u2013 las Mutuas utilizan tratamientos de choque para nuestra r\u00e1pida vuelta trabajo, aunque no sean los m\u00e1s seguros, y realizan pruebas innecesarias frente a otras menos costosas y oportunas? \u2013 menos del 14% de las propuestas de alta de las Mutuas en casos de baja com\u00fan son adecuadas desde un punto de vista cl\u00ednico? \u2013 las Mutuas buscan acceder a nuestro historial cl\u00ednico del sistema p\u00fablico de salud. Esto facilitar\u00e1 el empe\u00f1o de las mutuas de buscar causas extra laborales para negar el origen de m\u00faltiples da\u00f1os derivados del trabajo?<\/p>\n","protected":false},"author":178,"featured_media":1259,"comment_status":"closed","ping_status":"closed","sticky":false,"template":"","format":"standard","meta":{"footnotes":"","_links_to":"","_links_to_target":""},"categories":[18,22,12,4,24],"tags":[152,153],"class_list":["post-1258","post","type-post","status-publish","format-standard","has-post-thumbnail","hentry","category-beriak","category-castellano","category-ekimenak-campanas","category-irakasleak","category-osasuna","tag-mutuas","tag-privatizacion-sanidad"],"publishpress_future_action":{"enabled":false,"date":"2026-05-07 04:05:45","action":"change-status","newStatus":"draft","terms":[],"taxonomy":"category","extraData":[]},"publishpress_future_workflow_manual_trigger":{"enabledWorkflows":[]},"_links":{"self":[{"href":"https:\/\/www.cgt-lkn.org\/bizkaia-hezkuntza\/index.php?rest_route=\/wp\/v2\/posts\/1258","targetHints":{"allow":["GET"]}}],"collection":[{"href":"https:\/\/www.cgt-lkn.org\/bizkaia-hezkuntza\/index.php?rest_route=\/wp\/v2\/posts"}],"about":[{"href":"https:\/\/www.cgt-lkn.org\/bizkaia-hezkuntza\/index.php?rest_route=\/wp\/v2\/types\/post"}],"author":[{"embeddable":true,"href":"https:\/\/www.cgt-lkn.org\/bizkaia-hezkuntza\/index.php?rest_route=\/wp\/v2\/users\/178"}],"replies":[{"embeddable":true,"href":"https:\/\/www.cgt-lkn.org\/bizkaia-hezkuntza\/index.php?rest_route=%2Fwp%2Fv2%2Fcomments&post=1258"}],"version-history":[{"count":1,"href":"https:\/\/www.cgt-lkn.org\/bizkaia-hezkuntza\/index.php?rest_route=\/wp\/v2\/posts\/1258\/revisions"}],"predecessor-version":[{"id":1260,"href":"https:\/\/www.cgt-lkn.org\/bizkaia-hezkuntza\/index.php?rest_route=\/wp\/v2\/posts\/1258\/revisions\/1260"}],"wp:featuredmedia":[{"embeddable":true,"href":"https:\/\/www.cgt-lkn.org\/bizkaia-hezkuntza\/index.php?rest_route=\/wp\/v2\/media\/1259"}],"wp:attachment":[{"href":"https:\/\/www.cgt-lkn.org\/bizkaia-hezkuntza\/index.php?rest_route=%2Fwp%2Fv2%2Fmedia&parent=1258"}],"wp:term":[{"taxonomy":"category","embeddable":true,"href":"https:\/\/www.cgt-lkn.org\/bizkaia-hezkuntza\/index.php?rest_route=%2Fwp%2Fv2%2Fcategories&post=1258"},{"taxonomy":"post_tag","embeddable":true,"href":"https:\/\/www.cgt-lkn.org\/bizkaia-hezkuntza\/index.php?rest_route=%2Fwp%2Fv2%2Ftags&post=1258"}],"curies":[{"name":"wp","href":"https:\/\/api.w.org\/{rel}","templated":true}]}}