{"id":1198,"date":"2022-11-28T19:38:36","date_gmt":"2022-11-28T18:38:36","guid":{"rendered":"https:\/\/www.cgt-lkn.org\/bizkaia\/hezkuntza\/?p=1198"},"modified":"2024-04-16T19:35:06","modified_gmt":"2024-04-16T17:35:06","slug":"1198","status":"publish","type":"post","link":"https:\/\/www.cgt-lkn.org\/bizkaia-hezkuntza\/?p=1198","title":{"rendered":"CGT se convierte en el sindicato mayoritario en huelgas en toda Espa\u00f1a, seg\u00fan datos del Ministerio de Trabajo"},"content":{"rendered":"<p><strong>La organizaci\u00f3n anarcosindicalista moviliz\u00f3 a casi el 60 % del total de huelguistas<\/strong><\/p>\n<p><strong>En estas huelgas participaron un 600 % m\u00e1s de personas trabajadoras que en las convocadas por los sindicatos CC.OO. y UGT<\/strong><\/p>\n<p>La Confederaci\u00f3n General del Trabajo (CGT) ha realizado un an\u00e1lisis sobre las convocatorias y participaci\u00f3n de personas trabajadoras en las diferentes huelgas convocadas a lo largo del 2021. Los datos del Ministerio de Trabajo muestran que la CGT fue el primer sindicato en jornadas de huelgas convocadas y el primer sindicato en participantes en huelgas.<\/p>\n<p><img loading=\"lazy\" decoding=\"async\" class=\" wp-image-22915 aligncenter\" src=\"https:\/\/www.cgt-lkn.org\/wp-content\/uploads\/2022\/11\/6-de-cada-10-personas-secundas-las-huelgas-huelgas-de-CGT-238x300.jpg\" alt=\"\" width=\"343\" height=\"432\" \/><\/p>\n<p>De este modo, el porcentaje de participantes en huelgas de CGT se sit\u00faa en un 59\u201963% mientras que en las huelgas convocadas por delegados y delegadas sindicales o Comit\u00e9s de Empresa el porcentaje es del 18\u201981 %, en las convocadas por CC.OO. del 5\u201904 %, en las de UGT el 4\u201918 %, en las de ELA el 1\u201952 %, en las de CIG el 0\u201991 % y en las de USO el 0\u201978 %.<\/p>\n<p>Adem\u00e1s, las convocatorias de huelgas llevadas a cabo por CGT han supuesto el 29\u201915 % del total de jornadas no trabajadas, situ\u00e1ndose por detr\u00e1s las de delegados y delegadas o Comit\u00e9s de Empresa (20,97%), la de CCOO (8,55%), las de UGT (6,35%), las de ELA (3,09%), las de\u00a0 USO (1,56%) y las de CIG (1,36%).<\/p>\n<p>CGT considera que es bastante relevante y significativo que en estas huelgas participar\u00e1n un 600 % m\u00e1s de personas trabajadoras en comparaci\u00f3n con las dos centrales sindicales mayoritarias del Estado espa\u00f1ol, ambas con una representaci\u00f3n veinte veces mayor que la anarcosindicalista.<\/p>\n<p><img loading=\"lazy\" decoding=\"async\" class=\"wp-image-22916 aligncenter\" src=\"https:\/\/www.cgt-lkn.org\/wp-content\/uploads\/2022\/11\/cgt-sindicato-que-organiza-mas-huelgas-238x300.jpg\" alt=\"\" width=\"403\" height=\"508\" \/><\/p>\n<p>CGT recalca que gracias a estas huelgas, \u00a0la clase trabajadora que se moviliz\u00f3 a trav\u00e9s de ellas logr\u00f3 importantes mejoras en sus condiciones laborales, como en la huelga indefinida del Servicio de Emergencias del 112 en Catalunya, en la huelga del Servicio del 061 en Catalunya, la huelga del Servicio de Correos en Sabadell, la huelga del Servicio de Limpiezas de Valls (Tarragona), la huelga del centro de tratamiento de residuos en Abajas (Burgos), la huelga de la f\u00e1brica Frenos y Conjuntos de Valladolid o la huelga de RENFE en M\u00e1laga.<\/p>\n<p>CGT ha sido una de las organizaciones de trabajadores y trabajadoras que m\u00e1s ha crecido en capacidad de movilizaci\u00f3n en el Estado espa\u00f1ol durante los \u00faltimos a\u00f1os, incluso en momentos de crisis, como as\u00ed lo demuestra tambi\u00e9n su presencia y acci\u00f3n en todas las provincias de Espa\u00f1a. Desde CGT consideran que este hecho viene a corroborar que el modelo sindical que defiende, basado en la solidaridad, el apoyo mutuo y la acci\u00f3n directa en cuanto a la participaci\u00f3n y resoluci\u00f3n de conflictos, funciona y es \u00fatil a la clase trabajadora que decide organizarse contra los abusos del capital, el empresariado y las pol\u00edticas neoliberales del Estado.<\/p>\n<p><a href=\"https:\/\/t.me\/HezkuntzaCGT_LKN\"><img loading=\"lazy\" decoding=\"async\" class=\"size-medium wp-image-914 aligncenter\" src=\"https:\/\/www.cgt-lkn.org\/wp-content\/uploads\/sites\/19\/2020\/11\/telegram-CGT-Hezkuntza-300x219.jpg\" alt=\"\" width=\"300\" height=\"219\" srcset=\"https:\/\/www.cgt-lkn.org\/bizkaia-hezkuntza\/wp-content\/uploads\/sites\/19\/2020\/11\/telegram-CGT-Hezkuntza-300x219.jpg 300w, https:\/\/www.cgt-lkn.org\/bizkaia-hezkuntza\/wp-content\/uploads\/sites\/19\/2020\/11\/telegram-CGT-Hezkuntza.jpg 473w\" sizes=\"auto, (max-width: 300px) 100vw, 300px\" \/><\/a><\/p>\n<h3 style=\"text-align: center;\"><a href=\"https:\/\/www.cgt-lkn.org\/afiliar\/public\/#!\/\">AFILIATE<\/a><\/h3>\n<p><a href=\"https:\/\/www.cgt-lkn.org\/afiliar\/public\/#!\/\"><img loading=\"lazy\" decoding=\"async\" class=\"aligncenter wp-image-18246\" src=\"https:\/\/www.cgt-lkn.org\/wp-content\/uploads\/2019\/04\/cgt_bbva_GRAF_SIGLAS_CON_SLOGAN_10102013-morado.jpg\" alt=\"\" width=\"484\" height=\"158\" \/><\/a><\/p>\n<p>&nbsp;<\/p>\n<p style=\"text-align: center;\"><span style=\"font-size: 14pt;\"><strong>Para recibir las noticias \u00fanete a nuestro canal de <a href=\"https:\/\/t.me\/cgtlknbizkaia\" target=\"_blank\" rel=\"noopener\">Telegram<\/a><\/strong><\/span><\/p>\n<p>&nbsp;<\/p>\n<p><a href=\"https:\/\/www.youtube.com\/user\/cgtbizkaia\" target=\"_blank\" rel=\"noopener\"><img loading=\"lazy\" decoding=\"async\" class=\"aligncenter size-full wp-image-21708\" src=\"https:\/\/www.cgt-lkn.org\/wp-content\/uploads\/3021\/01\/Youtube-CGT-Bizkaia.jpg\" alt=\"\" width=\"180\" height=\"180\" \/><\/a><\/p>\n<p style=\"text-align: center;\"><strong><a href=\"https:\/\/www.cgt-lkn.org\/afiliar\/public\/#!\/\">AF\u00cdLIATE!!<\/a><\/strong><\/p>\n","protected":false},"excerpt":{"rendered":"<p><strong>La organizaci\u00f3n anarcosindicalista moviliz\u00f3 a casi el 60 % del total de huelguistas<\/strong><\/p>\n<p><strong>En estas huelgas participaron un 600 % m\u00e1s de personas trabajadoras que en las convocadas por los sindicatos CC.OO. y UGT<\/strong><\/p>\n","protected":false},"author":6,"featured_media":1201,"comment_status":"closed","ping_status":"closed","sticky":false,"template":"","format":"standard","meta":{"footnotes":"","_links_to":"","_links_to_target":""},"categories":[18,22],"tags":[61],"class_list":["post-1198","post","type-post","status-publish","format-standard","has-post-thumbnail","hentry","category-beriak","category-castellano","tag-cgt"],"publishpress_future_action":{"enabled":false,"date":"2026-05-07 04:01:29","action":"change-status","newStatus":"draft","terms":[],"taxonomy":"category","extraData":[]},"publishpress_future_workflow_manual_trigger":{"enabledWorkflows":[]},"_links":{"self":[{"href":"https:\/\/www.cgt-lkn.org\/bizkaia-hezkuntza\/index.php?rest_route=\/wp\/v2\/posts\/1198","targetHints":{"allow":["GET"]}}],"collection":[{"href":"https:\/\/www.cgt-lkn.org\/bizkaia-hezkuntza\/index.php?rest_route=\/wp\/v2\/posts"}],"about":[{"href":"https:\/\/www.cgt-lkn.org\/bizkaia-hezkuntza\/index.php?rest_route=\/wp\/v2\/types\/post"}],"author":[{"embeddable":true,"href":"https:\/\/www.cgt-lkn.org\/bizkaia-hezkuntza\/index.php?rest_route=\/wp\/v2\/users\/6"}],"replies":[{"embeddable":true,"href":"https:\/\/www.cgt-lkn.org\/bizkaia-hezkuntza\/index.php?rest_route=%2Fwp%2Fv2%2Fcomments&post=1198"}],"version-history":[{"count":2,"href":"https:\/\/www.cgt-lkn.org\/bizkaia-hezkuntza\/index.php?rest_route=\/wp\/v2\/posts\/1198\/revisions"}],"predecessor-version":[{"id":1200,"href":"https:\/\/www.cgt-lkn.org\/bizkaia-hezkuntza\/index.php?rest_route=\/wp\/v2\/posts\/1198\/revisions\/1200"}],"wp:featuredmedia":[{"embeddable":true,"href":"https:\/\/www.cgt-lkn.org\/bizkaia-hezkuntza\/index.php?rest_route=\/wp\/v2\/media\/1201"}],"wp:attachment":[{"href":"https:\/\/www.cgt-lkn.org\/bizkaia-hezkuntza\/index.php?rest_route=%2Fwp%2Fv2%2Fmedia&parent=1198"}],"wp:term":[{"taxonomy":"category","embeddable":true,"href":"https:\/\/www.cgt-lkn.org\/bizkaia-hezkuntza\/index.php?rest_route=%2Fwp%2Fv2%2Fcategories&post=1198"},{"taxonomy":"post_tag","embeddable":true,"href":"https:\/\/www.cgt-lkn.org\/bizkaia-hezkuntza\/index.php?rest_route=%2Fwp%2Fv2%2Ftags&post=1198"}],"curies":[{"name":"wp","href":"https:\/\/api.w.org\/{rel}","templated":true}]}}